{"id":5846,"date":"2024-02-02T17:43:26","date_gmt":"2024-02-02T16:43:26","guid":{"rendered":"https:\/\/btm.sk\/WP\/?p=5846"},"modified":"2024-02-02T17:43:27","modified_gmt":"2024-02-02T16:43:27","slug":"bud-sam-sebou","status":"publish","type":"post","link":"https:\/\/btm.sk\/WP\/2024\/02\/02\/bud-sam-sebou\/","title":{"rendered":"BU\u010e S\u00c1M SEBOU!"},"content":{"rendered":"<p class=\"western\"><span style=\"font-family: Arial, sans-serif;\">V posledn\u00fdch t\u00fd\u017ed\u0148och a mesiacoch sme svedkami toho, ako predstavitelia vl\u00e1dy menili a menia svoju r\u00e9toriku, rozhodnutia \u010di postoje k r\u00f4znym d\u00f4le\u017eit\u00fdm udalostiam a faktom a to \u010dasto pod\u013ea toho, ak\u00e9 reakcie na soci\u00e1lnych sie\u0165ach, v m\u00e9di\u00e1ch a v \u013eu\u010foch ich predch\u00e1dzaj\u00face vyhl\u00e1senia vyvolali. Niekedy to vyzer\u00e1, ako by ich t\u00edmy ani neh\u013eadali to, \u010do by probl\u00e9my vyrie\u0161ili, ale sk\u00f4r to, \u010do zv\u00fd\u0161i ich popularitu.<\/span><\/p>\n\n\n<!--more-->\n\n\n\n\n\n<p>M\u00f4\u017eeme sa nad t\u00fdm pohor\u0161i\u0165, av\u0161ak ak sme \u00faprimn\u00ed, mus\u00edme prizna\u0165, \u017ee aj my \u010dasto prisp\u00f4sobujeme svoje rozhodovanie a konanie o\u010dak\u00e1van\u00fdm reakci\u00e1m. Aj za cenu toho, \u017ee potom nerob\u00edme to, \u010do by sme chceli alebo \u010do pova\u017eujeme za spr\u00e1vne. A pritom si radi nahov\u00e1rame, ak\u00ed sme samostatn\u00ed a nez\u00e1visl\u00ed, a sme ve\u013emi citliv\u00ed, ke\u010f niekto na\u0161u slobodu obmedzuje alebo n\u00e1m dokonca hovor\u00ed, \u010do m\u00e1me a \u010do nem\u00e1me robi\u0165. Aj tieto postoje vyhrotila napr. ned\u00e1vna pandemick\u00e1 situ\u00e1cia. Jej symbolom sa stali ochrann\u00e9 prostriedky \u010dasto ozna\u010dovan\u00e9 ako n\u00e1hubok, ktor\u00fd si mnoh\u00ed odmietali nasadi\u0165. Akoby nez\u00e1vislos\u0165 a sloboda znamenali nenecha\u0165 sa nik\u00fdm a ni\u010d\u00edm obmedzova\u0165 a robi\u0165 si, \u010do chcem. &nbsp;<\/p>\n\n\n\n<p>Touto \u00favahou nechcem smerova\u0165 k hodnoteniu zmysluplnosti vl\u00e1dnych opatren\u00ed, ani k debate o r\u00fa\u0161kach. Len chcem, aby sme pozorovali svoje vlastn\u00e9 reakcie v tak\u00fdchto mimoriadnych a n\u00e1ro\u010dn\u00fdch situ\u00e1ci\u00e1ch. M\u00f4\u017eu dobre poodhali\u0165, pod\u013ea \u010doho sa skuto\u010dne rozhodujem, ak\u00e9 s\u00fa hlb\u0161ie motiv\u00e1cie m\u00f4jho konania, v \u010dom som slobodn\u00fd a v \u010dom nie, a ako vlastne slobodu a nez\u00e1vislos\u0165 ch\u00e1pem.&nbsp;<\/p>\n\n\n\n<p>In\u0161pir\u00e1ciou mi m\u00f4\u017ee by\u0165 postoj apo\u0161tola Pavla: str\u00e1\u017ei si svoju nez\u00e1vislos\u0165, aby ho nie\u010d\u00ed vplyv neodviedol od jeho \u00falohy hl\u00e1sa\u0165 evanjelium alebo zviedol na cestu niekomu sa zap\u00e1\u010di\u0165. T\u00e1to nez\u00e1vislos\u0165 ho v\u0161ak nevedie k pov\u00fd\u0161enosti, ale, naopak, d\u00e1va mu slobodu sta\u0165 sa slu\u017eobn\u00edkom v\u0161etk\u00fdch a by\u0165 aj slab\u00fdm a nez\u00e1visl\u00fdm od \u00faspechu \u010di ne\u00faspechu. Slobodu a silu mu d\u00e1va poznanie Je\u017ei\u0161a a vedomie poslania, ktor\u00e9 mu Kristus zveril.&nbsp;<\/p>\n\n\n\n<p>(P. Semela)<\/p>\n","protected":false},"excerpt":{"rendered":"<p>V posledn\u00fdch t\u00fd\u017ed\u0148och a mesiacoch sme svedkami toho, ako predstavitelia vl\u00e1dy menili a menia svoju r\u00e9toriku, rozhodnutia \u010di postoje k r\u00f4znym d\u00f4le\u017eit\u00fdm udalostiam a faktom a to \u010dasto pod\u013ea toho, ak\u00e9 reakcie na soci\u00e1lnych sie\u0165ach, v m\u00e9di\u00e1ch a v \u013eu\u010foch ich predch\u00e1dzaj\u00face vyhl\u00e1senia vyvolali. Niekedy to vyzer\u00e1, ako by ich t\u00edmy ani neh\u013eadali to, \u010do [&hellip;]<\/p>\n","protected":false},"author":2,"featured_media":0,"comment_status":"closed","ping_status":"closed","sticky":false,"template":"","format":"standard","meta":[],"categories":[11,146],"tags":[],"_links":{"self":[{"href":"https:\/\/btm.sk\/WP\/wp-json\/wp\/v2\/posts\/5846"}],"collection":[{"href":"https:\/\/btm.sk\/WP\/wp-json\/wp\/v2\/posts"}],"about":[{"href":"https:\/\/btm.sk\/WP\/wp-json\/wp\/v2\/types\/post"}],"author":[{"embeddable":true,"href":"https:\/\/btm.sk\/WP\/wp-json\/wp\/v2\/users\/2"}],"replies":[{"embeddable":true,"href":"https:\/\/btm.sk\/WP\/wp-json\/wp\/v2\/comments?post=5846"}],"version-history":[{"count":1,"href":"https:\/\/btm.sk\/WP\/wp-json\/wp\/v2\/posts\/5846\/revisions"}],"predecessor-version":[{"id":5847,"href":"https:\/\/btm.sk\/WP\/wp-json\/wp\/v2\/posts\/5846\/revisions\/5847"}],"wp:attachment":[{"href":"https:\/\/btm.sk\/WP\/wp-json\/wp\/v2\/media?parent=5846"}],"wp:term":[{"taxonomy":"category","embeddable":true,"href":"https:\/\/btm.sk\/WP\/wp-json\/wp\/v2\/categories?post=5846"},{"taxonomy":"post_tag","embeddable":true,"href":"https:\/\/btm.sk\/WP\/wp-json\/wp\/v2\/tags?post=5846"}],"curies":[{"name":"wp","href":"https:\/\/api.w.org\/{rel}","templated":true}]}}