{"id":5686,"date":"2023-11-01T21:10:51","date_gmt":"2023-11-01T20:10:51","guid":{"rendered":"https:\/\/btm.sk\/WP\/?p=5686"},"modified":"2023-11-01T21:10:52","modified_gmt":"2023-11-01T20:10:52","slug":"advent-kedysi-a-dnes","status":"publish","type":"post","link":"https:\/\/btm.sk\/WP\/2023\/11\/01\/advent-kedysi-a-dnes\/","title":{"rendered":"ADVENT KEDYSI A DNES"},"content":{"rendered":"<p class=\"western\" style=\"text-align: left;\" align=\"justify\"><span style=\"font-family: Arial, sans-serif;\"><span style=\"font-size: medium;\"><span lang=\"sk-SK\">Vyrastal som v dobe, ktor\u00e1 pr\u00edli\u0161 nepriala kres\u0165ansk\u00fdm symbolom. Na Ve\u013ek\u00fa noc sme v \u0161kole ma\u013eovali vaj\u00ed\u010dka ako symbol jari, v zime sme zasa na \u0161kolskej chodbe ozdobovali strom\u010dek ako symbol zimy a spolo\u010dn\u00fdm spevom v\u00edtali Deda Mr\u00e1za.<\/span><\/span><\/span><\/p>\n\n\n<!--more-->\n\n\n<p class=\"western\" style=\"text-align: left;\" align=\"justify\"><span style=\"font-family: Arial, sans-serif;\"><span style=\"font-size: medium;\"><span lang=\"sk-SK\">\u017diadne kr\u00ed\u017ee \u010di Betlehem a rovnako zo spolo\u010densk\u00e9ho \u017eivota zmizli obdobia, ktor\u00e9 spolo\u010dnos\u0165 v\u00f4bec neregistrovala. Tak\u00fdm bol aj advent. Nikde o \u0148om ani slova. Po\u010dul som o \u0148om iba v kostole, kde sa o \u0148om hovorilo ako o \u201etichom adventnom \u010dase\u201c. \u017diadne vence \u010di svie\u010dky na verejn\u00fdch miestach alebo v telev\u00edzii. Zato v\u0161ak prib\u00fadala viano\u010dn\u00e1 v\u00fdzdoba, farebn\u00e9 sveteln\u00e9 re\u0165aze vo v\u00fdkladoch obchodov a strom\u010deky v dom\u00e1cnostiach, kde \u013eudia nechceli \u010daka\u0165 do Vianoc. Niektor\u00ed moji spolu\u017eiaci sa tak u\u017e v polovici decembra te\u0161ili zo strom\u010deka a ja som nech\u00e1pala, pre\u010do Je\u017ei\u0161ko niekde prinesie strom\u010dek u\u017e v takomto predstihu&#8230;<\/span><\/span><\/span><\/p>\n<p class=\"western\" style=\"text-align: left;\" align=\"justify\"><span style=\"font-family: Arial, sans-serif;\"><span style=\"font-size: medium;\"><span lang=\"sk-SK\">U n\u00e1s to tak nikdy nebolo. Na strom\u010dek a dar\u010deky sme so sestrou museli \u010daka\u0165 a\u017e do chv\u00edle, ke\u010f sa na \u0160tedr\u00fd ve\u010der skon\u010dili slu\u017eby Bo\u017eie a my sme sa pote\u0161en\u00ed biblickou zves\u0165ou vr\u00e1tili domov. A\u017e potom sa otvorili dovtedy zamknut\u00e9 dvere na ob\u00fdva\u010dke a my sme sa mohli odda\u0165 pravej viano\u010dnej radosti. T\u00e1 n\u00e1m bola odmenou za \u00famorn\u00e9 \u010dakanie. A veru to nebolo \u010dakanie jednoduch\u00e9. \u010c\u00edm viac sa bl\u00ed\u017eili Vianoce, t\u00fdm netrpezlivej\u0161ie sme boli. Do kalend\u00e1ra sme si p\u00edsali, ko\u013eko dn\u00ed e\u0161te ost\u00e1va do Vianoc, d\u00f4kladne sme v\u0161etko upratovali, u\u010dili sa b\u00e1sni\u010dky, ktor\u00e9 zarecitujeme na sl\u00e1vnostn\u00fdch slu\u017eb\u00e1ch Bo\u017e\u00edch.<\/span><\/span><\/span><\/p>\n<p class=\"western\" style=\"text-align: left;\" align=\"justify\"><span style=\"font-family: Arial, sans-serif;\"><span style=\"font-size: medium;\"><span lang=\"sk-SK\">Ke\u010f sa dnes vraciam k t\u00fdm \u010dasom, uvedomujem si, \u017ee to vlastne bol advent ako m\u00e1 by\u0165, aj ke\u010f nehoreli sviece na adventnom venci. Ve\u010f advent je o\u010dak\u00e1vanie a pr\u00edprava. A presne to sme robili. \u010cakali sme a pripravovali sa. Na\u0161a trpezlivos\u0165 bola poriadne sk\u00fa\u0161an\u00e1, no nebola skr\u00e1ten\u00e1 ani o jeden de\u0148. Na\u0161i rodi\u010dia neozdobili strom\u010dek sk\u00f4r, aby sme nemuseli \u010daka\u0165. V\u00f4bec nie. Museli sme vydr\u017ea\u0165 a dnes vid\u00edm, \u017ee to \u010dakanie bolo asi na tom v\u0161etkom to najkraj\u0161ie. \u010c\u00edm viac sme toti\u017e \u010dakali na Vianoce, \u010d\u00edm viac bola napnut\u00e1 struna na\u0161ej trpezlivosti, t\u00fdm slad\u0161ia bola potom odmena, t\u00fdm v\u00e4\u010d\u0161ia rados\u0165, ke\u010f Vianoce naozaj pri\u0161li.<\/span><\/span><\/span><\/p>\n<p class=\"western\" style=\"text-align: left;\" align=\"justify\"><span style=\"font-family: Arial, sans-serif;\"><span style=\"font-size: medium;\"><span lang=\"sk-SK\">Mo\u017eno pr\u00e1ve t\u00e1to priama \u00famernos\u0165 d\u00e1va \u010dloveku skuto\u010dn\u00fa rados\u0165 a mo\u017eno my sa dnes nevieme tak \u00faprimne te\u0161i\u0165 pr\u00e1ve preto, \u017ee sme t\u00fato \u00famernos\u0165 naru\u0161ili. N\u00e1m sa dnes nechce \u010daka\u0165 na ni\u010d. Ak po nie\u010dom zat\u00fa\u017eime, doprajeme si to hne\u010f. Ak si chceme nie\u010do k\u00fapi\u0165, k\u00fapime si to. Ak chceme \u00eds\u0165 na v\u00fdlet, ideme. Pestr\u00e1 ponuka dne\u0161n\u00e9ho sveta a takmer neobmedzen\u00e9 mo\u017enosti n\u00e1m umo\u017e\u0148uj\u00fa z\u00edska\u0165 v\u0161etko, po \u010dom t\u00fa\u017eime a to bez \u010dakania. \u010c\u00edm \u010falej, t\u00fdm viac toho m\u00e1me, a t\u00fdm menej mus\u00edme na nie\u010do \u010daka\u0165. Vlastne my dnes u\u017e asi ani \u010daka\u0165 nedok\u00e1\u017eeme. Ak nie\u010do nem\u00e1me hne\u010f, sme nerv\u00f3zni a m\u00e1me pocit, \u017ee veci sa nevyv\u00edjaj\u00fa spr\u00e1vne. \u010cakanie v\u0161ak patr\u00ed k z\u00e1kladn\u00fdm znakom kres\u0165anov. Boh m\u00e1 in\u00e9 hodinky ako my. U\u017e aj staroz\u00e1konn\u00fd Abrah\u00e1m musel dlho \u010daka\u0165 na splnenie proroctva o synovi Iz\u00e1kovi. Rovnako musel J\u00e1kob \u010daka\u0165 na vysn\u00edvan\u00fa Rebeku, Izrael na vyslobodenie z Egypta&#8230; Ke\u010f \u010d\u00edtame Bibliu, odohr\u00e1vaj\u00fa sa pred na\u0161imi o\u010dami biblick\u00e9 udalosti tak, ako keby plynuli v \u010dase rovnomerne a \u013eahko. \u010casto ani v\u00f4bec nevn\u00edmame tie obrovsk\u00e9 \u010dasov\u00e9 medzery, ktor\u00e9 medzi jednotliv\u00fdmi pr\u00edbehmi alebo dokonca v r\u00e1mci jedn\u00e9ho pr\u00edbehu, s\u00fa. To je \u0161koda. Viac by sme si uvedomovali, ak\u00ed museli by\u0165 patriarchovia, Izraelci \u010di sudcovia trpezliv\u00ed. A to ani nehovor\u00edm o zas\u013e\u00fabenom Mesi\u00e1\u0161ovi. Jeho pr\u00edchod predpovedal u\u017e Izai\u00e1\u0161 a trvalo st\u00e1ro\u010dia, k\u00fdm naozaj pri\u0161iel v Je\u017ei\u0161ovi Kristovi.<\/span><\/span><\/span><\/p>\n<p class=\"western\" style=\"text-align: left;\" align=\"justify\"><span style=\"font-family: Arial, sans-serif;\"><span style=\"font-size: medium;\"><span lang=\"sk-SK\">My dnes na sviatok Jeho pr\u00edchodu \u010dak\u00e1me len p\u00e1r t\u00fd\u017ed\u0148ov. To \u010dakanie v\u0161ak m\u00e1 svoj v\u00fdznam. M\u00e1 n\u00e1s precvi\u010di\u0165 v d\u00f4vere, m\u00e1 n\u00e1m uk\u00e1za\u0165 ten kontrast \u017eivota predt\u00fdm a potom, m\u00e1 n\u00e1s pripravi\u0165 na Jeho pr\u00edchod, m\u00e1 n\u00e1s spr\u00e1vne naladi\u0165, aby sme potom Jeho pr\u00edchod pre\u017eili s o to v\u00e4\u010d\u0161ou rados\u0165ou. Polo\u017eme si v\u0161ak ot\u00e1zku, \u010di my dnes v\u00f4bec dok\u00e1\u017eeme vn\u00edma\u0165 advent ako obdobie \u010dakania.<\/span><\/span><\/span><\/p>\n<p class=\"western\" style=\"text-align: left;\" align=\"justify\"><span style=\"font-family: Arial, sans-serif;\"><span style=\"font-size: medium;\"><span lang=\"sk-SK\">Ke\u010f som hovorila o tom, ako sme so sestrou netrpezlivo \u010dakali na Vianoce, bolo jedn\u00fdm zo sprievodn\u00fdch znakov n\u00e1\u0161ho \u010dakania pr\u00e1ve to, \u017ee sme na bl\u00ed\u017eiace sa Vianoce st\u00e1le mysleli. R\u00e1no sme sa zob\u00fadzali s ot\u00e1zkou \u201eko\u013eko dn\u00ed e\u0161te ost\u00e1va\u201c a ve\u010der zasp\u00e1vali s vedom\u00edm, \u017ee sme pre\u010dkali \u010fal\u0161\u00ed de\u0148. Ak nie\u010do naozaj netrpezlivo \u010dak\u00e1me, tak to zamestn\u00e1va na\u0161u myse\u013e, po\u010d\u00edtame dni, te\u0161\u00edme sa. Pre\u017e\u00edvame takto aj advent? R\u00e1tame dni do Vianoc? Mysl\u00edme r\u00e1no alebo ve\u010der na to, ko\u013eko dn\u00ed e\u0161te ost\u00e1va? Nie kv\u00f4li dar\u010dekom, ale kv\u00f4li pr\u00edchodu P\u00e1na Je\u017ei\u0161a?<\/span><\/span><\/span><\/p>\n<p class=\"western\" style=\"text-align: left;\" align=\"justify\"><span style=\"font-family: Arial, sans-serif;\"><span style=\"font-size: medium;\"><span lang=\"sk-SK\">Zodpovedanie t\u00fdchto ot\u00e1zok n\u00e1m mo\u017eno pom\u00f4\u017ee ujasni\u0165 si, \u010di je pre n\u00e1s advent e\u0161te st\u00e1le t\u00fdm, \u010d\u00edm m\u00e1 by\u0165, teda obdob\u00edm \u010dakania a pr\u00edprav, alebo \u010di sme u\u017e tak nastaven\u00ed na svoje starosti a povinnosti, \u017ee na nejak\u00e9 \u010dakanie ani nem\u00e1me \u010das. Aj to sa st\u00e1va. Niektor\u00fdm \u013eu\u010fom utekaj\u00fa dni tak r\u00fdchlo, \u017ee si ani nestihn\u00fa v\u0161imn\u00fa\u0165, \u017ee s\u00fa u\u017e Vianoce. D\u00e1 sa v\u0161ak v takom pr\u00edpade hovori\u0165 o \u010dakan\u00ed? D\u00e1 sa hovori\u0165 o advente?<\/span><\/span><\/span><\/p>\n<p class=\"western\" style=\"text-align: left;\" align=\"justify\"><span style=\"font-family: Arial, sans-serif;\"><span style=\"font-size: medium;\"><span lang=\"sk-SK\">P\u00edsmo sv\u00e4t\u00e9 n\u00e1s aj dnes nab\u00e1da k trpezlivosti. Ak zas\u013e\u00faben\u00fd Mesi\u00e1\u0161 pri\u0161iel a svet Ho spoznal v Je\u017ei\u0161ovi Kristovi, neznamen\u00e1 to, \u017ee u\u017e v\u0161etko bolo a niet na \u010do \u010daka\u0165. Pr\u00e1ve naopak. P\u00e1n Je\u017ei\u0161 predsa zas\u013e\u00fabil, \u017ee pr\u00edde znova a kres\u0165ania tak st\u00e1le o\u010dak\u00e1vaj\u00fa Jeho druh\u00fd pr\u00edchod a pre\u017e\u00edvaj\u00fa teda druh\u00fd advent. Aj medzi nimi sa v\u0161ak n\u00e1jdu tak\u00ed, ktor\u00ed pre svoje vlastn\u00e9 starosti na \u010dakanie nemaj\u00fa ve\u013emi \u010das a pr\u00edchod P\u00e1na Je\u017ei\u0161a ve\u013emi nerie\u0161ia. Tak\u00ed ani nepotrebuj\u00fa by\u0165 trpezliv\u00ed, preto\u017ee vlastne ani ne\u010dakaj\u00fa. My v\u0161ak m\u00e1me \u010daka\u0165 a to s rados\u0165ou a trpezlivos\u0165<\/span><\/span><\/span><\/p>\n<p class=\"western\" style=\"text-align: left;\" align=\"justify\"><span style=\"font-family: Arial, sans-serif;\"><span style=\"font-size: medium;\"><span lang=\"sk-SK\">Kie\u017e je advent, ktor\u00fd sa z Bo\u017eej milosti za\u010dal, skuto\u010dn\u00fdm adventom. Kie\u017e je \u010dasom \u010dakania. Zamestn\u00e1vajme svoju myse\u013e i srdce spr\u00e1vou o pr\u00edchode P\u00e1na Je\u017ei\u0161a, te\u0161me sa na\u0148 \u2013 \u010di u\u017e ten historick\u00fd vo Vianociach alebo druh\u00fd v bud\u00facnosti \u2013 a bu\u010fme vo svojom \u010dakan\u00ed vern\u00ed, bdel\u00ed i trpezliv\u00ed. O to v\u00e4\u010d\u0161ia bude na\u0161a rados\u0165, ke\u010f o\u010dak\u00e1van\u00e1 hodina nastane. <\/span><\/span><\/span><\/p>\n<p class=\"western\" style=\"text-align: left;\" align=\"justify\"><span style=\"font-family: Arial, sans-serif;\"><span style=\"font-size: medium;\">Pane Je\u017ei\u0161i Kriste, s rados\u0165ou a t\u00fa\u017ebou o\u010dak\u00e1vame Tvoj pr\u00edchod na t\u00fato zem. Ve\u013ea pre n\u00e1s znamen\u00e1, preto\u017ee v \u0148om dost\u00e1vame n\u00e1dej nov\u00e9ho \u017eivota. Kde si Ty, tam prich\u00e1dza svetlo, \u017eivot, pokoj a rados\u0165. Pr\u00ed\u010f, Pane, vst\u00fap do n\u00e1\u0161ho \u017eivota, preb\u00fdvaj s nami! O\u010dak\u00e1vame \u0164a vo sviatkoch Vianoc, pripom\u00ednaj\u00fac si Tvoj pr\u00edchod v Betleheme, no o\u010dak\u00e1vame \u0164a aj v bud\u00facnosti vediac, \u017ee pr\u00edde\u0161 a vezme\u0161 k\u00a0sebe t\u00fdch, \u010do \u0164a miluj\u00fa a \u010dakaj\u00fa. Kie\u017e sme aj my medzi nimi. Amen.<\/span><\/span><\/p>\n<p class=\"western\" style=\"text-align: left;\" align=\"justify\"><span style=\"font-family: Arial, sans-serif;\"><span style=\"font-size: medium;\">Erika Posp\u00ed\u0161ilov\u00e1<\/span><\/span><\/p>\n<p class=\"western\" style=\"text-align: left;\" align=\"justify\"><strong><span style=\"font-family: Arial, sans-serif;\"><span style=\"font-size: medium;\"><span lang=\"sk-SK\"><i>Tak bu\u010fte, bratia, trpezliv\u00ed a\u017e do pr\u00edchodu P\u00e1novho. Ajh\u013ea, ro\u013en\u00edk vy\u010dk\u00e1va vz\u00e1cnu \u00farodu zeme, trpezlivo ju vy\u010dk\u00e1va, a\u017e sa jej dostane jesenn\u00e9ho a jarn\u00e9ho da\u017e\u010fa. Aj vy bu\u010fte trpezliv\u00ed, vzmu\u017ete si srdcia, lebo sa pribl\u00ed\u017eil P\u00e1nov pr\u00edchod! (Jakub 5,7-8)<\/i><\/span><\/span><\/span><\/strong><\/p>","protected":false},"excerpt":{"rendered":"<p>Vyrastal som v dobe, ktor\u00e1 pr\u00edli\u0161 nepriala kres\u0165ansk\u00fdm symbolom. Na Ve\u013ek\u00fa noc sme v \u0161kole ma\u013eovali vaj\u00ed\u010dka ako symbol jari, v zime sme zasa na \u0161kolskej chodbe ozdobovali strom\u010dek ako symbol zimy a spolo\u010dn\u00fdm spevom v\u00edtali Deda Mr\u00e1za.<\/p>\n","protected":false},"author":2,"featured_media":0,"comment_status":"closed","ping_status":"closed","sticky":false,"template":"","format":"standard","meta":[],"categories":[11,146,4,9],"tags":[],"_links":{"self":[{"href":"https:\/\/btm.sk\/WP\/wp-json\/wp\/v2\/posts\/5686"}],"collection":[{"href":"https:\/\/btm.sk\/WP\/wp-json\/wp\/v2\/posts"}],"about":[{"href":"https:\/\/btm.sk\/WP\/wp-json\/wp\/v2\/types\/post"}],"author":[{"embeddable":true,"href":"https:\/\/btm.sk\/WP\/wp-json\/wp\/v2\/users\/2"}],"replies":[{"embeddable":true,"href":"https:\/\/btm.sk\/WP\/wp-json\/wp\/v2\/comments?post=5686"}],"version-history":[{"count":1,"href":"https:\/\/btm.sk\/WP\/wp-json\/wp\/v2\/posts\/5686\/revisions"}],"predecessor-version":[{"id":5687,"href":"https:\/\/btm.sk\/WP\/wp-json\/wp\/v2\/posts\/5686\/revisions\/5687"}],"wp:attachment":[{"href":"https:\/\/btm.sk\/WP\/wp-json\/wp\/v2\/media?parent=5686"}],"wp:term":[{"taxonomy":"category","embeddable":true,"href":"https:\/\/btm.sk\/WP\/wp-json\/wp\/v2\/categories?post=5686"},{"taxonomy":"post_tag","embeddable":true,"href":"https:\/\/btm.sk\/WP\/wp-json\/wp\/v2\/tags?post=5686"}],"curies":[{"name":"wp","href":"https:\/\/api.w.org\/{rel}","templated":true}]}}