{"id":5530,"date":"2023-08-31T13:53:50","date_gmt":"2023-08-31T11:53:50","guid":{"rendered":"https:\/\/btm.sk\/WP\/?p=5530"},"modified":"2023-08-31T13:53:51","modified_gmt":"2023-08-31T11:53:51","slug":"priroda-je-bozi-dar","status":"publish","type":"post","link":"https:\/\/btm.sk\/WP\/2023\/08\/31\/priroda-je-bozi-dar\/","title":{"rendered":"PR\u00cdRODA JE BO\u017d\u00cd DAR"},"content":{"rendered":"<p class=\"western\"><span style=\"font-family: Arial, sans-serif;\">V\u0161etko stvoren\u00e9 n\u00e1m poskytuje priestor na \u017eivot a na pre\u017e\u00edvanie n\u00e1\u0161ho vz\u0165ahu s Bohom.\u00a0 Navy\u0161e, pr\u00edroda vypoved\u00e1 ve\u013ea o svojom P\u00f4vodcovi. <\/span><\/p>\n\n\n<!--more-->\n\n\n<p class=\"western\"><span style=\"font-family: Arial, sans-serif;\">Tvorstvo je tak prv\u00fdm rozpr\u00e1van\u00edm o ve\u013ekosti, moci, vzne\u0161enosti aj l\u00e1ske Bo\u017eej. Cel\u00e9 stvorenie preto treba nielen obdivova\u0165, ale aj re\u0161pektova\u0165 a chr\u00e1ni\u0165.<\/span><\/p>\n\n\n<p><em>Lebo \u010do je nevidite\u013en\u00e9 z Neho, Jeho ve\u010dn\u00e1 moc a bo\u017eskos\u0165, to od stvorenia sveta rozj\u00edman\u00edm m\u00f4\u017eu pozorova\u0165 z Jeho diel&#8230; (R\u00edmskym 1,20)<\/em><\/p>\n\n\n\n<p>Pr\u00edroda je ako kniha &#8211; a t\u00e1to prekr\u00e1sna &#8222;kniha\u201c sa otv\u00e1ra v\u0161etk\u00fdm \u2013 mal\u00fdm aj ve\u013ek\u00fdm.\u00a0V kontakte s pr\u00edrodou nach\u00e1dza \u010dlovek znova svoju spr\u00e1vnu dimenziu:\u00a0znova objavuje s\u00e1m seba ako nepatrn\u00e9, av\u0161ak jedine\u010dn\u00e9 stvorenie,\u00a0ktor\u00e9 sa m\u00f4\u017ee stretn\u00fa\u0165 s Bohom,\u00a0preto\u017ee je vo svojom vn\u00fatri otvoren\u00e9 vo\u010di Nemu. \u010clovek vo svete, ktor\u00fd ho obklopuje, spozn\u00e1va stopy dobra, kr\u00e1sy a Bo\u017eej prozrete\u013enosti a akoby prirodzene sa otv\u00e1ra chv\u00e1le a modlitbe.<\/p>\n\n\n\n<p><strong>Ten, kto si zachov\u00e1 schopnos\u0165 vidie\u0165 kr\u00e1su, nikdy nezostarne. (Gustav Janouch)<\/strong><br><br><strong>Ak zostan\u00fa na\u0161e o\u010di otvoren\u00e9 pre kr\u00e1su Bo\u017eieho stvorenia a na\u0161a myse\u013e pre kr\u00e1su jeho pravdy, m\u00f4\u017eeme skuto\u010dne d\u00fafa\u0165, \u017ee zostaneme mlad\u00ed a \u017ee budeme budova\u0165 svet, ktor\u00fd odr\u00e1\u017ea nie\u010do z onej bo\u017eskej kr\u00e1sy, a t\u00fdm in\u0161pirujeme aj bud\u00face gener\u00e1cie, aby konali podobne. (p\u00e1pe\u017e Benedikt XVI.)\u00a0<\/strong><\/p>\n\n\n\n<p>Ned\u00e1vno som za\u017eil siln\u00fa v\u00edchricu a vtedy som si uvedomil, ak\u00ed sme ako \u013eudia mal\u00ed a ni\u010dotn\u00ed. Nahov\u00e1rame si, \u017ee m\u00f4\u017eeme v\u0161etko robi\u0165 a&nbsp;riadi\u0165. \u017dijeme v il\u00fazii, \u017ee vieme v\u0161etko napl\u00e1nova\u0165 a&nbsp;vopred ur\u010dova\u0165. Av\u0161ak v&nbsp;tak\u00fdchto b\u00farliv\u00fdch d\u0148och dost\u00e1vame opa\u010dn\u00fa lekciu.&nbsp;Zrazu sa c\u00edtime \u00faplne bezmocn\u00ed &#8211; v\u0161etko zlyhalo, nejde elektrina, nek\u00fari sa, nefunguj\u00fa \u010derpadl\u00e1, nejazdia vlaky, lety s\u00fa zru\u0161en\u00e9&#8230; Ke\u010f zlyh\u00e1 modern\u00e1 technika, nastane zm\u00e4tok,&nbsp;nevieme si rady. Sme zranite\u013enej\u0161\u00ed viac, ne\u017e kedyko\u013evek predt\u00fdm.<\/p>\n\n\n\n<p>A predsa m\u00e1 t\u00e1to zranite\u013enos\u0165 aj svoje dobr\u00e9 str\u00e1nky.&nbsp;Pr\u00edroda n\u00e1s toti\u017e m\u00f4\u017ee mnoh\u00e9mu nau\u010di\u0165. Pr\u00edroda je nielen n\u00e1dhern\u00e1, ale aj pln\u00e1 n\u00e1silia a krutosti. Obdivujeme s\u00edce jej kr\u00e1su, av\u0161ak za\u017e\u00edvame taktie\u017e jej moc, ktor\u00e1 n\u00e1s prevy\u0161uje. Potom mus\u00ed pr\u00eds\u0165 na rad pokora, aby sme sami seba ch\u00e1pali len ako s\u00fa\u010das\u0165 stvorenia a&nbsp;nepovy\u0161ovali sa nad neho. V&nbsp;sile pr\u00edrody sa toti\u017e stret\u00e1vam s celkom in\u00fdm Bohom, ktor\u00fd rozb\u00edja v\u0161etky obrazy, ktor\u00e9 som si o \u0148om vytvoril, a n\u00fati ma, aby som sa poddal jeho nesmiernej ve\u013ekosti a moci, ale aj vlo\u017eil do jeho ochrany.<\/p>\n\n\n\n<p>A mus\u00edm sa st\u00ed\u0161i\u0165. Lebo ticho je ve\u013emi potrebn\u00e9 na to, aby sme sa osmelili otvori\u0165 br\u00e1nku do&nbsp;vlastn\u00e9ho srdca. Dodal, \u017ee ticho je ve\u013emi d\u00f4le\u017eit\u00e9, aby sme dok\u00e1zali na\u010d\u00fava\u0165 sebe a dozvedeli sa tak, \u010do sa deje v&nbsp;t\u00fdch najtajnej\u0161\u00edch k\u00fatikoch n\u00e1\u0161ho ja.<\/p>\n\n\n\n<p>M\u00f4j otec ve\u013emi miloval pr\u00edrodu. V\u017edy n\u00e1s viedol k&nbsp;vn\u00edmaniu jej kr\u00e1s. \u201eStromy a kr\u00edky velebia P\u00e1na,\u201c hovorieval n\u00e1m pri na\u0161ich pravideln\u00fdch prech\u00e1dzkach, &#8222;rastliny rast\u00fa smerom hore a t\u00fdm chv\u00e1lia Boha&#8220;. Zomrel v jednu sobotu popoludn\u00ed, ke\u010f pokosil tr\u00e1vu a svoju milovan\u00fa z\u00e1hradu tak pripravil na nede\u013eu. Bol to prekr\u00e1sny de\u0148 zaliaty slnkom. A slnko svietilo aj po\u010das jeho pohrebu a my sme mali pocit, \u017ee mu toto n\u00e1dhern\u00e9 po\u010dasie daroval Boh, aby obr\u00e1til n\u00e1\u0161 poh\u013ead od otcovej smrti ku kr\u00e1se svojho stvorenia, aby sme sa my o\u010dami n\u00e1\u0161ho otca op\u00e4\u0165 pozreli na tento svet, ktor\u00fd je pln\u00fd Boha a ktor\u00fd svoj\u00edm byt\u00edm Boha chv\u00e1li.<\/p>\n\n\n\n<p><strong>Pr\u00edroda je Bo\u017e\u00ed dar<\/strong><\/p>\n\n\n\n<p><em>Kniha pr\u00edrody&nbsp;je v\u00fdnimo\u010dn\u00fd a drahocenn\u00fd&nbsp;Bo\u017e\u00ed dar ka\u017ed\u00e9mu \u010dloveku. Je to obrazn\u00fd sp\u00f4sob re\u010di, ktor\u00fd Boh pou\u017e\u00edva,&nbsp;aby n\u00e1m pomohol pozn\u00e1va\u0165 aj z\u00e1konitosti n\u00e1\u0161ho srdca.<\/em><\/p>\n\n\n\n<p>Ak dok\u00e1\u017eeme uva\u017eova\u0165 o&nbsp;tom, \u010do sme v pr\u00edrode vypozorovali, naraz\u00edme na m\u00fadros\u0165, ktor\u00e1 z n\u00e1\u0161ho putovania k&nbsp;ve\u010dnosti urob\u00ed mimoriadne pekn\u00fa cestu. S\u00e1m Duch Sv\u00e4t\u00fd n\u00e1s u\u010d\u00ed v\u0161\u00edma\u0165 si v knihe pr\u00edrody procesy a pravidl\u00e1, ktor\u00e9 s\u00fa sugest\u00edvnymi obrazmi a&nbsp;pom\u00e1haj\u00fa n\u00e1m pochopi\u0165 aj to, \u010do sa odohr\u00e1va vo svete \u013eudsk\u00e9ho ducha.<\/p>\n\n\n\n<p>Vn\u00edmavos\u0165 kr\u00e1s pr\u00edrody a&nbsp;m\u00fadrosti, ktor\u00e1 je v nej ukryt\u00e1, je vroden\u00e1 ka\u017ed\u00e9mu \u010dloveku. Dostali sme ju ako v\u00fdbavu srdca, ke\u010f sme svoj\u00edm naroden\u00edm vst\u00fapili do tohto sveta. O t\u00fato schopnos\u0165 v\u0161ak m\u00f4\u017eeme pr\u00eds\u0165, ke\u010f sa od Boha vz\u010fa\u013eujeme.<\/p>\n\n\n\n<p>V knihe pr\u00edrody listovali v\u0161etci, ktor\u00ed h\u013eadali Bo\u017eiu m\u00fadros\u0165 prost\u00fdm srdcom. Na nej vysvet\u013eovali a v\u010faka nej pozn\u00e1vali \u010dasto \u0165a\u017eko op\u00edsate\u013en\u00e9 z\u00e1le\u017eitosti \u013eudsk\u00e9ho bytia. Boh n\u00e1m zanechal cel\u00fd rad tak\u00fdchto svedectiev bystr\u00e9ho \u010d\u00edtania v&nbsp;knihe pr\u00edrody. Napr\u00edklad autor biblickej knihy Pr\u00edslov\u00ed nab\u00e1dal: &#8230;<em>cho\u010f k mravcovi, pozoruj jeho cesty, aby si zm\u00fadrel.&nbsp;Hoci nem\u00e1 knie\u017eat\u00e1, ani dozorcu, ani panovn\u00edka,&nbsp;chyst\u00e1 si v lete svoj chlieb, v \u017eatve zbiera potravu. (Pr\u00edslovia 6,6-8)<\/em><\/p>\n\n\n\n<p>V obdob\u00ed tvrd\u00fdch poku\u0161en\u00ed proti viere m\u00f4\u017eeme Poku\u0161ite\u013eovi poveda\u0165: Pok\u00fa\u0161a\u0161 ma proti viere? Boh je so mnou, ni\u010doho sa neboj\u00edm. Pok\u00fa\u0161a\u0161 ma my\u0161lienkou, \u017ee Boh nie je? Tak p\u00f4jdem do z\u00e1hrady pozrie\u0165 sa na v\u0161etko, \u010do Boh stvoril&#8230;<\/p>\n\n\n\n<p><em>Ve\u010f h\u013ea, zima sa pominula, d\u00e1\u017e\u010f prestal, odtiahol.&nbsp;Kvety sa zjavuj\u00fa na zemi, pribl\u00ed\u017eil sa \u010das spevu a hlas hrdli\u010dky po\u010du\u0165 v na\u0161om kraji.&nbsp;Figovn\u00edk u\u017e sfarbil svoje mlad\u00e9 plody a kvitn\u00faci vini\u010d rozd\u00e1va v\u00f4\u0148u. Vsta\u0148, moja milovan\u00e1, kr\u00e1ska moja, a po\u010f! (Ve\u013epiese\u0148 2,11-13)<\/em><\/p>\n\n\n\n<p>(A. Gr\u00fcn, J. Zilelinski)<\/p>\n","protected":false},"excerpt":{"rendered":"<p>V\u0161etko stvoren\u00e9 n\u00e1m poskytuje priestor na \u017eivot a na pre\u017e\u00edvanie n\u00e1\u0161ho vz\u0165ahu s Bohom.\u00a0 Navy\u0161e, pr\u00edroda vypoved\u00e1 ve\u013ea o svojom P\u00f4vodcovi.<\/p>\n","protected":false},"author":2,"featured_media":0,"comment_status":"closed","ping_status":"closed","sticky":false,"template":"","format":"standard","meta":[],"categories":[4,9],"tags":[],"_links":{"self":[{"href":"https:\/\/btm.sk\/WP\/wp-json\/wp\/v2\/posts\/5530"}],"collection":[{"href":"https:\/\/btm.sk\/WP\/wp-json\/wp\/v2\/posts"}],"about":[{"href":"https:\/\/btm.sk\/WP\/wp-json\/wp\/v2\/types\/post"}],"author":[{"embeddable":true,"href":"https:\/\/btm.sk\/WP\/wp-json\/wp\/v2\/users\/2"}],"replies":[{"embeddable":true,"href":"https:\/\/btm.sk\/WP\/wp-json\/wp\/v2\/comments?post=5530"}],"version-history":[{"count":2,"href":"https:\/\/btm.sk\/WP\/wp-json\/wp\/v2\/posts\/5530\/revisions"}],"predecessor-version":[{"id":5532,"href":"https:\/\/btm.sk\/WP\/wp-json\/wp\/v2\/posts\/5530\/revisions\/5532"}],"wp:attachment":[{"href":"https:\/\/btm.sk\/WP\/wp-json\/wp\/v2\/media?parent=5530"}],"wp:term":[{"taxonomy":"category","embeddable":true,"href":"https:\/\/btm.sk\/WP\/wp-json\/wp\/v2\/categories?post=5530"},{"taxonomy":"post_tag","embeddable":true,"href":"https:\/\/btm.sk\/WP\/wp-json\/wp\/v2\/tags?post=5530"}],"curies":[{"name":"wp","href":"https:\/\/api.w.org\/{rel}","templated":true}]}}