{"id":5365,"date":"2023-03-14T12:03:59","date_gmt":"2023-03-14T11:03:59","guid":{"rendered":"https:\/\/btm.sk\/WP\/?p=5365"},"modified":"2023-03-14T12:07:01","modified_gmt":"2023-03-14T11:07:01","slug":"tuzim-po-zmene-no-nemam-dost-sil","status":"publish","type":"post","link":"https:\/\/btm.sk\/WP\/2023\/03\/14\/tuzim-po-zmene-no-nemam-dost-sil\/","title":{"rendered":"T\u00da\u017dIM PO ZMENE, NO NEM\u00c1M DOS\u0164 S\u00cdL&#8230;"},"content":{"rendered":"<p class=\"western\" lang=\"en-US\"><span style=\"font-family: Arial, sans-serif;\"><span lang=\"sk-SK\">Dos\u0165 \u010dasto, oby\u010dajne na prelome rokov, sa<\/span><\/span><span style=\"font-family: Arial, sans-serif;\"><span lang=\"sk-SK\"> zam\u00fd\u0161\u013eame nad t\u00fdm, ako to v na\u0161om \u017eivote vyzer\u00e1, bilancujeme a t\u00fa\u017eime po zmene.<\/span><\/span><\/p>\n\n\n<!--more-->\n\n\n<p class=\"western\" lang=\"en-US\"><span style=\"font-family: Arial, sans-serif;\"><span lang=\"sk-SK\"><b>Nem\u00e1m silu na zmenu&#8230;. <\/b><\/span><\/span><\/p>\n<p class=\"western\" lang=\"en-US\"><span style=\"font-family: Arial, sans-serif;\"><span lang=\"sk-SK\">Vtedy hodnot\u00edme to, s \u010d\u00edm sme spokojn\u00ed a \u010do n\u00e1m prin\u00e1\u0161a rados\u0165 &#8211; to by sme si chceli udr\u017ea\u0165 a rozv\u00edja\u0165. No existuj\u00fa aj veci, ktor\u00e9 sa n\u00e1m nedaria, v ktor\u00fdch sme straten\u00ed alebo ne\u0161\u0165astn\u00ed. A to sa n\u00e1m nep\u00e1\u010di, to by sme radi zmenili. <\/span><\/span><span style=\"font-family: Arial, sans-serif;\"><span lang=\"sk-SK\">A mo\u017eno aj dlhodobo<\/span><\/span><span style=\"font-family: Arial, sans-serif;\"><span lang=\"sk-SK\"> c\u00edtime, \u017ee u\u017e je asi \u010das na nejak\u00fa skuto\u010dn\u00fa zmenu, \u017ee by sme mali za\u010da\u0165. Mo\u017eno aj vid\u00edme cestu, no m\u00e1me strach na \u0148u vykro\u010di\u0165. Vid\u00edme rie\u0161enie, no vyhov\u00e1rame sa, \u017ee e\u0161te predsa len nie, e\u0161te treba po\u010dka\u0165, alebo sa boj\u00edme, \u017ee to nezvl\u00e1dneme&#8230; Jednoducho si mysl\u00edme, \u017ee sme na to sami, a \u017ee vyt\u00fa\u017een\u00e1 zmena, pokrok \u010di splnenie n\u00e1\u0161ho ve\u013ek\u00e9ho priania nie je v na\u0161ich \u013eudsk\u00fdch sil\u00e1ch. A mo\u017eno skuto\u010dne nie je&#8230;<\/span><\/span><\/p>\n<p class=\"western\"><span style=\"font-family: Arial, sans-serif;\">Tak o \u010dom to vlastne je, ke\u010f je pre n\u00e1s splnenie na\u0161ich prian\u00ed, cie\u013eov a t\u00fa\u017eob nesplnite\u013en\u00e9? Je v\u0161etko definit\u00edvne straten\u00e9? Vari nikdy nedosiahnem to, \u010do je pre m\u0148a dobr\u00e9? Nezab\u00fadajme, \u017ee pre n\u00e1s je skuto\u010dne ve\u013ea vec\u00ed nemo\u017en\u00fdch a nedosiahnute\u013en\u00fdch, av\u0161ak nie pre Boha! Op\u00e4\u0165, znova a znova sa m\u00f4\u017eeme u\u010di\u0165 p\u00fa\u0161\u0165a\u0165 ho do na\u0161ich pl\u00e1nov a zmien, do v\u0161etk\u00e9ho, \u010do sa v na\u0161ich \u017eivotoch odohr\u00e1va, preto\u017ee On je tvorca a kreat\u00edvec, ktor\u00fd n\u00e1m m\u00f4\u017ee pom\u00f4c\u0165 vymani\u0165 sa zo \u0161edivosti n\u00e1\u0161ho s\u00fa\u010dasn\u00e9ho pre\u017e\u00edvania.<\/span><\/p>\n<p class=\"western\" lang=\"en-US\"><span style=\"font-family: Arial, sans-serif;\"><span lang=\"sk-SK\">M\u00f4\u017eeme sa p\u00fdta\u0165: Naozaj sa spln\u00ed v\u0161etko, \u010do si prajem, ke\u010f nech\u00e1m Boha, aby mi pomohol utv\u00e1ra\u0165 a vies\u0165 m\u00f4j \u017eivot? Sk\u00fasme to! \u017divot, ktor\u00fd n\u00e1s e\u0161te \u010dak\u00e1, ktor\u00fd m\u00e1me pred sebou, nemus\u00ed by\u0165 celkom pod\u013ea na\u0161ich predst\u00e1v, ale ve\u010f na\u0161e predstavy s\u00fa len \u013eudsk\u00e9. Zato Boh vklad\u00e1 do na\u0161ich \u017eivotov ove\u013ea viac, ako si my dok\u00e1\u017eeme predstavi\u0165! <\/span><\/span><\/p>\n<p class=\"western\"><span style=\"font-family: Arial, sans-serif;\"><b>Nec\u00edtim sa na to! <\/b><\/span><\/p>\n<p class=\"western\" lang=\"en-US\"><span style=\"font-family: Arial, sans-serif;\"><span lang=\"sk-SK\">Alebo ke\u010f si uvedom\u00edme, \u010do v\u0161etko m\u00e1me pred sebou, ak\u00e9 \u00falohy n\u00e1s dnes \u010dakaj\u00fa, \u010do v\u0161etko treba vykona\u0165, vyrie\u0161i\u0165&#8230;, mus\u00edme realisticky skon\u0161tatova\u0165, \u017ee mnoh\u00e9 veci ur\u010dite nie s\u00fa v na\u0161ich sil\u00e1ch &#8211; \u017ee to, jednoducho, istotne nezvl\u00e1dneme. Mo\u017eno n\u00e1s prepadne sk\u013e\u00fa\u010denos\u0165, sm\u00fatok a rezign\u00e1cia. Ve\u010f \u010do som ja, aby som toto urobil alebo vyrie\u0161il? Nem\u00e1m na to, ani s t\u00fdm nepohnem. Nem\u00e1m ani silu, ani \u010das, ani peniaze, ani know-how, ani odvahu, ani vieru&#8230; Pripad\u00e1me si bezmocn\u00ed, zaval\u00ed n\u00e1s neznesite\u013en\u00e1 \u0165a\u017eoba bolesti, biedy a bezn\u00e1deje pred \u013eudskou zlobou, z\u00e1\u0161\u0165ou, nespravodlivos\u0165ou&#8230;<\/span><\/span><\/p>\n<p class=\"western\" lang=\"en-US\"><span style=\"font-family: Arial, sans-serif;\"><span lang=\"sk-SK\">A predsa<\/span><\/span><span style=\"font-family: Arial, sans-serif;\"><span lang=\"sk-SK\"> s nami Boh po\u010d\u00edta! \u010co urob\u00edme? M\u00f4\u017eeme t\u00fato provokat\u00edvnu ot\u00e1zku vytesni\u0165: Ni\u010d. Jednoducho na to nem\u00e1m! No m\u00f4\u017eeme poveda\u0165 aj toto: Pane, m\u00e1m len, zvl\u00e1dnem len&#8230;, ale som tu, som ti k dispoz\u00edcii, odovzd\u00e1vam ti v\u0161etko, \u010do som a m\u00e1m, a ver\u00edm, \u017ee ty to m\u00f4\u017ee\u0161 pou\u017ei\u0165 a rozmno\u017ei\u0165. A vtedy m\u00f4\u017ee Boh kona\u0165. Mo\u017eno nie nejak\u00fdm ve\u013ek\u00fdm \u010dinom \u010di z\u00e1zrakom. Boh \u010dasto kon\u00e1 skryto a nen\u00e1padne. D\u00e1va v\u017edy len trochu sily a in\u0161pir\u00e1cie na nasleduj\u00faci krok. A to sta\u010d\u00ed. Na n\u00e1s je, aby sme v skromnosti a d\u00f4vere, \u017ee Bohu na n\u00e1s naozaj z\u00e1le\u017e\u00ed, d\u00e1vali z toho m\u00e1la, \u010do m\u00e1me: svoj \u010das, svoje prostriedky, \u00fasmev, povzbudenie, \u00fatechu, pozornos\u0165, ochotu, pomocn\u00fa ruku&#8230; Potom m\u00f4\u017eeme ok\u00fasi\u0165 \u00fa\u017easn\u00fd z\u00e1zrak &#8211; P\u00e1n Boh vo svojej moci prejav\u00ed svoju l\u00e1sku, pomoc a milosrdenstvo aj prostredn\u00edctvom na\u0161ej slabosti. <\/span><\/span><span style=\"font-family: Arial, sans-serif;\"><span lang=\"sk-SK\">\u010c<\/span><\/span><span style=\"font-family: Arial, sans-serif;\"><span lang=\"sk-SK\">o mu dnes pon\u00faknem, aby to rozmno\u017eil?<\/span><\/span><\/p>","protected":false},"excerpt":{"rendered":"<p>Dos\u0165 \u010dasto, oby\u010dajne na prelome rokov, sa zam\u00fd\u0161\u013eame nad t\u00fdm, ako to v na\u0161om \u017eivote vyzer\u00e1, bilancujeme a t\u00fa\u017eime po zmene.<\/p>\n","protected":false},"author":2,"featured_media":0,"comment_status":"closed","ping_status":"closed","sticky":false,"template":"","format":"standard","meta":[],"categories":[146,4,9],"tags":[],"_links":{"self":[{"href":"https:\/\/btm.sk\/WP\/wp-json\/wp\/v2\/posts\/5365"}],"collection":[{"href":"https:\/\/btm.sk\/WP\/wp-json\/wp\/v2\/posts"}],"about":[{"href":"https:\/\/btm.sk\/WP\/wp-json\/wp\/v2\/types\/post"}],"author":[{"embeddable":true,"href":"https:\/\/btm.sk\/WP\/wp-json\/wp\/v2\/users\/2"}],"replies":[{"embeddable":true,"href":"https:\/\/btm.sk\/WP\/wp-json\/wp\/v2\/comments?post=5365"}],"version-history":[{"count":1,"href":"https:\/\/btm.sk\/WP\/wp-json\/wp\/v2\/posts\/5365\/revisions"}],"predecessor-version":[{"id":5366,"href":"https:\/\/btm.sk\/WP\/wp-json\/wp\/v2\/posts\/5365\/revisions\/5366"}],"wp:attachment":[{"href":"https:\/\/btm.sk\/WP\/wp-json\/wp\/v2\/media?parent=5365"}],"wp:term":[{"taxonomy":"category","embeddable":true,"href":"https:\/\/btm.sk\/WP\/wp-json\/wp\/v2\/categories?post=5365"},{"taxonomy":"post_tag","embeddable":true,"href":"https:\/\/btm.sk\/WP\/wp-json\/wp\/v2\/tags?post=5365"}],"curies":[{"name":"wp","href":"https:\/\/api.w.org\/{rel}","templated":true}]}}