{"id":4942,"date":"2022-06-08T11:18:12","date_gmt":"2022-06-08T09:18:12","guid":{"rendered":"https:\/\/btm.sk\/WP\/?p=4942"},"modified":"2022-06-08T11:18:14","modified_gmt":"2022-06-08T09:18:14","slug":"ked-si-velmi-neverim","status":"publish","type":"post","link":"https:\/\/btm.sk\/WP\/2022\/06\/08\/ked-si-velmi-neverim\/","title":{"rendered":"KE\u010e SI VE\u013dMI NEVER\u00cdM"},"content":{"rendered":"<p class=\"western\" lang=\"en-US\"><span style=\"font-family: Arial, sans-serif;\"><span lang=\"sk-SK\">S\u00fa dni, ke\u010f si ve\u013emi never\u00edm. Vtedy pod\u013eahnem pocitom, \u017ee vlastne nie som ni\u010d zvl\u00e1\u0161tne ani zauj\u00edmav\u00e9&#8230;<\/span><\/span><\/p>\n\n\n<!--more-->\n\n\n<p class=\"western\" lang=\"en-US\"><span style=\"font-family: Arial, sans-serif;\"><span lang=\"sk-SK\">Posudzujem svoje telo, svoj zov\u0148aj\u0161ok, ale aj svoje schopnosti. Zameriam sa na to, \u017ee som nedok\u00e1zal ni\u010d, \u010do by svet ocenil, \u010di na to, \u017ee to m\u00e1lo, \u010do je na mne dobr\u00e9, si aj tak nikto ani nev\u0161imne&#8230;<\/span><\/span><\/p>\n<p class=\"western\" lang=\"en-US\"><span style=\"font-family: Arial, sans-serif;\"><span lang=\"sk-SK\">Mysl\u00edm si, \u017ee ur\u010dite nie som jedin\u00fd na svete, kto sa ob\u010das s\u00fadi s ne\u00famernou pr\u00edsnos\u0165ou, kto na sebe \u010das od \u010dasu vid\u00ed len chyby a kto c\u00edti, \u017ee je vlastne osamel\u00fd a opusten\u00fd, \u017ee za n\u00edm ur\u010dite nikto nestoj\u00ed&#8230;<\/span><\/span><\/p>\n<p class=\"western\" lang=\"en-US\"><span style=\"font-family: Arial, sans-serif;\"><span lang=\"sk-SK\">V tak\u00fdch chv\u00ed\u013each ma v\u0161ak v\u017edy nakoniec napadne, \u017ee presne toto si praje diabol &#8211; nepriate\u013e ka\u017ed\u00e9ho z n\u00e1s. Aby sme sa takto c\u00edtili. Osamel\u00ed \u013eudia ut\u00e1paj\u00faci sa vo vlastnom sm\u00fatku, krivd\u00e1ch, podhodnocovan\u00ed sam\u00e9ho seba, s\u00fa toti\u017e pre neho \u013eahkou koris\u0165ou a taktie\u017e nulovou hrozbou, preto\u017ee tak\u00ed len ve\u013emi \u0165a\u017eko m\u00f4\u017eu tvori\u0165 Bo\u017eie kr\u00e1\u013eovstvo.<\/span><\/span><\/p>\n<p class=\"western\" lang=\"en-US\"><span style=\"font-family: Arial, sans-serif;\"><span lang=\"sk-SK\">Na druhej strane v\u0161ak stoj\u00ed Boh, v ktor\u00e9ho dlaniach sme n\u00e1dhern\u00fdm a jedine\u010dn\u00fdm &#8222;kr\u00e1\u013eovsk\u00fdm diad\u00e9mom&#8220;. Jeho jedine\u010dn\u00e1 l\u00e1ska n\u00e1s podporuje v tom, aby sme si v\u00e1\u017eili sami seba, neposudzovali sa, neporovn\u00e1vali. Ak sa obr\u00e1time k nemu, nebudeme nikdy osamel\u00ed, m\u00f4\u017eeme si veri\u0165 a ma\u0165 sa skuto\u010dne radi so v\u0161etk\u00fdm, \u010do k n\u00e1m patr\u00ed. Nemus\u00edme s\u00fa\u0165a\u017ei\u0165 o to, kto toho dok\u00e1\u017ee viac, nemus\u00edme druh\u00fdm ni\u010d dokazova\u0165 ani z\u00e1vidie\u0165. On to v\u0161etko vid\u00ed. A preto v\u0161etok n\u00e1\u0161 potenci\u00e1l m\u00f4\u017eeme v \u00faplnej d\u00f4vere vlo\u017ei\u0165 do Jeho r\u00fak.<\/span><\/span><\/p>\n<p class=\"western\" lang=\"en-US\"><span style=\"font-family: Arial, sans-serif;\"><span lang=\"sk-SK\">Av\u0161ak len my sami sa m\u00f4\u017eeme rozhodn\u00fa\u0165, \u010di svoj potenci\u00e1l vyu\u017eijeme alebo nie. \u010ci budeme tr\u00e1vi\u0165 svoj \u017eivot nad\u00e1van\u00edm, nariekan\u00edm, ukrivden\u00edm a pocitmi menejcennosti, porovn\u00e1van\u00edm \u010di z\u00e1viden\u00edm, alebo \u010di budeme h\u013eada\u0165 a prij\u00edma\u0165 svoju vlastn\u00fa hodnotu, \u017ei\u0165 \u017eivot v pokoji, spokojnosti a radosti a ka\u017ed\u00fd de\u0148 sa na seba pozera\u0165 Bo\u017e\u00edmi o\u010dami.<\/span><\/span><\/p>\n<p class=\"western\" lang=\"en-US\"><strong><span style=\"color: #050a30;\"><span style=\"font-family: Arial, sans-serif;\"><span style=\"font-size: medium;\"><span lang=\"sk-SK\"><i>Bude\u0161 ozdobnou korunou v ruke Hospodinovej a kr\u00e1\u013eovsk\u00fdm diad\u00e9mom na dlani svojho Boha.<\/i><\/span><\/span><\/span><\/span><span style=\"font-family: Arial, sans-serif;\"><span lang=\"sk-SK\"><i> (Izai\u00e1\u0161 62,3)<\/i><\/span><\/span><\/strong><\/p>","protected":false},"excerpt":{"rendered":"<p>S\u00fa dni, ke\u010f si ve\u013emi never\u00edm. Vtedy pod\u013eahnem pocitom, \u017ee vlastne nie som ni\u010d zvl\u00e1\u0161tne ani zauj\u00edmav\u00e9&#8230;<\/p>\n","protected":false},"author":2,"featured_media":0,"comment_status":"closed","ping_status":"closed","sticky":false,"template":"","format":"standard","meta":[],"categories":[146,4],"tags":[],"_links":{"self":[{"href":"https:\/\/btm.sk\/WP\/wp-json\/wp\/v2\/posts\/4942"}],"collection":[{"href":"https:\/\/btm.sk\/WP\/wp-json\/wp\/v2\/posts"}],"about":[{"href":"https:\/\/btm.sk\/WP\/wp-json\/wp\/v2\/types\/post"}],"author":[{"embeddable":true,"href":"https:\/\/btm.sk\/WP\/wp-json\/wp\/v2\/users\/2"}],"replies":[{"embeddable":true,"href":"https:\/\/btm.sk\/WP\/wp-json\/wp\/v2\/comments?post=4942"}],"version-history":[{"count":1,"href":"https:\/\/btm.sk\/WP\/wp-json\/wp\/v2\/posts\/4942\/revisions"}],"predecessor-version":[{"id":4943,"href":"https:\/\/btm.sk\/WP\/wp-json\/wp\/v2\/posts\/4942\/revisions\/4943"}],"wp:attachment":[{"href":"https:\/\/btm.sk\/WP\/wp-json\/wp\/v2\/media?parent=4942"}],"wp:term":[{"taxonomy":"category","embeddable":true,"href":"https:\/\/btm.sk\/WP\/wp-json\/wp\/v2\/categories?post=4942"},{"taxonomy":"post_tag","embeddable":true,"href":"https:\/\/btm.sk\/WP\/wp-json\/wp\/v2\/tags?post=4942"}],"curies":[{"name":"wp","href":"https:\/\/api.w.org\/{rel}","templated":true}]}}