{"id":4827,"date":"2022-03-08T23:02:17","date_gmt":"2022-03-08T22:02:17","guid":{"rendered":"https:\/\/btm.sk\/WP\/?p=4827"},"modified":"2022-03-08T23:25:28","modified_gmt":"2022-03-08T22:25:28","slug":"bezdomovectvo-ke-problem-na-konci-zoznamu","status":"publish","type":"post","link":"https:\/\/btm.sk\/WP\/2022\/03\/08\/bezdomovectvo-ke-problem-na-konci-zoznamu\/","title":{"rendered":"BEZDOMOVECTVO JE PROBL\u00c9M NA KONCI ZOZNAMU"},"content":{"rendered":"<p class=\"western\" lang=\"en-US\"><span style=\"font-family: Arial, sans-serif;\"><span lang=\"sk-SK\">Na ulicu \u013eud\u00ed dost\u00e1vaj\u00fa rozvody aj alkoholizmus.<\/span><\/span><strong><span style=\"font-family: Arial, sans-serif;\"><span lang=\"sk-SK\"> V Ko\u0161iciach je cca 1200 \u013eud\u00ed bez domova a v centre mesta \u017eobre 140 det\u00ed. \u0160\u00e9f charity Samarit\u00e1n<\/span><\/span><\/strong><span style=\"font-family: Arial, sans-serif;\"><span lang=\"sk-SK\">&nbsp;\u013dubo Badiar hovor\u00ed, \u017ee dosta\u0165 sa na ulicu je \u013eahk\u00e9, no dosta\u0165 sa z nej sp\u00e4\u0165 sa podar\u00ed u\u017e len m\u00e1lokomu. So svoj\u00edm t\u00edmom bezdomovcom \u0161tyrikr\u00e1t do t\u00fd\u017ed\u0148a pod\u00e1vaj\u00fa tepl\u00e9 jedlo, prev\u00e1dzkuj\u00fa pr\u00e1\u010dov\u0148u, sprchy, aj sklad s oble\u010den\u00edm.<\/span><\/span><\/p>\n\n\n<!--more-->\n\n\n<p class=\"western\" lang=\"en-US\"><strong><span style=\"font-family: Arial, sans-serif;\"><span lang=\"sk-SK\">Upozor\u0148ujete na nutnos\u0165 adresnej pomoci a rie\u0161enie probl\u00e9mu, ktor\u00fd je \u010dasovanou bombou.<\/span><\/span><\/strong><\/p>\n<p class=\"western\"><span style=\"font-family: Arial, sans-serif;\">\u00c1no, charity s\u00fa oby\u010dajne na perif\u00e9rii, no \u013eudia sa v centre mesta prirodzene vyskytuj\u00fa. My m\u00e1me aj v n\u00e1zve tak\u00fd pracovn\u00fd dodatok &#8222;staromestsk\u00e1 charita&#8220;, aby \u013eudia vedeli, \u017ee sme v centre. Vznikli sme ako kres\u0165ansk\u00e1 charita pri evanjelickom cirkevnom zbore, ktor\u00fd n\u00e1m d\u00e1va priestor. V dvore za kostolom na Zvon\u00e1rskej ulici m\u00e1me k dispoz\u00edcii nieko\u013eko miestnost\u00ed. M\u00e1me tu sklady, jed\u00e1le\u0148, mal\u00fd azyl pre pribli\u017ene \u0161iestich \u013eud\u00ed. Ten je vyu\u017e\u00edvan\u00fd najm\u00e4 v zime. N\u00e1\u0161 ofici\u00e1lny n\u00e1zov je Centrum pomoci bezdomovcom \u2013 Samarit\u00e1n a prev\u00e1dzkuje ho ob\u010dianske zdru\u017eenie \u00dato\u010di\u0161te.<\/span><\/p>\n<p class=\"western\" lang=\"en-US\"><strong><span style=\"font-family: Arial, sans-serif;\"><span lang=\"sk-SK\">\u010castou podmienkou, aby mohol bezdomovec prespa\u0165 v noc\u013eah\u00e1rni alebo sa pr\u00eds\u0165 najes\u0165 je, aby bol triezvy. Selektujete takto \u013eud\u00ed aj vy?<\/span><\/span><\/strong><\/p>\n<p class=\"western\"><span style=\"font-family: Arial, sans-serif;\">Sme n\u00edzkoprahovej\u0161\u00ed ako ostatn\u00ed. U n\u00e1s neplat\u00ed, \u017ee obsl\u00fa\u017eime len triezveho. Ak by sme spravili tak\u00fdto filter, asi by sme v\u00e4\u010d\u0161inu tej polievky nemali komu vyda\u0165. Tak\u017ee sa to sna\u017e\u00edme filtrova\u0165 tak, aby t\u00ed \u013eudia boli v nejakom norm\u00e1lnom stave. Agres\u00edvnych u\u017e pozn\u00e1me, t\u00fdch vyl\u00fa\u010dime alebo ich po\u0161leme poprech\u00e1dza\u0165 sa, aby vytriezveli.<\/span><\/p>\n<p class=\"western\" lang=\"en-US\"><strong><span style=\"font-family: Arial, sans-serif;\"><span lang=\"sk-SK\">Spomenuli ste polievku, varieva a rozd\u00e1va sa u v\u00e1s \u0161tyrikr\u00e1t do t\u00fd\u017ed\u0148a, okrem toho prev\u00e1dzkujete pre \u013eud\u00ed bez domova aj pr\u00e1\u010dov\u0148u. Ako to funguje?<\/span><\/span><\/strong><\/p>\n<p class=\"western\"><span style=\"font-family: Arial, sans-serif;\">Pri cennej\u0161\u00edch veciach motivujeme bezdomovcov, aby si k n\u00e1m nosili veci vypra\u0165. Aby veci, ktor\u00e9 u n\u00e1s dostan\u00fa, nemali na jedno pou\u017eitie. Lebo v\u0161etko nie\u010do stoj\u00ed, a tak tro\u0161ku je to aj o ekol\u00f3gii. K\u00fdm sa to d\u00e1 nosi\u0165, k\u00fdm to m\u00e1 dobr\u00fd zips, k\u00fdm je v tom teplo, tak sa ni\u010d nevyhadzuje. Plat\u00ed to najm\u00e4 pre tie \u010dasti odevu, po ktor\u00fdch je dopyt. Naj\u017eiadanej\u0161ie s\u00fa mikiny s kapuc\u0148ou, vetrovky s kapuc\u0148ou z dut\u00e9ho vl\u00e1kna, nie p\u00e1perov\u00e9, lebo tie r\u00fdchlo navlhn\u00fa, s\u00fa \u0165a\u017ek\u00e9 a prest\u00e1vaj\u00fa hria\u0165 a tie\u017e tri\u010dk\u00e1 s dlh\u00fdm ruk\u00e1vom.<\/span><\/p>\n<p class=\"western\" lang=\"en-US\"><strong><span style=\"font-family: Arial, sans-serif;\"><span lang=\"sk-SK\">M\u00e1te ich zo zbierok, alebo ich nosia \u013eudia samostatne?<\/span><\/span><\/strong><\/p>\n<p class=\"western\"><span style=\"font-family: Arial, sans-serif;\">Veci pre n\u00e1s sa zbieraj\u00fa v cel\u00fdch Ko\u0161iciach, ale \u013eudia u\u017e o n\u00e1s vedia. Ke\u010f doma triedia oble\u010denie, tak n\u00e1m daj\u00fa vedie\u0165 a my ich u\u017e len korigujeme, aby n\u00e1m priniesli tie spr\u00e1vne veci. Oble\u010denie je potom rozdelen\u00e9 pod\u013ea jednotliv\u00fdch druhov v sklade. Vyd\u00e1va sa pod\u013ea toho, \u010do kto potrebuje a v\u0161etky vydan\u00e9 kusy sa aj eviduj\u00fa v na\u0161ich z\u00e1znamoch.<\/span><\/p>\n<p class=\"western\" lang=\"en-US\"><strong><span style=\"font-family: Arial, sans-serif;\"><span lang=\"sk-SK\">Ak\u00e9 s\u00fa tie spr\u00e1vne veci?<\/span><\/span><\/strong><\/p>\n<p class=\"western\"><span style=\"font-family: Arial, sans-serif;\">Veci be\u017en\u00e9ho nosenia, nie sviato\u010dn\u00e9 veci. Nevieme vyu\u017ei\u0165 obleky, kab\u00e1ty, d\u00e1mske kost\u00fdmy, top\u00e1nky na vy\u0161\u0161\u00edch op\u00e4tkoch. Robievame aj distrib\u00faciu \u0161iat, triedime ich pre Lunik IX. Tam mlad\u00e9 \u017eeny rady zober\u00fa aj oble\u010denie, \u010do by sa u n\u00e1s nevyu\u017eilo. A tie\u017e do komunitn\u00e9ho centra na Luniku IX prev\u00e1\u017eame detsk\u00e9 veci, tie sa n\u00e1m zvykn\u00fa tie\u017e nahromadi\u0165, ale u n\u00e1s s\u00fa nepou\u017eite\u013en\u00e9, tam ich naopak vyu\u017eij\u00fa. Nevyhadzujeme prakticky ni\u010d, jedine, \u017ee je oble\u010denie alebo top\u00e1nky ve\u013emi zni\u010den\u00e9 a zastaran\u00e9.<\/span><\/p>\n<p class=\"western\" lang=\"en-US\"><strong><span style=\"font-family: Arial, sans-serif;\"><span lang=\"sk-SK\">Bezdomovci, ktor\u00fdch stret\u00e1vame na ulici p\u00f4sobia ve\u013emi zanedbane, s\u00fa tak\u00ed v\u0161etci?&nbsp;&nbsp;<\/span><\/span><\/strong><\/p>\n<p class=\"western\"><span style=\"font-family: Arial, sans-serif;\">Ja by som ich rozdelil do dvoch skup\u00edn. Prv\u00e1 s\u00fa \u013eudia, ktor\u00ed sa u\u017e \u00faplne opustili, t\u00ed \u017eij\u00fa tak\u00fa denn\u00fa v\u00edziu. Do\u017ei\u0165 sa ve\u010dera, vyspa\u0165 sa a r\u00e1no odznova. A potom s\u00fa \u013eudia, ktor\u00ed si dr\u017eia svoj status, sna\u017eia sa aj za pomoci tak\u00fdch char\u00edt ako je na\u0161a, ma\u0165 aj nejak\u00fa \u017eivotospr\u00e1vu, zjes\u0165 aspo\u0148 jedno poriadne tepl\u00e9 jedlo za de\u0148, by\u0165 \u010dist\u00fd, ma\u0165 vyprat\u00e9 veci.<\/span><\/p>\n<p class=\"western\" lang=\"en-US\"><strong><span style=\"font-family: Arial, sans-serif;\"><span lang=\"sk-SK\">\u0160tyri dni v t\u00fd\u017edni pod\u00e1vate pre \u013eud\u00ed bez domova polievku, ko\u013eko ich denne prich\u00e1dza?<\/span><\/span><\/strong><\/p>\n<p class=\"western\"><span style=\"font-family: Arial, sans-serif;\">Denne je to pribli\u017ene p\u00e4\u0165desiat \u013eud\u00ed. Kapacita jed\u00e1lne je pribli\u017ene 25 miest, tak\u017ee to vych\u00e1dza na dve kol\u00e1. Rozhodli sme sa, \u017ee p\u00f4jdeme na kvalitu a nie na kvantitu. Prirodzene, in\u00e1\u010d var\u00edte pre 60 \u013eud\u00ed a ina\u010d pre 150 \u013eud\u00ed. Automaticky sa to prejav\u00ed na kvalite tej stravy. My rad\u0161ej obsl\u00fa\u017eime menej \u013eud\u00ed. Rob\u00edme to komunitn\u00fdm sp\u00f4sobom, vydali sme karti\u010dky s na\u0161\u00edm logom Samarit\u00e1n a polievku vyd\u00e1vame len t\u00fdm, ktor\u00ed maj\u00fa karti\u010dku. M\u00e1me tie\u017e svoj limit, svoju kapacitu, rozdali sme asi 120 komunitn\u00fdch karti\u010diek. \u010clenstvo u n\u00e1s m\u00e1 teda t\u00fdch 120 \u013eud\u00ed. Nikdy nepr\u00eddu v\u0161etci, preto\u017ee sa r\u00f4zne pres\u00favaj\u00fa. Var\u00edme 30 litrov, \u010do je zhruba 60 pollitrov\u00fdch porci\u00ed poctivej hustej polievky. Nechceme im naklada\u0165 len vodu, v ktorej bud\u00fa h\u013eada\u0165 zemiak \u010di kapustu. Sme kres\u0165ania, Kristov \u00e9tos n\u00e1s vedie, \u017ee na nich nepozer\u00e1me cez prsty, nie s\u00fa to \u013eudia druhej triedy. Skuto\u010dne sa im sna\u017e\u00edme d\u00f4verova\u0165, ma\u0165 ich radi a vyjadri\u0165 im to tak, \u017ee ich prij\u00edmame ako \u013eud\u00ed, ktor\u00fdm sa \u017eivot nevydaril, stratili orient\u00e1ciu, bl\u00edzkych&#8230;<\/span><\/p>\n<p class=\"western\" lang=\"en-US\"><strong><span style=\"font-family: Arial, sans-serif;\"><span lang=\"sk-SK\">Ako ich vn\u00edma spolo\u010dnos\u0165?<\/span><\/span><\/strong><\/p>\n<p class=\"western\"><span style=\"font-family: Arial, sans-serif;\">\u013dudia, ktor\u00fdm sa dar\u00ed, ktor\u00ed maj\u00fa z\u00e1kladn\u00e9 bezpe\u010die vo svojom domove sa na nich pozeraj\u00fa ako na bezstre\u0161n\u00fdch &#8211; \u017ee ich probl\u00e9m je, \u017ee nemaj\u00fa strechu nad hlavou, ale oni v skuto\u010dnosti nemaj\u00fa domov, a to je ve\u013emi v\u00e1\u017ena vec. Ke\u010f si predstav\u00edte, \u017ee ste bez domova, nem\u00e1te element\u00e1rne vz\u0165ahy, bl\u00edzkosti, prijatia, priate\u013estv\u00e1 vo vlastnej rodine, vo vlastnom domove. Je to absol\u00fatne havarijn\u00fd stav. \u010clovek str\u00e1ca ak\u00fako\u013evek motiv\u00e1ciu robi\u0165 nie\u010do in\u00e9 ako rob\u00ed, a tak sa za\u010dne t\u00fala\u0165, sem tam nie\u010do ukradne, opije sa, a ide to s n\u00edm dole vodou.<\/span><\/p>\n<p class=\"western\" lang=\"en-US\"><strong><span style=\"font-family: Arial, sans-serif;\"><span lang=\"sk-SK\">Nedostali sa do tejto \u017eivotnej situ\u00e1cie vlastnou vinou?<\/span><\/span><\/strong><\/p>\n<p class=\"western\"><span style=\"font-family: Arial, sans-serif;\">Oni tie svoje domovy stratili v nejakej situ\u00e1cii, pri\u0161li o najbli\u017e\u0161ie vz\u0165ahy. Ned\u00e1vno v jednej knihe, ktor\u00e1 sa mi dostala do r\u00fak autor hovoril, ak\u00fd je mal\u00fd kr\u00f4\u010dik k tomu, aby sa \u010dlovek ocitol na ulici. Napr\u00edklad rozvod alebo skryt\u00fd alkoholizmus. Ten \u010dlovek sa neust\u00e1le to\u010d\u00ed v jednom kruhu, d\u00e1va s\u013euby, ale v jednom momente sa dvere zabuchn\u00fa a on je vonku. M\u00e1me tu mlad\u00fdch \u013eud\u00ed, ktor\u00fdch rodi\u010dia vyhodili z domu, m\u00e1me sk\u00fasenos\u0165 s \u013eu\u010fmi, ktor\u00fdm zomrel niekto bl\u00edzky a oni sa zr\u00fatili, stali sa vn\u00fatorn\u00fdmi tul\u00e1kmi. Sk\u00f4r ako sa \u010dlovek stane skuto\u010dn\u00fdm tul\u00e1kom zabl\u00fadi vo svojom vn\u00fatri, strat\u00ed orient\u00e1ciu. Samozrejme s\u00fa tu aj alkoholici, \u013eudia, ktor\u00ed boli na drog\u00e1ch.<\/span><\/p>\n<p class=\"western\" lang=\"en-US\"><strong><span style=\"font-family: Arial, sans-serif;\"><span lang=\"sk-SK\">Pije ka\u017ed\u00fd, kto je na ulici?<\/span><\/span><\/strong><\/p>\n<p class=\"western\"><span style=\"font-family: Arial, sans-serif;\">Aby bezdomovec pre\u017eil na ulici, najm\u00e4 v chladn\u00fdch jesenn\u00fdch a zimn\u00fdch obdobiach, tak si mus\u00ed pom\u00f4c\u0165 alkoholom. To by jednoducho robil ka\u017ed\u00fd z n\u00e1s, bez neho sa to ned\u00e1, preto\u017ee ten vytv\u00e1ra il\u00faziu tepla a optimizmu. Takto sa sp\u00fa\u0161\u0165a z\u00e1vislos\u0165. Alkohol rob\u00ed&nbsp;cirkus, to je fakt. A prirodzene v centre mesta, kde s\u00fa s\u00fastreden\u00e9 firmy, podniky, obchody, hotely, ich majitelia alebo prev\u00e1dzkovatelia vyjadruj\u00fa nespokojnos\u0165 s opit\u00fdmi bezdomovcami. Rozumiem tomu ako \u010dlovek, ktor\u00fd si vie predstavi\u0165, \u017ee by tu podnikal. Sna\u017e\u00edme sa to dr\u017ea\u0165 pod kontrolou, &#8222;cirkusantov&#8220; pacifikujeme, posielame pre\u010d alebo dostan\u00fa z\u00e1kaz chodi\u0165, k\u00fdm sa nezmenia. Podnikate\u013eov zas ubezpe\u010dujeme, \u017ee t\u00fa pr\u00e1cu mus\u00ed niekto robi\u0165, jednoducho, \u017ee t\u00ed \u013eudia tu s\u00fa a s\u00fa aj v\u0161ade vo svete.<\/span><\/p>\n<p class=\"western\" lang=\"en-US\"><strong><span style=\"font-family: Arial, sans-serif;\"><span lang=\"sk-SK\">Zn\u00e1mym kli\u0161\u00e9 je aj kon\u0161tatovanie, \u017ee na ulici pre\u017eij\u00fa len t\u00ed najsilnej\u0161\u00ed.<\/span><\/span><\/strong><\/p>\n<p class=\"western\"><span style=\"font-family: Arial, sans-serif;\">To je tak\u00e1 p\u00f3za vl\u010dieho postoja, inak by bezdomovec na ulici nepre\u017eil, dobili by ho, dokopali, okradli. Niektor\u00ed bezdomovci si u n\u00e1s odkladaj\u00fa peniaze a po men\u0161\u00edch \u010diastkach si ich chodia vybera\u0165. Niektor\u00ed to robia preto, lebo vedia, \u017ee by ich za jeden de\u0148 prepili, ale mali sme tu aj bezdomovcov v seniorskom veku, ktor\u00ed si raz za mesiac i\u0161li na po\u0161tu po d\u00f4chodok a pred vchodom ich u\u017e \u010dakalo komando takzvan\u00fdch kamar\u00e1tov. Hne\u010f po prevzat\u00ed pe\u0148az\u00ed ich o ne obrali. Surovo, hrubou silou.<\/span><\/p>\n<p class=\"western\" lang=\"en-US\"><strong><span style=\"font-family: Arial, sans-serif;\"><span lang=\"sk-SK\">Existuje nejak\u00e1 z\u00e1konitos\u0165, \u017ee \u010dlovek bez domova je nevzdelan\u00fd alkoholik?<\/span><\/span><\/strong><\/p>\n<p class=\"western\"><span style=\"font-family: Arial, sans-serif;\">My ich oby\u010dajne stret\u00e1vame u\u017e vo f\u00e1ze, ke\u010f alkohol narobil dos\u0165 devasta\u010dn\u00fa pr\u00e1cu na ich mozgu, nervovej s\u00fastave, mentalite. \u013dudovo sa hovor\u00ed, \u017ee alkohol ni\u010d\u00ed pe\u010de\u0148, ale ove\u013ea viac ni\u010d\u00ed mozgov\u00e9 bunky. \u010clovek sa men\u00ed pod\u013ea toho, ako ve\u013emi mozog nepln\u00ed svoju funkciu. Potom to vyzer\u00e1 na demenciu, na poruchy osobnosti, poruchy komunik\u00e1cie, v skuto\u010dnosti je to zv\u00e4\u010d\u0161a d\u00f4sledok pitia nekvalitn\u00e9ho lacn\u00e9ho ovocn\u00e9ho v\u00edna. Mali sme tu aj vojensk\u00e9ho chirurga, ten so vzdelan\u00edm probl\u00e9m ur\u010dite nemal, ale postupne sa up\u00edjal k smrti. Samozrejme \u013eudia, ktor\u00ed maj\u00fa ist\u00fa kapacitu v\u00f4le, intelektu, vzdelania, tak maj\u00fa viac v\u00f4\u013eovej sily sa nejako pozbiera\u0165. Mo\u017eno u\u017e len kv\u00f4li hanbe. Ale na ulici je cel\u00e9 spektrum vzdelania a veku, akur\u00e1t je medzi bezdomovcami viac mu\u017eov ako \u017eien. Mlad\u00ed s\u00fa oby\u010dajne vo f\u00e1ze do\u010dasn\u00e9ho bezdomovectva a obvykle to s\u00favis\u00ed s t\u00fdm, \u017ee ich rodi\u010dia vyhodili z domu, alebo stratili pr\u00e1cu a h\u013eadaj\u00fa si nov\u00fa. \u010c\u00edm dlh\u0161ie zostan\u00fa na ulici, t\u00fdm je n\u00e1vrat \u0165a\u017e\u0161\u00ed. T\u00ed star\u0161\u00ed s\u00fa u\u017e akoby v chronickom stave a ment\u00e1lne a fyzick\u00e9 sily im u\u017e nesta\u010dia, na to, aby sa vr\u00e1tili do norm\u00e1lneho \u017eivota.<\/span><\/p>\n<p class=\"western\" lang=\"en-US\"><strong><span style=\"font-family: Arial, sans-serif;\"><span lang=\"sk-SK\">Ono sa asi predsudkom a vyjadrovan\u00edm zaru\u010den\u00fdch s\u00fadov nevyhneme.<\/span><\/span><\/strong><\/p>\n<p class=\"western\"><span style=\"font-family: Arial, sans-serif;\">\u00c1no, pozer\u00e1me na nich cez predsudky. Mysl\u00edm si, \u017ee spolo\u010dnos\u0165, ktor\u00e1 sa tak mas\u00edvne hl\u00e1si ku kres\u0165anstvu, by mala ma\u0165 in\u00e9 videnie sveta okolo. Nie videnie, \u017ee ty si cho\u010f pekne zar\u00e1ba\u0165, \u010do sa tu pova\u013euje\u0161, \u017eobre\u0161, parazituje\u0161 na n\u00e1s, a ke\u010f ti nie\u010do d\u00e1m, aj tak to len prepije\u0161. Pozn\u00e1m pracovn\u00edkov mnoh\u00fdch podobn\u00fdch organiz\u00e1ci\u00ed ako je t\u00e1 na\u0161a, aj medzin\u00e1rodn\u00e9, t\u00ed \u013eudia to v\u00f4bec nerie\u0161ia. Ja m\u00e1m dostatok, mo\u017eno aj nadbytok a moja \u017eivotn\u00e1 filozofia ma vedie k tomu, aby som prispel tou svojou tro\u0161kou, aby som \u00fadel n\u00fadznych zlep\u0161il. Prekro\u010dme na\u0161e predsudky a s\u00fady. S\u00fa medzi nimi \u013eudia, ktor\u00ed nevyrastali v dobr\u00fdch rodin\u00e1ch. Jeden z nich mi raz povedal, \u017ee svoju mamu prv\u00fdkr\u00e1t videl, ke\u010f mal sedem rokov, na s\u00fade. To je in\u00e1 \u0161tartovacia poz\u00edcia ako vyrasta\u0165 v harmonickej rodine, ma\u0165 miluj\u00facu mamu, ktor\u00e1 sa o m\u0148a star\u00e1. Kto m\u00f4\u017ee o tom \u010dloveku poveda\u0165 absol\u00fatny s\u00fad, \u017ee je za svoj stav zodpovedn\u00fd? No nikto, nikto z n\u00e1s.<\/span><\/p>\n<p class=\"western\" lang=\"en-US\"><strong><span style=\"font-family: Arial, sans-serif;\"><span lang=\"sk-SK\">Je to tak, \u017ee pred sviatkami v\u00e1m chc\u00fa v\u0161etci pom\u00e1ha\u0165 a cez rok je pomoci minimum?<\/span><\/span><\/strong><\/p>\n<p class=\"western\"><span style=\"font-family: Arial, sans-serif;\">\u00c1no. Politici a mnoh\u00ed in\u00ed chc\u00fa \u010das Vianoc vyu\u017ei\u0165 na sebaprezent\u00e1ciu dobroty a dobro\u010dinnosti. Rob\u00ed sa toho viac ako kedyko\u013evek po\u010das roka. My sa sna\u017e\u00edme v ka\u017edej \u010dasti roka vystihn\u00fa\u0165 aktu\u00e1lnu potrebu \u013eud\u00ed bez domova. Trad\u00edcia Vianoc k\u00e1\u017ee da\u0165 sa im dobre najes\u0165, pon\u00faknu\u0165 r\u00f4zne dobroty, kapustnicu, ale on z toho ve\u013ea nem\u00e1. Jeden de\u0148 sa naje a druh\u00fd m\u00e1 zase hlad&#8230; <\/span><\/p>\n<p class=\"western\" lang=\"en-US\"><strong><span style=\"font-family: Arial, sans-serif;\"><span lang=\"sk-SK\">Tak\u017ee neadresn\u00e1 pomoc je ne\u00fa\u010dinn\u00e1?<\/span><\/span><\/strong><\/p>\n<p class=\"western\"><span style=\"font-family: Arial, sans-serif;\">My sa sna\u017e\u00edme by\u0165 ve\u013emi adresn\u00ed. Nie zohna\u0165 niekde od niekoho peniaze a niekomu ich da\u0165. Motivujeme ve\u013emi konkr\u00e9tnych \u013eud\u00ed, a to je napr\u00edklad dvadsa\u0165 na\u0161ich kuch\u00e1rov, ktor\u00ed sa striedaj\u00fa pri slu\u017ebe, aby za svoje peniaze nak\u00fapili suroviny, \u010dasto na svojom plyne t\u00fa polievku uvarili a darovali. Vo v\u00fdsledku t\u00fa polievku daruje konkr\u00e9tny \u010dlovek, ve\u013emi konkr\u00e9tnym \u013eu\u010fom, ktor\u00ed sa pr\u00eddu najes\u0165. Aby to nebolo o tom, \u017ee nejak\u00fd schopn\u00fd mana\u017e\u00e9r pozh\u00e1\u0148a peniaze a za to sa k\u00fapi, \u010do treba. Napr\u00edklad pri kampani s top\u00e1nkami sme chceli, aby bola adresn\u00e1, aby sa \u013eudia vzdali e\u0161te zachoval\u00fdch top\u00e1nok. Lebo dost\u00e1vame aj tak\u00e9, \u010do maj\u00fa odpad\u00e1vaj\u00facu podo\u0161vu, a to vonkoncom nemo\u017eno pova\u017eova\u0165 za dar&#8230; Top\u00e1nok sa vyzbieralo ve\u013ea, niektor\u00ed dokonca nak\u00fapili nov\u00e9. Ke\u010f som si t\u00fa k\u00f4pku obuvi pozrel, pote\u0161ilo ma to, lebo vid\u00edm, \u017ee to ve\u013emi pom\u00f4\u017ee konkr\u00e9tnemu \u010dloveku pre\u017ei\u0165 cel\u00fa zimu bez omrzl\u00edn.<\/span><\/p>\n<p class=\"western\" lang=\"en-US\"><strong><span style=\"font-family: Arial, sans-serif;\"><span lang=\"sk-SK\">Ak sa raz \u010dlovek dostane na ulicu, je re\u00e1lna cesta sp\u00e4\u0165?<\/span><\/span><\/strong><\/p>\n<p class=\"western\" lang=\"en-US\"><span style=\"font-family: Arial, sans-serif;\"><span lang=\"sk-SK\">Ur\u010dite je, keby sme nemali vieru a n\u00e1dej, tak by sme t\u00fa pr\u00e1cu nevydr\u017eali robi\u0165 dlhodobo. <\/span><\/span><span style=\"color: #000000;\"><span style=\"font-family: Arial, sans-serif;\"><span style=\"font-size: medium;\"><span lang=\"sk-SK\">Je to v\u0161ak<\/span><\/span><\/span><\/span><span style=\"font-family: Arial, sans-serif;\"><span lang=\"sk-SK\"> beh na dlh\u00fa tra\u0165. Ve\u013emi d\u00f4le\u017eit\u00e9 je vn\u00fatorn\u00e9 nastavenie, ako sa na t\u00fa slu\u017ebu pozer\u00e1te. Nem\u00f4\u017eem si poveda\u0165, \u017ee dobre, budem to robi\u0165, ke\u010f sa t\u00ed \u013eudia bud\u00fa pred mojimi o\u010dami meni\u0165, ale ty sa kamar\u00e1t nemen\u00ed\u0161, ty sa nechce\u0161 meni\u0165, tak odchod. Takto to nefunguje, to je zl\u00e1 motiv\u00e1cia. Pre m\u0148a ako kres\u0165ana je motiv\u00e1ciou robi\u0165 dobro. Dobro m\u00e1 samo osebe v\u00fdznam, aj ke\u010f ho nikto nikdy neocen\u00ed. Ja viem, \u017ee tam hore to tie Bo\u017eie o\u010di predsa len vidia. V\u0161etky tie dobr\u00e9 mal\u00e9 detaily v \u017eivote, ktor\u00e9 urob\u00edte, niekto registruje. Mo\u017eno sa v\u00e1m zd\u00e1, \u017ee to nikto nevid\u00ed, nikto v\u00e1s neocen\u00ed, ale tak to nie je.<\/span><\/span><\/p>\n<p class=\"western\" lang=\"en-US\"><strong><span style=\"font-family: Arial, sans-serif;\"><span lang=\"sk-SK\">Nevidie\u0165 v\u00fdsledky svojej pr\u00e1ce v\u0161ak nie je jednoduch\u00e9.<\/span><\/span><\/strong><\/p>\n<p class=\"western\"><span style=\"font-family: Arial, sans-serif;\">Keby som nemal tak\u00fato motiv\u00e1ciu, asi by som to u\u017e vzdal. Keby som sa vn\u00fatorne preladil, \u017ee ja chcem vidie\u0165 v\u00fdsledky svojho sna\u017eenia, spolo\u010dnej nam\u00e1havej pr\u00e1ce, kon\u010d\u00edm, vzd\u00e1vam to. T\u00e1to spolo\u010dnos\u0165 je orientovan\u00e1 na v\u00fdsledky, na \u00faspech. X-kr\u00e1t tu \u013eudia s\u013e\u00fabili, \u017ee u\u017e nebud\u00fa pi\u0165 a pri\u0161la recid\u00edva, a potom pr\u00edde ot\u00e1zka dokedy mu to m\u00e1m e\u0161te tolerova\u0165. Ver\u00edm, \u017ee raz ten bod pr\u00edde. Ke\u010f rozsieva\u0161 dobro, \u017eatva raz pr\u00edde. Ja to nemus\u00edm vidie\u0165, ani ma\u0165 z toho nejak\u00fd profit! T\u00ed na\u0161i bezdomovci si dobro alebo l\u00e1sku ve\u013emi m\u00e1lo zasl\u00fa\u017eia, pod\u013ea ich spr\u00e1vania, ale najviac zo v\u0161etk\u00fdch \u013eud\u00ed ho potrebuj\u00fa. Ve\u013emi by som si prial, aby \u013eudia, ktor\u00ed sa maj\u00fa dobre, to pochopili a svoj k\u00fasok dobra podali \u010falej, aby sa mohol ma\u0165 lep\u0161ie aj ten ne\u0161\u0165astn\u00edk na ulici.<\/span><\/p>\n<p class=\"western\"><span style=\"font-family: Arial, sans-serif;\">Po\u010det \u013eud\u00ed bez domova narast\u00e1, ale je to celosvetov\u00fd trend. Asi s\u00fa to postupn\u00e9 d\u00f4sledky z\u00fariv\u00e9ho kapitalizmu zameran\u00e9ho na zisk, osobn\u00fa prosperitu, bohatstvo. D\u00f4sledkom potom je, \u017ee materializmus z n\u00e1s rob\u00ed chladnokrvn\u00fdch cynikov. Fokusovanie zmyslu \u017eivota na to ma\u0165-ma\u0165-ma\u0165 n\u00e1s st\u00e1le viac zaslepuje. Dobro\u010dinn\u00e9, humanit\u00e1rne organiz\u00e1cie i cirkvi by v tomto smere mali dosta\u0165 viac podpory od \u0161t\u00e1tu, od samospr\u00e1vy. <\/span><\/p>\n<p class=\"western\"><span style=\"font-family: Arial, sans-serif;\">Bezdomovectvo je v\u0161ak probl\u00e9m na konci zoznamu. Sem-tam nie\u010do kvapne, sem-tam pr\u00edde niekto s nejak\u00fdm n\u00e1padom, ale sk\u00f4r je to o solid\u00e1rnej spolo\u010dnosti, ktor\u00e1 vid\u00ed, \u017ee s\u00fa tu aj slab\u0161\u00ed ob\u010dania a t\u00fdm treba pom\u00f4c\u0165.<\/span><\/p>\n<p class=\"western\" lang=\"en-US\"><span style=\"font-family: Arial, sans-serif;\"><span lang=\"sk-SK\">Ve\u013ek\u00e1 skupina bezdomovcov s\u00fa, samozrejme, R\u00f3movia. A t\u00ed s\u00fa \u00faplne bez \u0161ance.<\/span><\/span> <span style=\"font-family: Arial, sans-serif;\"><span lang=\"sk-SK\">Tej pr\u00e1ce je neskuto\u010dne ve\u013ea, po\u010dn\u00fac od n\u00edzkoprahovej pr\u00e1ce s r\u00f3mskymi de\u0165mi a\u017e po dospel\u00fa popul\u00e1ciu. Detsk\u00e9 domovy s\u00fa pln\u00e9 \u013eud\u00ed bez perspekt\u00edvy, to je absol\u00fatne zanedb\u00e1van\u00e1 oblas\u0165 \u017eivota, ktor\u00e1 je prirodzene \u010dasovanou bombou. Je len ot\u00e1zkou \u010dasu, kedy to bude musie\u0165 niekto radik\u00e1lne vyrie\u0161i\u0165.<\/span><\/span><\/p>\n<p class=\"western\" lang=\"en-US\"><strong><span style=\"font-family: Arial, sans-serif;\"><span lang=\"sk-SK\">Chc\u00fa be\u017en\u00ed \u013eudia pom\u00e1ha\u0165? Ak d\u00e1te v\u00fdzvu, reflektuj\u00fa na \u0148u?<\/span><\/span><\/strong><\/p>\n<p class=\"western\"><span style=\"font-family: Arial, sans-serif;\">Mysl\u00edm si, \u017ee \u00e1no, st\u00e1le \u017eije dos\u0165 \u013eud\u00ed, ktor\u00ed to tak c\u00edtia a vn\u00edmaj\u00fa a pom\u00e1haj\u00fa. Ale samozrejme by ich mohlo by\u0165 viac. M\u00e1m niekedy pocit, akoby sme si my Slov\u00e1ci mysleli, \u017ee e\u0161te nie sme dos\u0165 bohat\u00ed. Ono sa hovor\u00ed, \u017ee to, \u010do ma ni\u010d nestoj\u00ed, za ni\u010d nestoj\u00ed. Ako keby sme prestali rozumie\u0165 v\u00fdznamu obete, \u017ee niektor\u00e9 veci n\u00e1s musia st\u00e1\u0165 nejak\u00fa obe\u0165 \u2013 silu, n\u00e1mahu, energiu a u\u017e sa n\u00e1m to nevr\u00e1ti, ale sme to investovali do nie\u010doho dobr\u00e9ho.<\/span><\/p>\n<p class=\"western\" lang=\"en-US\"><strong><span style=\"font-family: Arial, sans-serif;\"><span lang=\"sk-SK\">Vn\u00edmate, \u017ee sa pomoc trie\u0161ti medzi mno\u017estvo organiz\u00e1ci\u00ed a vlastne nikto nem\u00e1 dos\u0165?<\/span><\/span><\/strong><\/p>\n<p class=\"western\"><span style=\"font-family: Arial, sans-serif;\">Sk\u00f4r si mysl\u00edm, \u017ee by ich e\u0161te mohlo by\u0165 viac. V na\u0161ej krajine je ve\u013ea cirkevn\u00fdch zborov, farnost\u00ed. Pozn\u00e1m pr\u00edklad z Lond\u00fdna, kde ve\u013ea miestnych farnost\u00ed prev\u00e1dzkuje svoju mal\u00fa charitu. Ve\u010der o \u0161iestej bola om\u0161a alebo bohoslu\u017eba, t\u00e1 skon\u010dila, \u0161es\u0165\u010dlenn\u00e1 skupina dobrovo\u013en\u00edkov odniesla stoli\u010dky, priniesla stoly, podala sa ve\u010dera, n\u00fadzni sa najedli, rozlo\u017eili si leh\u00e1tka, vyspali sa a r\u00e1no ich dom\u00e1ci dobrovo\u013en\u00edci vyprevadili ra\u0148ajkami, v\u0161etko zbalili a \u0161li domov. Je tam ove\u013ea v\u00e4\u010d\u0161ia ochota k charitat\u00edvnej pr\u00e1ci. Ve\u010f ke\u010f m\u00e1me priestory, ochotn\u00fdch \u013eud\u00ed, \u010do n\u00e1m stoj\u00ed v ceste robi\u0165 to podobne? Sk\u00fasme vidie\u0165 spolo\u010dnos\u0165 re\u00e1lnymi, nie idealistick\u00fdmi o\u010dami. S\u00fa tu, a v\u017edy aj bud\u00fa tak\u00ed, ktor\u00ed potrebuj\u00fa na\u0161u pomoc, solidaritu, spolupatri\u010dnos\u0165. Nech sa n\u00e1m viac dar\u00ed by\u0165 tak\u00fdmito \u013eu\u010fmi. Sme v\u010fa\u010dn\u00ed v\u0161etk\u00fdm, ktor\u00ed to pochopili a verne sa podie\u013eaj\u00fa na fungovan\u00ed n\u00e1\u0161ho centra pomoci bezdomovcom u\u017e cel\u00e9 roky.<\/span><\/p>\n<p>(www.utociste.sk)<\/p>","protected":false},"excerpt":{"rendered":"<p>Na ulicu \u013eud\u00ed dost\u00e1vaj\u00fa rozvody aj alkoholizmus. V Ko\u0161iciach je cca 1200 \u013eud\u00ed bez domova a v centre mesta \u017eobre 140 det\u00ed. \u0160\u00e9f charity Samarit\u00e1n&nbsp;\u013dubo Badiar hovor\u00ed, \u017ee dosta\u0165 sa na ulicu je \u013eahk\u00e9, no dosta\u0165 sa z nej sp\u00e4\u0165 sa podar\u00ed u\u017e len m\u00e1lokomu. So svoj\u00edm t\u00edmom bezdomovcom \u0161tyrikr\u00e1t do t\u00fd\u017ed\u0148a pod\u00e1vaj\u00fa tepl\u00e9 jedlo, [&hellip;]<\/p>\n","protected":false},"author":2,"featured_media":0,"comment_status":"closed","ping_status":"closed","sticky":false,"template":"","format":"standard","meta":[],"categories":[11,146,8,9],"tags":[],"_links":{"self":[{"href":"https:\/\/btm.sk\/WP\/wp-json\/wp\/v2\/posts\/4827"}],"collection":[{"href":"https:\/\/btm.sk\/WP\/wp-json\/wp\/v2\/posts"}],"about":[{"href":"https:\/\/btm.sk\/WP\/wp-json\/wp\/v2\/types\/post"}],"author":[{"embeddable":true,"href":"https:\/\/btm.sk\/WP\/wp-json\/wp\/v2\/users\/2"}],"replies":[{"embeddable":true,"href":"https:\/\/btm.sk\/WP\/wp-json\/wp\/v2\/comments?post=4827"}],"version-history":[{"count":3,"href":"https:\/\/btm.sk\/WP\/wp-json\/wp\/v2\/posts\/4827\/revisions"}],"predecessor-version":[{"id":4832,"href":"https:\/\/btm.sk\/WP\/wp-json\/wp\/v2\/posts\/4827\/revisions\/4832"}],"wp:attachment":[{"href":"https:\/\/btm.sk\/WP\/wp-json\/wp\/v2\/media?parent=4827"}],"wp:term":[{"taxonomy":"category","embeddable":true,"href":"https:\/\/btm.sk\/WP\/wp-json\/wp\/v2\/categories?post=4827"},{"taxonomy":"post_tag","embeddable":true,"href":"https:\/\/btm.sk\/WP\/wp-json\/wp\/v2\/tags?post=4827"}],"curies":[{"name":"wp","href":"https:\/\/api.w.org\/{rel}","templated":true}]}}