{"id":4800,"date":"2022-03-01T16:19:01","date_gmt":"2022-03-01T15:19:01","guid":{"rendered":"https:\/\/btm.sk\/WP\/?p=4800"},"modified":"2022-03-01T18:23:22","modified_gmt":"2022-03-01T17:23:22","slug":"pomoc-pre-ukrajinu","status":"publish","type":"post","link":"https:\/\/btm.sk\/WP\/2022\/03\/01\/pomoc-pre-ukrajinu\/","title":{"rendered":"POMOC PRE UKRAJINU"},"content":{"rendered":"\n<p>Okrem na\u0161ej solidarity a modlitieb potrebuj\u00fa na Ukrajine aj re\u00e1lnu humanit\u00e1rnu pomoc. Mnoh\u00e9 slovensk\u00e9 organiz\u00e1cie pom\u00e1haj\u00fa priamo na Ukrajine, alebo pom\u00e1haj\u00fa \u013eu\u010fom, ktor\u00ed utekaj\u00fa pred vojnou. Ich prostredn\u00edctvom m\u00f4\u017eete pom\u00f4c\u0165 aj vy. D\u00f4le\u017eit\u00e9 linky: <\/p>\n\n\n\n<p><a rel=\"noreferrer noopener\" href=\"http:\/\/email-click.viaiuris.sk\/public\/open\/nlink\/?u=55c3c510-5216-11e8-b809-0ac4d1df590d&amp;c=d654f1f9-a848-11eb-bd88-0cc47afea67c&amp;l=0670a0a6-996a-11ec-8206-0cc47afea67e&amp;sid=a572bb6410a94614bce5b1311192ec21\" target=\"_blank\">Nad\u00e1cia Integra<\/a><\/p>\n\n\n\n<p><a href=\"https:\/\/www.adra.sk\/\">adra.sk<\/a><\/p>\n\n\n\n<p><a href=\"https:\/\/www.charita.sk\/\">charita.sk<\/a><\/p>\n\n\n\n<p><a href=\"http:\/\/email-click.viaiuris.sk\/public\/open\/nlink\/?u=55c3c510-5216-11e8-b809-0ac4d1df590d&amp;c=d654f1f9-a848-11eb-bd88-0cc47afea67c&amp;l=0667e8e4-996a-11ec-a3d9-0cc47afea67e&amp;sid=a572bb6410a94614bce5b1311192ec21\" target=\"_blank\" rel=\"noreferrer noopener\">\u010clovek v ohrozen\u00ed&nbsp;<\/a><\/p>\n\n\n\n<p><a href=\"http:\/\/email-click.viaiuris.sk\/public\/open\/nlink\/?u=55c3c510-5216-11e8-b809-0ac4d1df590d&amp;c=d654f1f9-a848-11eb-bd88-0cc47afea67c&amp;l=066c5ffa-996a-11ec-a9da-0cc47afea67e&amp;sid=a572bb6410a94614bce5b1311192ec21\" target=\"_blank\" rel=\"noreferrer noopener\">Slovensk\u00fd \u010cerven\u00fd kr\u00ed\u017e<\/a><\/p>\n\n\n\n<p><a rel=\"noreferrer noopener\" href=\"http:\/\/email-click.viaiuris.sk\/public\/open\/nlink\/?u=55c3c510-5216-11e8-b809-0ac4d1df590d&amp;c=d654f1f9-a848-11eb-bd88-0cc47afea67c&amp;l=0674a066-996a-11ec-8859-0cc47afea67e&amp;sid=a572bb6410a94614bce5b1311192ec21\" target=\"_blank\">#KtoPom\u00f4\u017eeUkrajine<\/a><\/p>\n\n\n\n<p><a href=\"http:\/\/email-click.viaiuris.sk\/public\/open\/nlink\/?u=55c3c510-5216-11e8-b809-0ac4d1df590d&amp;c=d654f1f9-a848-11eb-bd88-0cc47afea67c&amp;l=067944ea-996a-11ec-bfa4-0cc47afea67e&amp;sid=a572bb6410a94614bce5b1311192ec21\" target=\"_blank\" rel=\"noreferrer noopener\">PostBellum<\/a><\/p>\n","protected":false},"excerpt":{"rendered":"<p>Okrem na\u0161ej solidarity a modlitieb potrebuj\u00fa na Ukrajine aj re\u00e1lnu humanit\u00e1rnu pomoc. Mnoh\u00e9 slovensk\u00e9 organiz\u00e1cie pom\u00e1haj\u00fa priamo na Ukrajine, alebo pom\u00e1haj\u00fa \u013eu\u010fom, ktor\u00ed utekaj\u00fa pred vojnou. Ich prostredn\u00edctvom m\u00f4\u017eete pom\u00f4c\u0165 aj vy. D\u00f4le\u017eit\u00e9 linky: Nad\u00e1cia Integra adra.sk charita.sk \u010clovek v ohrozen\u00ed&nbsp; Slovensk\u00fd \u010cerven\u00fd kr\u00ed\u017e #KtoPom\u00f4\u017eeUkrajine PostBellum<\/p>\n","protected":false},"author":2,"featured_media":0,"comment_status":"closed","ping_status":"closed","sticky":false,"template":"","format":"standard","meta":[],"categories":[11],"tags":[],"_links":{"self":[{"href":"https:\/\/btm.sk\/WP\/wp-json\/wp\/v2\/posts\/4800"}],"collection":[{"href":"https:\/\/btm.sk\/WP\/wp-json\/wp\/v2\/posts"}],"about":[{"href":"https:\/\/btm.sk\/WP\/wp-json\/wp\/v2\/types\/post"}],"author":[{"embeddable":true,"href":"https:\/\/btm.sk\/WP\/wp-json\/wp\/v2\/users\/2"}],"replies":[{"embeddable":true,"href":"https:\/\/btm.sk\/WP\/wp-json\/wp\/v2\/comments?post=4800"}],"version-history":[{"count":3,"href":"https:\/\/btm.sk\/WP\/wp-json\/wp\/v2\/posts\/4800\/revisions"}],"predecessor-version":[{"id":4804,"href":"https:\/\/btm.sk\/WP\/wp-json\/wp\/v2\/posts\/4800\/revisions\/4804"}],"wp:attachment":[{"href":"https:\/\/btm.sk\/WP\/wp-json\/wp\/v2\/media?parent=4800"}],"wp:term":[{"taxonomy":"category","embeddable":true,"href":"https:\/\/btm.sk\/WP\/wp-json\/wp\/v2\/categories?post=4800"},{"taxonomy":"post_tag","embeddable":true,"href":"https:\/\/btm.sk\/WP\/wp-json\/wp\/v2\/tags?post=4800"}],"curies":[{"name":"wp","href":"https:\/\/api.w.org\/{rel}","templated":true}]}}