{"id":4431,"date":"2021-08-23T17:35:39","date_gmt":"2021-08-23T15:35:39","guid":{"rendered":"https:\/\/btm.sk\/WP\/?p=4431"},"modified":"2021-08-23T17:35:39","modified_gmt":"2021-08-23T15:35:39","slug":"modlite-sa-za-svoju-rodinu","status":"publish","type":"post","link":"https:\/\/btm.sk\/WP\/2021\/08\/23\/modlite-sa-za-svoju-rodinu\/","title":{"rendered":"MODLITE SA ZA SVOJU RODINU"},"content":{"rendered":"<p class=\"western\"><span style=\"font-family: Arial, sans-serif;\">Pred rokmi do\u0161lo medzi mnou a\u00a0mojou sestrou k\u00a0ve\u013ekej roztr\u017eke, ktor\u00e1 sa skon\u010dila tak, \u017ee sme sa spolu cel\u00e9 roky nerozpr\u00e1vali. A\u00a0to v\u0161etko len kv\u00f4li naprost\u00e9mu nepochopeniu! <\/span><\/p>\n\n\n<!--more-->\n\n\n<p class=\"western\"><span style=\"font-family: Arial, sans-serif;\">Na\u0161e osobn\u00e9 zranenia zastreli na\u0161u schopnos\u0165 jasne vn\u00edma\u0165, \u010do sa odohr\u00e1va v \u017eivote tej druhej. Nach\u00e1dzali sme sa v\u00a0dvoch rozdielnych svetoch. Cel\u00e1 t\u00e1 udalos\u0165 ma ve\u013emi tr\u00e1pila. Neprest\u00e1vala som sa za\u00a0to modli\u0165, a\u017e k\u00fdm sme sa nakoniec so sestrou nezmierili a\u00a0neobnovili n\u00e1\u0161 vz\u0165ah.<\/span><br \/><span style=\"font-family: Arial, sans-serif;\">Jedna z vec\u00ed, ktor\u00fa nepriate\u013e na\u0161ej du\u0161e rob\u00ed r\u00e1d, je prenikanie do rodinn\u00fdch vz\u0165ahov, aby v nich sp\u00f4sobil zlyhanie, vz\u00e1jomn\u00e9 nedorozumenie, skrat, aby n\u00e1s zlomil a rozdelil. \u010c\u00edm viac je rodina roz\u0161tiepen\u00e1, t\u00fdm je slab\u0161ia a menej \u00faspe\u0161n\u00e1 a t\u00fdm viac m\u00f4\u017ee nepriate\u013e ovplyv\u0148ova\u0165 jej jednotliv\u00fdch \u010dlenov. Ko\u013eko rodinn\u00fdch vz\u0165ahov je ponechan\u00fdch n\u00e1hode, preto\u017ee niet nikoho, kto by sa za nich modlil! Je smutn\u00e9 vidie\u0165 rozlo\u017een\u00e9 rodiny. A ke\u010f si predstav\u00edte, \u017ee by sa nie\u010do tak\u00e9 stalo va\u0161im de\u0165om, bol\u00ed z toho srdce. Nemus\u00ed to tak v\u0161ak dopadn\u00fa\u0165. Za\u010dnime sa pravidelne modli\u0165 za t\u00fdch, ktor\u00ed s\u00fa n\u00e1m najbli\u017e\u0161ie \u2013 za na\u0161e deti \u2013, a roz\u0161\u00edrme to odtia\u013e \u010falej.<\/span><br \/><span style=\"font-family: Arial, sans-serif;\">Modlite sa za svoje deti opravdovo. Pam\u00e4tajte, \u017ee zatia\u013e, \u010do m\u00e1 Boh pre \u017eivoty va\u0161ich det\u00ed dobr\u00fd pl\u00e1n, satan m\u00e1 pre ne tie\u017e svoj pl\u00e1n. Satan m\u00e1 v pl\u00e1ne va\u0161e deti zni\u010di\u0165 a bude sa sna\u017ei\u0165 vyu\u017ei\u0165 na to v\u0161etky mo\u017en\u00e9 prostriedky: drogy, alkohol, vzdor, sex, nehody, choroby&#8230; Nebude v\u0161ak schopn\u00fd naplno vyu\u017e\u00edva\u0165 tieto n\u00e1strahy, ak bude jeho moc preb\u00edjan\u00e1 modlitbou.<\/span><br \/><span style=\"font-family: Arial, sans-serif;\">Boh n\u00e1m d\u00e1va z neba silu. A my sa m\u00f4\u017eeme sta\u0165 n\u00e1dobou, prostredn\u00edctvom ktorej t\u00e1to sila pr\u00fadi \u010falej. Ke\u010f sa modl\u00edme, prin\u00e1\u0161ame t\u00fato silu do v\u0161etk\u00e9ho, za \u010do sa modl\u00edme, a dovo\u013eujeme Bo\u017eej moci, aby sa prejavila v na\u0161ej slabosti. Ke\u010f sa nemodl\u00edme, je to ako by sme hovorili, \u017ee ni\u010d okrem seba nepotrebujeme, \u017ee si vysta\u010d\u00edme sami. Modlitba v Je\u017ei\u0161ovom mene n\u00e1m v\u0161ak d\u00e1va moc nad nepriate\u013eom a dokazuje, \u017ee ver\u00edme, \u017ee Boh vykon\u00e1 to, \u010do jeho slovo s\u013eubuje. Boh s\u00edce pozn\u00e1 na\u0161e my\u0161lienky a na\u0161e potreby, av\u0161ak r\u00e1d odpoved\u00e1 na na\u0161e modlitby. D\u00e1va n\u00e1m toti\u017e v\u017edy a vo v\u0161etkom mo\u017enos\u0165 vo\u013eby \u2013 vr\u00e1tane toho, \u010di mu budeme d\u00f4verova\u0165 a \u010di vyu\u017eijeme ponuku modlitby. <\/span><br \/><span style=\"font-family: Arial, sans-serif;\">Modlitba neovplyv\u0148uje iba n\u00e1s sam\u00fdch, ale presahuje n\u00e1s a dot\u00fdka sa t\u00fdch, za ktor\u00fdch sa modl\u00edme. A nikdy nie je neskoro za\u010da\u0165&#8230;<\/span><br \/><span style=\"font-family: Arial, sans-serif;\">(S. Omartianov\u00e1)<\/span><\/p>","protected":false},"excerpt":{"rendered":"<p>Pred rokmi do\u0161lo medzi mnou a\u00a0mojou sestrou k\u00a0ve\u013ekej roztr\u017eke, ktor\u00e1 sa skon\u010dila tak, \u017ee sme sa spolu cel\u00e9 roky nerozpr\u00e1vali. A\u00a0to v\u0161etko len kv\u00f4li naprost\u00e9mu nepochopeniu!<\/p>\n","protected":false},"author":2,"featured_media":0,"comment_status":"closed","ping_status":"open","sticky":false,"template":"","format":"standard","meta":[],"categories":[146,4],"tags":[],"_links":{"self":[{"href":"https:\/\/btm.sk\/WP\/wp-json\/wp\/v2\/posts\/4431"}],"collection":[{"href":"https:\/\/btm.sk\/WP\/wp-json\/wp\/v2\/posts"}],"about":[{"href":"https:\/\/btm.sk\/WP\/wp-json\/wp\/v2\/types\/post"}],"author":[{"embeddable":true,"href":"https:\/\/btm.sk\/WP\/wp-json\/wp\/v2\/users\/2"}],"replies":[{"embeddable":true,"href":"https:\/\/btm.sk\/WP\/wp-json\/wp\/v2\/comments?post=4431"}],"version-history":[{"count":1,"href":"https:\/\/btm.sk\/WP\/wp-json\/wp\/v2\/posts\/4431\/revisions"}],"predecessor-version":[{"id":4432,"href":"https:\/\/btm.sk\/WP\/wp-json\/wp\/v2\/posts\/4431\/revisions\/4432"}],"wp:attachment":[{"href":"https:\/\/btm.sk\/WP\/wp-json\/wp\/v2\/media?parent=4431"}],"wp:term":[{"taxonomy":"category","embeddable":true,"href":"https:\/\/btm.sk\/WP\/wp-json\/wp\/v2\/categories?post=4431"},{"taxonomy":"post_tag","embeddable":true,"href":"https:\/\/btm.sk\/WP\/wp-json\/wp\/v2\/tags?post=4431"}],"curies":[{"name":"wp","href":"https:\/\/api.w.org\/{rel}","templated":true}]}}