{"id":4313,"date":"2021-04-21T15:31:19","date_gmt":"2021-04-21T13:31:19","guid":{"rendered":"https:\/\/btm.sk\/WP\/?p=4313"},"modified":"2021-04-21T15:31:20","modified_gmt":"2021-04-21T13:31:20","slug":"preco-necitime-boziu-blizkost","status":"publish","type":"post","link":"https:\/\/btm.sk\/WP\/2021\/04\/21\/preco-necitime-boziu-blizkost\/","title":{"rendered":"PRE\u010cO NEC\u00cdTIME BO\u017dIU BL\u00cdZKOS\u0164?"},"content":{"rendered":"<p class=\"western\" lang=\"en-US\"><span style=\"color: #050a30;\"><span style=\"font-family: Arial, sans-serif;\"><span style=\"font-size: medium;\"><span lang=\"sk-SK\"><i>A h\u013ea, v ten ist\u00fd de\u0148 i\u0161li z nich dvaja do meste\u010dka, vzdialen\u00e9ho od Jeruzalema na \u0161es\u0165desiat honov, ktor\u00e9 sa volalo Emauzy. A zhov\u00e1rali sa o v\u0161etkom, \u010do sa stalo. Ako sa tak zhov\u00e1rali a navz\u00e1jom dotazovali, pribl\u00ed\u017eil sa k nim aj s\u00e1m Je\u017ei\u0161 a \u0161iel s nimi. Ale ich o\u010di boli zdr\u017eiavan\u00e9, aby Ho nepoznali\u2026 A ke\u010f stoloval s nimi, vzal chlieb, dobrore\u010dil, l\u00e1mal a pod\u00e1val im. Tu sa im otvorili o\u010di a poznali Ho. (Luk\u00e1\u0161 24, 13-31<\/i><\/span><\/span><\/span><\/span><span style=\"color: #050a30;\"><span style=\"font-family: Arial, sans-serif;\"><span style=\"font-size: medium;\"><span lang=\"sk-SK\"><i>)<\/i><\/span><\/span><\/span><\/span><!--more--><\/p>\n<p class=\"western\" lang=\"en-US\"><span style=\"font-family: Arial, sans-serif;\"><span lang=\"sk-SK\">U\u017e vy\u0161e roka pre\u017e\u00edvame na celom svete n\u00e1ro\u010dn\u00fa situ\u00e1ciu kovidovej pand\u00e9mie. Ve\u013ea \u013eud\u00ed pre\u017e\u00edva z\u00e1rmutok zo straty bl\u00edzkeho \u010dloveka, in\u00fdch premohol strach z choroby, alebo sami s nejakou chorobou z\u00e1pasia, maj\u00fa obavy z bud\u00facnosti, zo straty pr\u00e1ce, \u010di zabezpe\u010denia rodiny. Frustruj\u00fa n\u00e1s r\u00f4zne obmedzenia a protiepidemick\u00e9 opatrenia. Navy\u0161e v\u00f4bec nie je jasn\u00e9, kedy sa to skon\u010d\u00ed&#8230;<\/span><\/span><\/p>\n<p class=\"western\" lang=\"en-US\"><span style=\"font-family: Arial, sans-serif;\"><span lang=\"sk-SK\">Pok\u00fa<\/span><\/span><span style=\"font-family: Arial, sans-serif;\"><span lang=\"sk-SK\">sme sa necha\u0165 oslovi\u0165 sk\u00fasenos\u0165ou u\u010den\u00edkov id\u00facich do Emauz. Odi\u0161li z Jeruzalema pln\u00ed z\u00e1rmutku z Je\u017ei\u0161ovej smrti, sklaman\u00ed, \u017ee sa nenaplnilo to, \u010do si od neho s\u013eubovali, a v bezn\u00e1deji, preto\u017ee v\u00f4bec netu\u0161ia, \u010do bude \u010falej. Po\u010duli s\u00edce spr\u00e1vu o pr\u00e1zdnom hrobe a aj nie\u010do o tom, \u017ee Je\u017ei\u0161 je vraj \u017eiv\u00fd, ich n\u00e1ladu to v\u0161ak nijako nezlep\u0161ilo ani neovplyvnilo. <\/span><\/span><\/p>\n<p class=\"western\" lang=\"en-US\"><span style=\"font-family: Arial, sans-serif;\"><span lang=\"sk-SK\">Po ceste sa k nim pripojil Je\u017ei\u0161. A podobne ide aj s nami, aj v tejto situ\u00e1cii. \u010co br\u00e1ni na\u0161im o\u010diam, aby sme ho videli? Do \u010doho sme tak ve\u013emi ponoren\u00ed, \u017ee ho nevid\u00edme a nec\u00edtime jeho bl\u00edzkos\u0165? Je\u017ei\u0161 n\u00e1s vyz\u00fdva, aby sme sa s n\u00edm rozpr\u00e1vali. Nie preto, \u017ee by to nevedel. On stoj\u00ed o to, aby sme mu hovorili, \u010do a ako pre\u017e\u00edvame, a pre\u010do sa c\u00edtime tak, ako sa c\u00edtime. Pon\u00faka n\u00e1m mo\u017enos\u0165 podeli\u0165 sa o svoje obavy, z\u00e1rmutok, frustr\u00e1ciu&#8230; Nebojme sa rozpr\u00e1va\u0165! A potom na\u010d\u00favajme a prosme, aby sa aj na\u0161e srdcia znova rozhoreli. Prosme, aby s nami ostal, aby sa stal s\u00fa\u010das\u0165ou n\u00e1\u0161ho be\u017en\u00e9ho ka\u017edodenn\u00e9ho \u017eivota. Lebo stretnutie sa so vzkriesen\u00fdm Je\u017ei\u0161om v\u017edy premie\u0148a z\u00e1rmutok a sklamanie na rados\u0165, znova stavia na nohy a d\u00e1va v\u0161etk\u00e9mu nov\u00fd zmysel.<\/span><\/span><\/p>\n<p class=\"western\"><span style=\"font-family: Arial, sans-serif;\">(P. Semela)<\/span><\/p>\n","protected":false},"excerpt":{"rendered":"<p>A h\u013ea, v ten ist\u00fd de\u0148 i\u0161li z nich dvaja do meste\u010dka, vzdialen\u00e9ho od Jeruzalema na \u0161es\u0165desiat honov, ktor\u00e9 sa volalo Emauzy. A zhov\u00e1rali sa o v\u0161etkom, \u010do sa stalo. Ako sa tak zhov\u00e1rali a navz\u00e1jom dotazovali, pribl\u00ed\u017eil sa k nim aj s\u00e1m Je\u017ei\u0161 a \u0161iel s nimi. Ale ich o\u010di boli zdr\u017eiavan\u00e9, aby Ho [&hellip;]<\/p>\n","protected":false},"author":2,"featured_media":0,"comment_status":"closed","ping_status":"open","sticky":false,"template":"","format":"standard","meta":[],"categories":[11,146,4,9],"tags":[],"_links":{"self":[{"href":"https:\/\/btm.sk\/WP\/wp-json\/wp\/v2\/posts\/4313"}],"collection":[{"href":"https:\/\/btm.sk\/WP\/wp-json\/wp\/v2\/posts"}],"about":[{"href":"https:\/\/btm.sk\/WP\/wp-json\/wp\/v2\/types\/post"}],"author":[{"embeddable":true,"href":"https:\/\/btm.sk\/WP\/wp-json\/wp\/v2\/users\/2"}],"replies":[{"embeddable":true,"href":"https:\/\/btm.sk\/WP\/wp-json\/wp\/v2\/comments?post=4313"}],"version-history":[{"count":1,"href":"https:\/\/btm.sk\/WP\/wp-json\/wp\/v2\/posts\/4313\/revisions"}],"predecessor-version":[{"id":4314,"href":"https:\/\/btm.sk\/WP\/wp-json\/wp\/v2\/posts\/4313\/revisions\/4314"}],"wp:attachment":[{"href":"https:\/\/btm.sk\/WP\/wp-json\/wp\/v2\/media?parent=4313"}],"wp:term":[{"taxonomy":"category","embeddable":true,"href":"https:\/\/btm.sk\/WP\/wp-json\/wp\/v2\/categories?post=4313"},{"taxonomy":"post_tag","embeddable":true,"href":"https:\/\/btm.sk\/WP\/wp-json\/wp\/v2\/tags?post=4313"}],"curies":[{"name":"wp","href":"https:\/\/api.w.org\/{rel}","templated":true}]}}