{"id":4205,"date":"2021-01-19T12:51:34","date_gmt":"2021-01-19T11:51:34","guid":{"rendered":"https:\/\/btm.sk\/WP\/?p=4205"},"modified":"2021-01-19T12:51:34","modified_gmt":"2021-01-19T11:51:34","slug":"bozi-dar-mudrosti-a-pochopenia","status":"publish","type":"post","link":"https:\/\/btm.sk\/WP\/2021\/01\/19\/bozi-dar-mudrosti-a-pochopenia\/","title":{"rendered":"BO\u017d\u00cd DAR M\u00daDROSTI A POCHOPENIA"},"content":{"rendered":"<p class=\"western\" lang=\"en-US\"><span style=\"font-family: Arial, sans-serif;\"><span lang=\"sk-SK\">Pre\u017eili sme zvl\u00e1\u0161tny a pre mnoh\u00fdch z n\u00e1s ve\u013emi \u0165a\u017ek\u00fd rok 2020 a zd\u00e1 sa, \u017ee aj v novom roku bud\u00fa starosti a probl\u00e9my spojen\u00e9 s pand\u00e9miou koronav\u00edrusu e\u0161te nejak\u00fd \u010das pokra\u010dova\u0165. <\/span><\/span><\/p>\n\n\n<!--more-->\n\n\n<p class=\"western\"><span style=\"font-family: Arial, sans-serif;\"><span style=\"font-size: medium;\"><i><b>Preto i ja, ke\u010f som po\u010dul o va\u0161ej viere v P\u00e1na Je\u017ei\u0161a a o l\u00e1ske ku v\u0161etk\u00fdm sv\u00e4t\u00fdm, neprest\u00e1vam \u010fakova\u0165 za v\u00e1s a rozpom\u00edna\u0165 sa na v\u00e1s v modlitb\u00e1ch, aby Boh n\u00e1\u0161ho P\u00e1na Je\u017ei\u0161a Krista, Otec sl\u00e1vy, dal v\u00e1m Ducha m\u00fadrosti a zjavenia v pozn\u00e1van\u00ed Jeho a osvietil o\u010di v\u00e1\u0161ho srdca, aby ste vedeli, \u010do je to za n\u00e1dej, do ktorej On povol\u00e1va, \u010do je to za bohatstvo Jeho sl\u00e1vneho dedi\u010dstva\u2026 (Efezsk\u00fdm 1,15-18)<\/b><\/i><\/span><\/span><\/p>\n<p class=\"western\"><span style=\"font-family: Arial, sans-serif;\">K m\u00f4jmu zn\u00e1memu sa raz, e\u0161te ke\u010f bol die\u0165a, nezachoval dobre jeho kamar\u00e1t. M\u00f4j zn\u00e1my sa vtedy nahneval a p\u00fdtal sa, ako mu to mohol spravi\u0165, \u017ee je to ve\u013emi nespravodliv\u00e9. Jeho mami\u010dka mu v\u0161ak na to povedala: Nie je spr\u00e1vne, ako sa k tebe kamar\u00e1t zachoval, ale ty sa sk\u00f4r p\u00fdtaj, \u010do ti t\u00fdm chcel P\u00e1n Boh poveda\u0165.<\/span><\/p>\n<p class=\"western\" lang=\"en-US\"><span style=\"font-family: Arial, sans-serif;\"><span lang=\"sk-SK\">Ve\u013ea \u013eud\u00ed sa dnes hnev\u00e1 na vl\u00e1du &#8211; niekto preto, lebo n\u00e1s lep\u0161ie neochr\u00e1nila, in\u00ed kv\u00f4li tomu, \u017ee n\u00e1s obmedzuje. Niekto sa zlost\u00ed na spoluob\u010danov, ktor\u00ed v\u0161etko ignoruj\u00fa a spr\u00e1vaj\u00fa sa nezodpovedne a kv\u00f4li ktor\u00fdm sa epid\u00e9mia a s \u0148ou spojen\u00e9 komplik\u00e1cie pretiahnu, niekto nem\u00f4\u017ee vyst\u00e1\u0165 t\u00fdch, ktor\u00ed sa nech\u00e1vaj\u00fa manipulova\u0165 strachom, lebo vraj sa tak pripravuj\u00fa o slobodu\u2026<\/span><\/span><\/p>\n<p class=\"western\" lang=\"en-US\"><span style=\"font-family: Arial, sans-serif;\"><span lang=\"sk-SK\">V\u0161etk\u00fdm by n\u00e1m v\u0161ak ve\u013emi prospelo, keby sme si \u00faprimne kl\u00e1dli ot\u00e1zku, ktor\u00fa v na\u0161om kr\u00e1tkom pr\u00edbehu odporu\u010dila mami\u010dka m\u00f4jho zn\u00e1meho: <\/span><\/span><span style=\"font-family: Arial, sans-serif;\"><span lang=\"sk-SK\"><b>To, \u010do sa deje, je zl\u00e9, ale \u010do n\u00e1m t\u00fdm chce Boh poveda\u0165? \u010co n\u00e1s t\u00fdm chce nau\u010di\u0165? \u010co si z toho m\u00e1me vzia\u0165?<\/b><\/span><\/span><\/p>\n<p class=\"western\"><span style=\"font-family: Arial, sans-serif;\">V\u0161imol som si e\u0161te jednu vec. Sme zaplaven\u00ed mnoh\u00fdmi inform\u00e1ciami, ale aj dezinform\u00e1ciami, rozdielnymi a \u010dasto protichodn\u00fdmi n\u00e1zormi odborn\u00edkov a pseudoodborn\u00edkov. Je pochopite\u013en\u00e9, \u017ee sa v nich ka\u017ed\u00fd zorientuje trochu inak a inak ich aj vyhodnot\u00ed. \u017dia\u013e, \u010dasto sa st\u00e1va, \u017ee m\u00e1me z\u00e1ver hotov\u00fd vopred, pod\u013ea toho, \u010do sa mi p\u00e1\u010di alebo nep\u00e1\u010di, \u010do ma pr\u00e1ve znepokojuje, ak\u00fd m\u00e1m celkov\u00fd poh\u013ead na okolit\u00fd svet, na cirkev, politiku at\u010f. A tak je potom ve\u013emi jednoduch\u00e9 vybra\u0165 si z mno\u017estva inform\u00e1ci\u00ed a n\u00e1zorov len tie, ktor\u00e9 m\u00f4j poh\u013ead podporuj\u00fa, a vyhl\u00e1si\u0165 za dezinform\u00e1cie to, \u010do sa mi nehod\u00ed. A to n\u00e1s nikam neposunie, len preh\u013abi rozdelenie.<\/span><\/p>\n<p class=\"western\" lang=\"en-US\"><span style=\"font-family: Arial, sans-serif;\"><span lang=\"sk-SK\">Apo\u0161tol Pavol vyprosuje kres\u0165anom od Otca dar m\u00fadro ch\u00e1pa\u0165 veci a ich zmysel odha\u013eova\u0165, aby mohli ma\u0165 o \u0147om (Bohu n\u00e1\u0161ho P\u00e1na Je\u017ei\u0161a Krista) spr\u00e1vne poznanie. Bo\u017e\u00ed dar m\u00fadreho ch\u00e1pania a odha\u013eovania zmyslu toho, \u010do pre\u017e\u00edvame, vedie k spr\u00e1vnemu poznaniu Boha. Nestalo sa n\u00e1m n\u00e1hodou, \u017ee sme si to aj tu oto\u010dili? Teda, \u017ee s\u00fac presved\u010den\u00ed o tom, \u017ee pozn\u00e1me Boha, pova\u017eujeme taktie\u017e svoje pochopenie vec\u00ed za m\u00fadre a jedin\u00e9 spr\u00e1vne? V takom pr\u00edpade v\u0161ak u\u017e nie sme schopn\u00ed Otca pln\u0161ie spozn\u00e1va\u0165 a On nem\u00f4\u017ee osvecova\u0165 na\u0161e srdce. Zatv\u00e1rame sa tak pred n\u00e1dejou pripravenou t\u00fdm, ktor\u00fdch povolal, a pred pokladmi sl\u00e1vy pripraven\u00fdmi n\u00e1m ako dedi\u010dstvo.<\/span><\/span><\/p>\n<p class=\"western\"><span style=\"font-family: Arial, sans-serif;\"><b>Vyprosujme si do nov\u00e9ho roku Bo\u017e\u00ed dar m\u00fadrosti a pochopenia, aby na\u0161e srdce mohlo by\u0165 pre\u017eiaren\u00e9 n\u00e1dejou, ktorej garantom je Otec sl\u00e1vy.<\/b><\/span><\/p>\n<p class=\"western\"><span style=\"font-family: Arial, sans-serif;\">(P. Semela)<\/span><\/p>","protected":false},"excerpt":{"rendered":"<p>Pre\u017eili sme zvl\u00e1\u0161tny a pre mnoh\u00fdch z n\u00e1s ve\u013emi \u0165a\u017ek\u00fd rok 2020 a zd\u00e1 sa, \u017ee aj v novom roku bud\u00fa starosti a probl\u00e9my spojen\u00e9 s pand\u00e9miou koronav\u00edrusu e\u0161te nejak\u00fd \u010das pokra\u010dova\u0165.<\/p>\n","protected":false},"author":2,"featured_media":0,"comment_status":"closed","ping_status":"open","sticky":false,"template":"","format":"standard","meta":[],"categories":[11,146,4,9],"tags":[],"_links":{"self":[{"href":"https:\/\/btm.sk\/WP\/wp-json\/wp\/v2\/posts\/4205"}],"collection":[{"href":"https:\/\/btm.sk\/WP\/wp-json\/wp\/v2\/posts"}],"about":[{"href":"https:\/\/btm.sk\/WP\/wp-json\/wp\/v2\/types\/post"}],"author":[{"embeddable":true,"href":"https:\/\/btm.sk\/WP\/wp-json\/wp\/v2\/users\/2"}],"replies":[{"embeddable":true,"href":"https:\/\/btm.sk\/WP\/wp-json\/wp\/v2\/comments?post=4205"}],"version-history":[{"count":1,"href":"https:\/\/btm.sk\/WP\/wp-json\/wp\/v2\/posts\/4205\/revisions"}],"predecessor-version":[{"id":4206,"href":"https:\/\/btm.sk\/WP\/wp-json\/wp\/v2\/posts\/4205\/revisions\/4206"}],"wp:attachment":[{"href":"https:\/\/btm.sk\/WP\/wp-json\/wp\/v2\/media?parent=4205"}],"wp:term":[{"taxonomy":"category","embeddable":true,"href":"https:\/\/btm.sk\/WP\/wp-json\/wp\/v2\/categories?post=4205"},{"taxonomy":"post_tag","embeddable":true,"href":"https:\/\/btm.sk\/WP\/wp-json\/wp\/v2\/tags?post=4205"}],"curies":[{"name":"wp","href":"https:\/\/api.w.org\/{rel}","templated":true}]}}