{"id":4201,"date":"2021-01-19T12:44:22","date_gmt":"2021-01-19T11:44:22","guid":{"rendered":"https:\/\/btm.sk\/WP\/?p=4201"},"modified":"2021-01-19T12:44:22","modified_gmt":"2021-01-19T11:44:22","slug":"svetlo-v-tmach","status":"publish","type":"post","link":"https:\/\/btm.sk\/WP\/2021\/01\/19\/svetlo-v-tmach\/","title":{"rendered":"SVETLO V TM\u00c1CH"},"content":{"rendered":"<p class=\"western\" lang=\"en-US\"><b><span style=\"color: #000000;\"><span style=\"font-family: Arial, sans-serif;\"><span style=\"font-size: medium;\"><span lang=\"sk-SK\"><i>\u013dud, ktor\u00fd chod\u00ed vo tme, uzrie ve\u013ek\u00e9 svetlo; nad t\u00fdmi, ktor\u00ed b\u00fdvaj\u00fa v temnej krajine, za\u017eiari svetlo.<\/i><\/span><\/span><\/span><\/span><span style=\"color: #000000;\"><span style=\"font-family: Arial, sans-serif;\"><span style=\"font-size: medium;\"><span lang=\"sk-SK\"><i> (Izai\u00e1\u0161 9,1)<\/i><\/span><\/span><\/span><\/span><\/b><\/p>\n\n\n<!--more-->\n\n\n<p class=\"western\"><span style=\"font-family: Arial, sans-serif;\">V \u017eivote \u010dasto prech\u00e1dzame tmav\u00fdmi tunelmi. Svetl\u00e1 hasn\u00fa, dni potemnej\u00fa, \u017eivot bol\u00ed\u2026 Vol\u00e1me, ale akoby nikto neodpovedal&#8230; Aj sa modl\u00edme, ale zd\u00e1 sa n\u00e1m, \u017ee n\u00e1s nikto nepo\u010duje&#8230; Tunel je pr\u00edli\u0161 dlh\u00fd,\u00a0<\/span><span style=\"font-family: Arial, sans-serif;\"><span lang=\"sk-SK\">akoby bez konca&#8230;\u00a0<\/span><\/span><span style=\"font-family: Arial, sans-serif;\"><span lang=\"sk-SK\">Av\u0161ak ka\u017ed\u00fd tunel sa raz skon\u010d\u00ed,\u00a0<\/span><\/span><span style=\"font-family: Arial, sans-serif;\">v\u017edy je tam kdesi vzadu svetlo! Aj za t\u00fdm posledn\u00fdm tunelom n\u00e1\u0161ho \u017eivota \u2013\u00a0<\/span><span style=\"font-family: Arial, sans-serif;\">ke\u010f je pred nami smr\u0165 \u2013 n\u00e1m vych\u00e1dza v \u00fastrety VE\u010cN\u00c9 SVETLO!\u00a0<\/span><span style=\"font-family: Arial, sans-serif;\">(Ph. Bosmans)<\/span><\/p>\n<p class=\"western\" lang=\"en-US\"><em><span style=\"color: #000000;\"><span style=\"font-family: Arial, sans-serif;\"><span style=\"font-size: medium;\"><span lang=\"sk-SK\"><b>Cho\u010fme <\/b><\/span><\/span><\/span><\/span><\/em><em><span style=\"color: #000000;\"><span style=\"font-family: Arial, sans-serif;\"><span style=\"font-size: medium;\"><b>v svetle Hospodinovom!<\/b><\/span><\/span><\/span><\/em><em><span style=\"color: #000000;\"><span style=\"font-family: Arial, sans-serif;\"><span style=\"font-size: medium;\"><span lang=\"sk-SK\"><b> (Izai\u00e1\u0161 2,5)<\/b><\/span><\/span><\/span><\/span><\/em><\/p>\n<p class=\"western\"><span style=\"font-family: Arial, sans-serif;\">Aj temn\u00e9 obdobia v na\u0161om \u017eivote n\u00e1m m\u00f4\u017eu posl\u00fa\u017ei\u0165 na ponau\u010denie. Temnota n\u00e1s m\u00f4\u017ee mnoh\u00e9mu nau\u010di\u0165, m\u00f4\u017ee n\u00e1m otvori\u0165 o\u010di pre veci, ktor\u00e9 by sme inak nepoznali. Podobne ako sa rok premie\u0148a ro\u010dn\u00fdmi obdobiami, premie\u0148a sa aj \u010dlovek obdobiami radosti, kr\u00edz a nakoniec smr\u0165ou a vzkriesen\u00edm. Zd\u00e1 se, \u017ee niet inej cesty pre rast a premenu. Ak sa \u00fazkostlivo vyh\u00fdbame temnote, vyh\u00fdbame sa nap\u00e4tiu, ale aj duchovnej kreativite a nakoniec i akejko\u013evek premene. Boh toti\u017e p\u00f4sob\u00ed aj v na\u0161ej temnote, tam, kde my sami nem\u00e1me ni\u010d pod kontrolou. <\/span><\/p>\n<p class=\"western\"><span style=\"font-family: Arial, sans-serif;\"><b>Bo\u017ee ty pozn\u00e1\u0161 m\u00f4j \u017eivot, ty vie\u0161, kde a ako pre\u017e\u00edvam svoje temn\u00e9 chv\u00edle. Vstupuj, pros\u00edm, aj do mojej temnoty, do mojich smutn\u00fdch a temn\u00fdch chv\u00ed\u013e so svojou uzdravuj\u00facou a zachra\u0148uj\u00facou mocou.<\/b><\/span><\/p>\n<p class=\"western\"><span style=\"font-family: Arial, sans-serif;\">Na mal\u00fa horsk\u00fa dedinku padla noc. Dnes sa noc obliekla do ve\u013emi hustej tmy, temnej ako moje my\u0161lienky, ktor\u00e9 ma prenasleduj\u00fa cel\u00fd de\u0148. Moja \u00fazkos\u0165 je st\u00e1le siln\u00e1 a hlbok\u00e1, st\u00e1le mi \u010dosi br\u00e1ni pre\u017e\u00edva\u0165 rados\u0165. Pr\u00edli\u0161 ma znepokojuje s\u00fa\u010dasn\u00e1 situ\u00e1cia. Po ve\u010dernej modlitbe sa idem e\u0161te prejs\u0165, no zaplavuje ma intenz\u00edvny strach&#8230;<\/span><\/p>\n<p class=\"western\" lang=\"en-US\"><span style=\"font-family: Arial, sans-serif;\"><span lang=\"sk-SK\">\u013du\u010fom opakujem, \u017ee sa nesmieme b\u00e1\u0165, no s\u00e1m moment\u00e1lne nie som schopn\u00fd t\u00fa \u00fazkos\u0165 vo svojom srdci zapla\u0161i\u0165&#8230; Dv\u00edham o\u010di, ktor\u00e9 s\u00fa e\u0161te pln\u00e9 umel\u00e9ho svetla z vn\u00fatra domu, no nevid\u00edm ni\u010d, len temn\u00fa \u010diernu oblohu. Odrazu si v\u0161\u00edmam mal\u00e9 svetielka. Objavuj\u00fa sa hviezdy, s\u00fa ako tane\u010dnice, ktor\u00e9 postupne vstupuj\u00fa na sc\u00e9nu. U\u017e s\u00fa tu! Je ich to\u013eko! S\u00fa tak\u00e9 vzdialen\u00e9, a predsa tak\u00e9 bl\u00edzke! \u017diaria. A jedna viac ako ostatn\u00e9. Uprene ju pozorujem, ba m\u00e1m dokonca chu\u0165 ju vzia\u0165 do r\u00fak a pritisn\u00fa\u0165 si ju na hru\u010f. Neviem, ako sa vol\u00e1, z astron\u00f3mie neviem ni\u010d. Pripad\u00e1 mi ako t\u00e1 hviezda, ktor\u00e1 sa kedysi rozsvietila nad jednou betlehemskou ma\u0161ta\u013ekou, a od t\u00fdch \u010dias nezhasla. T\u00e1 mal\u00e1 hviezda mi pripom\u00edna, \u017ee sa narodil Spasite\u013e. A moja n\u00e1dej sa odrazu vr\u00e1tila. Usmievam sa. \u00c1no, tiene v\u0161etk\u00e9ho zla vo svete, sm\u00fatok a ne\u0161\u0165astie zatem\u0148uj\u00fa moje srdce a zd\u00e1 sa, \u017ee zakr\u00fdvaj\u00fa aj moju myse\u013e, ja som si v\u0161ak op\u00e4\u0165 mohol uvedomi\u0165, \u017ee aj v t\u00fato noc \u017eiari SVETLO, ktor\u00e9 svojou pr\u00edtomnos\u0165ou nav\u017edy rozpty\u013euje ak\u00fako\u013evek temnotu.<\/span><\/span><\/p>\n<p class=\"western\" lang=\"en-US\"><span style=\"color: #000000;\"><span style=\"font-family: Arial, sans-serif;\"><span style=\"font-size: medium;\"><span lang=\"sk-SK\"><i><b>To svetlo svieti v tme, ale tma Ho nepohltila.<\/b><\/i><\/span><\/span><\/span><\/span><span style=\"color: #000000;\"><span style=\"font-family: Arial, sans-serif;\"><span style=\"font-size: medium;\"><span lang=\"sk-SK\"><i><b> (J\u00e1n 1,5)<\/b><\/i><\/span><\/span><\/span><\/span><\/p>\n<p class=\"western\" lang=\"en-US\"><span style=\"color: #000000;\"><span style=\"font-family: Arial, sans-serif;\"><span style=\"font-size: medium;\"><span lang=\"sk-SK\">Iste m\u00e1me v\u0161etci za sebou mnoho prian\u00ed \u0161\u0165astn\u00e9ho, \u00faspe\u0161n\u00e9ho a skvel\u00e9ho nov\u00e9ho roku. Samozrejme, popria\u0165 druh\u00fdm aj sebe dobro nie je zl\u00e9. Dobre v\u0161ak vieme, \u017ee v\u0161etko v roku, ktor\u00fd sa za\u010dal, asi nebude len \u0161\u0165astn\u00e9, \u00faspe\u0161n\u00e9 a skvel\u00e9. Je to tak predsa ka\u017ed\u00fd rok! Niekedy to vyzer\u00e1, akoby si \u010dlovek chcel t\u00fdmi \u017eelaniami svoju bud\u00facnos\u0165 akosi zakl\u00edna\u0165, aby si zaistil \u00faspech. Je to v\u0161ak m\u00e1rne, \u017eivot pod\u013ea tak\u00fdchto n\u00f4t nefunguje. Existuje e\u0161te in\u00e1 mo\u017enos\u0165 \u2013 vidie\u0165 v\u0161etko pred sebou \u010dierne, zl\u00e9, tragick\u00e9, ur\u010dite hor\u0161ie ako vlani. S tak\u00fdmto poh\u013eadom do bud\u00facnosti by sa n\u00e1m v\u0161ak pr\u00edtomnos\u0165 \u017eila ve\u013emi \u0165a\u017eko.<\/span><\/span><\/span><\/span><\/p>\n<p class=\"western\" lang=\"en-US\"><span style=\"color: #000000;\"><span style=\"font-family: Arial, sans-serif;\"><span style=\"font-size: medium;\"><span lang=\"sk-SK\">A tak by sme mali rad\u0161ej upriami\u0165 na\u0161u pozornos\u0165 na svetlo, ktor\u00e9 sa roz\u017ealo pred dvetis\u00edc rokmi a dodnes nezhaslo, hoci proti nemu mnoh\u00ed bojovali. No ani Herodes, ani Pil\u00e1t, ani \u017eidovsk\u00ed star\u0161\u00ed, ale ani Marx, Stalin, Mao a mnoh\u00ed \u010fal\u0161\u00ed nedok\u00e1zali zhasn\u00fa\u0165 svetlo menom Je\u017ei\u0161. On je pr\u00e1ve t\u00fdm svetlom, ktor\u00e9 osved\u010dilo svoju st\u00e1los\u0165, \u017eivotaschopnos\u0165 a silu v protivenstv\u00e1ch, likvida\u010dn\u00fdch kampaniach, ohov\u00e1raniach, nen\u00e1visti a nepriate\u013estve. Ak\u00e9 in\u00e9 svetlo by sme si mali ob\u013e\u00fabi\u0165? Ak\u00e9mu in\u00e9mu svetlu d\u00f4verova\u0165? V akom inom svetle by sme sa mali sna\u017ei\u0165 chodi\u0165?<\/span><\/span><\/span><\/span><\/p>\n<p class=\"western\"><span style=\"font-family: Arial, sans-serif;\"><span style=\"font-size: medium;\"><i><b>Je\u017ei\u0161 hovor\u00ed: <\/b><\/i><\/span><\/span><\/p>\n<p class=\"western\" lang=\"en-US\"><span style=\"color: #000000;\"><span style=\"font-family: Arial, sans-serif;\"><span style=\"font-size: medium;\"><span lang=\"sk-SK\"><i><b>J<\/b><\/i><\/span><\/span><\/span><\/span><span style=\"color: #000000;\"><span style=\"font-family: Arial, sans-serif;\"><span style=\"font-size: medium;\"><span lang=\"sk-SK\"><i><b>a som svetlo sveta. Kto m\u0148a nasleduje, nebude chodi\u0165 v tme, ale bude ma\u0165 svetlo \u017eivota.<\/b><\/i><\/span><\/span><\/span><\/span><span style=\"color: #000000;\"><span style=\"font-family: Arial, sans-serif;\"><span style=\"font-size: medium;\"><span lang=\"sk-SK\"><i><b> (J\u00e1n 8,12)<br \/>J<\/b><\/i><\/span><\/span><\/span><\/span><span style=\"color: #000000;\"><span style=\"font-family: Arial, sans-serif;\"><span style=\"font-size: medium;\"><span lang=\"sk-SK\"><i><b>a, svetlo, pri\u0161iel som na svet, aby nikto nezostal v tme, kto ver\u00ed vo m\u0148a.<\/b><\/i><\/span><\/span><\/span><\/span><span style=\"color: #000000;\"><span style=\"font-family: Arial, sans-serif;\"><span style=\"font-size: medium;\"><span lang=\"sk-SK\"><i><b> (J\u00e1n 12,46)<\/b><\/i><\/span><\/span><\/span><\/span><\/p>\n<p class=\"western\"><span style=\"font-family: Arial, sans-serif;\"><span style=\"font-size: medium;\">(J. Mourad a A. Opatrn\u00fd)<\/span><\/span><\/p>","protected":false},"excerpt":{"rendered":"<p>\u013dud, ktor\u00fd chod\u00ed vo tme, uzrie ve\u013ek\u00e9 svetlo; nad t\u00fdmi, ktor\u00ed b\u00fdvaj\u00fa v temnej krajine, za\u017eiari svetlo. (Izai\u00e1\u0161 9,1)<\/p>\n","protected":false},"author":2,"featured_media":0,"comment_status":"closed","ping_status":"open","sticky":false,"template":"","format":"standard","meta":[],"categories":[11,146,4,9],"tags":[],"_links":{"self":[{"href":"https:\/\/btm.sk\/WP\/wp-json\/wp\/v2\/posts\/4201"}],"collection":[{"href":"https:\/\/btm.sk\/WP\/wp-json\/wp\/v2\/posts"}],"about":[{"href":"https:\/\/btm.sk\/WP\/wp-json\/wp\/v2\/types\/post"}],"author":[{"embeddable":true,"href":"https:\/\/btm.sk\/WP\/wp-json\/wp\/v2\/users\/2"}],"replies":[{"embeddable":true,"href":"https:\/\/btm.sk\/WP\/wp-json\/wp\/v2\/comments?post=4201"}],"version-history":[{"count":1,"href":"https:\/\/btm.sk\/WP\/wp-json\/wp\/v2\/posts\/4201\/revisions"}],"predecessor-version":[{"id":4202,"href":"https:\/\/btm.sk\/WP\/wp-json\/wp\/v2\/posts\/4201\/revisions\/4202"}],"wp:attachment":[{"href":"https:\/\/btm.sk\/WP\/wp-json\/wp\/v2\/media?parent=4201"}],"wp:term":[{"taxonomy":"category","embeddable":true,"href":"https:\/\/btm.sk\/WP\/wp-json\/wp\/v2\/categories?post=4201"},{"taxonomy":"post_tag","embeddable":true,"href":"https:\/\/btm.sk\/WP\/wp-json\/wp\/v2\/tags?post=4201"}],"curies":[{"name":"wp","href":"https:\/\/api.w.org\/{rel}","templated":true}]}}