{"id":4037,"date":"2020-10-24T13:23:58","date_gmt":"2020-10-24T11:23:58","guid":{"rendered":"https:\/\/btm.sk\/WP\/?p=4037"},"modified":"2020-10-24T13:23:59","modified_gmt":"2020-10-24T11:23:59","slug":"nech-sa-vase-srdce-nechveje-ja-som-cesta","status":"publish","type":"post","link":"https:\/\/btm.sk\/WP\/2020\/10\/24\/nech-sa-vase-srdce-nechveje-ja-som-cesta\/","title":{"rendered":"NECH SA VA\u0160E SRDCE NECHVEJE! JA SOM CESTA&#8230;"},"content":{"rendered":"<p class=\"western\" lang=\"en-US\"><strong><span style=\"color: #050a30;\"><span style=\"font-family: Arial, sans-serif;\"><span style=\"font-size: medium;\"><span lang=\"sk-SK\">Va\u0161a dobrotivos\u0165 nech je zn\u00e1ma v\u0161etk\u00fdm \u013eu\u010fom. P\u00e1n bl\u00edzko! O ni\u010d nebu\u010fte ustarosten\u00ed, ale vo v\u0161etkom s v\u010fakou predkladajte Bohu svoje \u017eiadosti vo v\u0161etk\u00fdch svojich modlitb\u00e1ch a prosb\u00e1ch. A pokoj Bo\u017e\u00ed, ktor\u00fd prevy\u0161uje ka\u017ed\u00fd rozum, bude chr\u00e1ni\u0165 va\u0161e srdcia a va\u0161e mysle v Kristovi Je\u017ei\u0161ovi.<\/span><\/span><\/span><\/span><span style=\"font-family: Arial, sans-serif;\"><span style=\"font-size: medium;\"><span lang=\"sk-SK\"> (Filipsk\u00fdm 4, 5-7)<\/span><\/span><\/span><\/strong><\/p>\n\n\n<!--more-->\n\n\n<p class=\"western\" lang=\"en-US\"><span style=\"font-family: Arial, sans-serif;\"><span style=\"font-size: medium;\"><span lang=\"sk-SK\">O ni\u010d sa nestarajte! Nie je to nejak\u00e1 provok\u00e1cia? Hlavne teraz, v tejto dobe svetovej pand\u00e9mie, ktor\u00e1 n\u00e1m k <\/span><\/span><\/span><span style=\"font-family: Arial, sans-serif;\"><span style=\"font-size: medium;\"><span lang=\"sk-SK\">na\u0161im be\u017en\u00fdm starostiam prid\u00e1va e\u0161te kopu \u010fal\u0161\u00edch \u2013 tak\u00fdch, ak\u00e9 sme nikdy predt\u00fdm nemuseli rie\u0161i\u0165? Ur\u010dite by sme boli radi, keby sme si \u017eiadne nov\u00e9 starosti nemuseli robi\u0165, ale vari sa daj\u00fa len tak hodi\u0165 za hlavu? A navy\u0161e, bol by to skuto\u010dne kres\u0165ansk\u00fd postoj, a nie nezodpovednos\u0165? V\u00fdzva apo\u0161tola Pavla vyvol\u00e1va plno ot\u00e1zok.<\/span><\/span><\/span><\/p>\n<p class=\"western\" lang=\"en-US\"><span style=\"font-family: Arial, sans-serif;\"><span style=\"font-size: medium;\"><span lang=\"sk-SK\">Mo\u017eno to vzali za spr\u00e1vny koniec t\u00ed, ktor\u00ed si, jednoducho, s kovidom \u017eivot nekomplikuj\u00fa. <\/span><\/span><\/span><span style=\"color: #1b1b1b;\"><span style=\"font-family: Arial, sans-serif;\"><span style=\"font-size: medium;\"><span lang=\"sk-SK\">Niektor\u00ed spochyb\u0148uj\u00fa dokonca jeho existenciu, in\u00ed jeho v\u00e1\u017enos\u0165, niekto poukazuje na chaotick\u00e9 opatrenia, ktor\u00fdmi sa predsa nenech\u00e1me obmedzova\u0165. Niektor\u00ed kres\u0165ania si Pavlovu v\u00fdzvu aktualizovali na \u201eo koronav\u00edrus sa nestarajte\u201c a za slab\u00fdch vo viere pova\u017euj\u00fa t\u00fdch, ktor\u00ed si robia starosti. Je to autentick\u00e1 interpret\u00e1cia Biblie alebo zav\u00e1dzaj\u00faca a nie pr\u00edli\u0161 kres\u0165ansk\u00e1 skratka? Zosta\u0148me pritom, \u017ee to aj tak ve\u013emi nefunguje. Ignorovanie \u010di z\u013eah\u010dovanie pand\u00e9mie n\u00e1s starost\u00ed nezbav\u00ed, iba prin\u00e1\u0161a in\u00e9. A u\u017e ur\u010dite neprin\u00e1\u0161a Bo\u017e\u00ed pokoj prevy\u0161uj\u00faci ka\u017ed\u00fd rozum, o ktorom sa v tomto liste taktie\u017e p\u00ed\u0161e. Sk\u00f4r som narazil na ve\u013ea podr\u00e1\u017edenosti a\u017e agresivity vo\u010di v\u0161etk\u00e9mu, \u010do tento zvolen\u00fd postoj b\u00fara. A to ako ovocie Bo\u017eieho Ducha nevyzer\u00e1\u2026<\/span><\/span><\/span><\/span><\/p>\n<p class=\"western\" lang=\"en-US\"><span style=\"font-family: Arial, sans-serif;\"><span style=\"font-size: medium;\"><span lang=\"sk-SK\">Ako teda m\u00e1me ch\u00e1pa\u0165 Pavlove slov\u00e1? Apo\u0161tol vo svojich listoch najprv zvestuje evanjelium, dobr\u00fa spr\u00e1vu, radostn\u00fa zves\u0165 (to je v\u00fdznam gr\u00e9ckeho slova \u201eeuangelion\u201c), a potom vyz\u00fdva, aby sme vzali evanjelium v\u00e1\u017ene, spo\u013eahli sa na\u0148 a pod\u013ea toho konali. Tu je tou dobrou spr\u00e1vou, o ktor\u00fa sa m\u00e1me oprie\u0165, uistenie, \u017ee je P\u00e1n bl\u00edzko. P\u00e1n Je\u017ei\u0161, ktor\u00e9mu na mne z\u00e1le\u017e\u00ed, ktor\u00fd vie, \u010do potrebujem, ktor\u00fd sa o m\u0148a star\u00e1. Potom d\u00e1va zmysel aj v\u00fdzva, aby som mu s v\u010fa\u010dnos\u0165ou a d\u00f4verou predlo\u017eil v\u0161etky svoje starosti a potreby. To je cesta k tomu, aby ma starosti nerozdrvili, preto\u017ee objav\u00edm, \u017ee na ne <\/span><\/span><\/span><span style=\"font-family: Arial, sans-serif;\"><span style=\"font-size: medium;\"><span lang=\"sk-SK\"><b>nie som s\u00e1m<\/b><\/span><\/span><\/span><span style=\"font-family: Arial, sans-serif;\"><span style=\"font-size: medium;\"><span lang=\"sk-SK\">. Podobne n\u00e1s povzbudzuje aj apo\u0161tol Peter vo svojom liste: <\/span><\/span><\/span><span style=\"color: #050a30;\"><span style=\"font-family: Arial, sans-serif;\"><span style=\"font-size: medium;\"><span lang=\"sk-SK\"><b>Na Neho uva\u013ete v\u0161etky svoje starosti, lebo On sa o v\u00e1s star\u00e1<\/b><\/span><\/span><\/span><\/span><span lang=\"sk-SK\"><b> (<\/b><\/span><span style=\"font-family: Arial, sans-serif;\"><span style=\"font-size: medium;\"><span lang=\"sk-SK\"><b>1. Petra 5, 7)<\/b><\/span><\/span><\/span><span style=\"font-family: Arial, sans-serif;\"><span style=\"font-size: medium;\"><span lang=\"sk-SK\">. Sk\u00fasenos\u0165 s jeho l\u00e1skyplnou starostlivos\u0165ou ma napln\u00ed pokojom, ktor\u00fd je nie\u010d\u00edm ove\u013ea hlb\u0161\u00edm ako absencia starost\u00ed.<\/span><\/span><\/span><\/p>\n<p class=\"western\" lang=\"en-US\"><span style=\"font-family: Arial, sans-serif;\"><span style=\"font-size: medium;\"><span lang=\"sk-SK\">A tak aj v dobe koronav\u00edrusu aj v akejko\u013evek inej plat\u00ed: <\/span><\/span><\/span><span style=\"font-family: Arial, sans-serif;\"><span style=\"font-size: medium;\"><span lang=\"sk-SK\"><b>Obracajme svoju myse\u013e aj srdce na Je\u017ei\u0161a, \u010fakujme mu, \u017ee je n\u00e1m bl\u00edzko a s d\u00f4verou mu zverujme svoje potreby.<\/b><\/span><\/span><\/span><\/p>\n<p>\u00a0<\/p>\n<p class=\"western\"><span style=\"font-family: Arial, sans-serif;\"><span style=\"font-size: medium;\">Niekedy n\u00e1s prepadn\u00fa seba\u013e\u00fatos\u0165 a n\u00e1dej ni\u010diace my\u0161lienky o zlo\u017eitosti \u017eivota. Pok\u00fasim sa pon\u00faknu\u0165 v\u00e1m in\u0161pir\u00e1ciu a Slovo do situ\u00e1cie, ke\u010f si \u010dlovek vo svojom znechuten\u00ed tak\u00e9to my\u0161lienky pripust\u00ed:<\/span><\/span><\/p>\n<p class=\"western\" lang=\"en-US\"><strong><span style=\"color: #050a30;\"><span style=\"font-family: Arial, sans-serif;\"><span style=\"font-size: medium;\"><span lang=\"sk-SK\">D\u00f4veruj Hospodinovi a \u010di\u0148 dobre, b\u00fdvaj v krajine, pravdu ostr\u00edhaj! <\/span><\/span><\/span><\/span><span style=\"color: #000000;\"><span style=\"font-family: Arial, sans-serif;\"><span style=\"font-size: medium;\"><span lang=\"sk-SK\">(\u017dalm 37,3)<\/span><\/span><\/span><\/span><\/strong><\/p>\n<p class=\"western\" lang=\"en-US\"><span style=\"font-family: Arial, sans-serif;\"><span style=\"font-size: medium;\"><span lang=\"sk-SK\">S\u0165a\u017enosti na \u0165a\u017ek\u00fd \u017eivot dnes po\u010d\u00favame ve\u013emi \u010dasto. T\u00e1to biblick\u00e1 veta n\u00e1s v\u0161ak m\u00f4\u017ee ochr\u00e1ni\u0165 pred pr\u00edli\u0161nou seba\u013e\u00fatos\u0165ou, m\u00f4\u017ee n\u00e1s vyvies\u0165 z oplak\u00e1vania sam\u00e9ho seba a vies\u0165 k d\u00f4verypln\u00e9mu konaniu. U\u017e mn\u00edch Evagrius (345\u2013399) za svojich \u010dias zbyto\u010dne neute\u0161oval, ale vyz\u00fdval, <\/span><\/span><\/span><span style=\"font-family: Arial, sans-serif;\"><span style=\"font-size: medium;\"><span lang=\"sk-SK\"><b>aby sa \u013eudia spo\u013eahli na P\u00e1na a konali to, \u010do je spr\u00e1vne.<\/b><\/span><\/span><\/span><\/p>\n<p class=\"western\"><span style=\"font-family: Arial, sans-serif;\"><span style=\"font-size: medium;\">Bo\u017eie slovo p\u00f4sob\u00ed zmenu v na\u0161om vn\u00fatri. Nie je to \u017eiadna lacn\u00e1 technika ani psychologick\u00fd trik. Ide o to vzia\u0165 v\u00e1\u017ene biblick\u00e9 slovo \u2013 Bo\u017eie slovo, preto\u017ee Boh s\u00e1m v \u0148om ru\u010d\u00ed za spr\u00e1vnos\u0165 zas\u013e\u00faben\u00ed. Aj v autog\u00e9nnom tr\u00e9ningu sa dnes odpor\u00fa\u010daj\u00fa vety zameran\u00e9 na d\u00f4veru, a ke\u010f si ich \u010dlovek osvoj\u00ed, m\u00f4\u017eu jeho d\u00f4veru skuto\u010dne preh\u013abi\u0165. Evagrius v\u0161ak odpor\u00fa\u010da na opakovanie nie\u010do, \u010do presahuje \u013eudsk\u00fd rozmer \u2013 Bo\u017eie slovo. Biblick\u00fd cit\u00e1t s\u00e1m osebe na\u0161e probl\u00e9my, pochopite\u013ene, nevyrie\u0161i, av\u0161ak ako kres\u0165ania ver\u00edme, \u017ee Bo\u017eie slovo p\u00f4sob\u00ed zmenu v na\u0161om vn\u00fatri, v na\u0161ej du\u0161i. Ak si budeme neust\u00e1le opakova\u0165 biblick\u00e9 slovo, za\u010dne sa pod\u013ea neho postupne riadi\u0165 aj na\u0161e spr\u00e1vanie a konanie. <\/span><\/span><\/p>\n<p class=\"western\">\u00a0<\/p>\n<p class=\"western\" lang=\"en-US\"><strong><span style=\"color: #050a30;\"><span style=\"font-family: Arial, sans-serif;\"><span style=\"font-size: medium;\"><span lang=\"sk-SK\">Sviecou mojim noh\u00e1m je Tvoje slovo a svetlo mojim chodn\u00edkom.<\/span><\/span><\/span><\/span> <span style=\"font-family: Arial, sans-serif;\"><span style=\"font-size: medium;\"><span lang=\"sk-SK\">(\u017dalm 119,105)<\/span><\/span><\/span><\/strong><\/p>\n<p class=\"western\" lang=\"en-US\"><span style=\"color: #050a30;\"><span style=\"font-family: Arial, sans-serif;\"><span style=\"font-size: medium;\"><span lang=\"sk-SK\">Nech sa v\u00e1m srdce nestrachuje! Verte v Boha a verte vo m\u0148a! V dome m\u00f4jho Otca je mnoho pr\u00edbytkov; keby nebolo tak, \u010di by som v\u00e1m bol povedal: Idem v\u00e1m pripravi\u0165 miesto, a ke\u010f od\u00eddem a priprav\u00edm v\u00e1m miesto, zase pr\u00eddem a poberiem v\u00e1s k sebe, aby ste aj vy boli tam, kde som ja? A cestu, kam idem, pozn\u00e1te. Povedal Mu Tom\u00e1\u0161: Nevieme, Pane, kam ide\u0161; ako by sme teda poznali cestu? Je\u017ei\u0161 mu riekol: Ja som cesta i pravda i \u017eivot. Nik neprich\u00e1dza k Otcovi, ak len nie skrze m\u0148a. <\/span><\/span><\/span><\/span><span style=\"font-family: Arial, sans-serif;\"><span style=\"font-size: medium;\"><span lang=\"sk-SK\">(J\u00e1n 14,1-6)<\/span><\/span><\/span><\/p>\n<p class=\"western\" lang=\"en-US\"><span style=\"font-family: Arial, sans-serif;\"><span style=\"font-size: medium;\"><span lang=\"sk-SK\">\u010c\u00edtanie Bo\u017eieho slova pozdvihuje na\u0161u du\u0161u, aby n\u00e1s neprem\u00e1halo z\u00fafalstvo, a na druhej strane v n\u00e1s vyvol\u00e1va re\u0161pekt, aby nami nezmietala v\u00edchrica p\u00fdchy. \u00cds\u0165 po strednej, pravej a priamej ceste, ktor\u00e1 n\u00e1s \u2013 obrazne povedan\u00e9 \u2013 vedie medzi z\u00fafalstvom po \u013eavici a falo\u0161n\u00fdm sebavedom\u00edm po pravici, by bolo ove\u013ea \u0165a\u017e\u0161ie, keby Kristus nepovedal: Ja som cesta, pravda i \u017eivot. T\u00fdm akoby napovedal: <\/span><\/span><\/span><span style=\"font-family: Arial, sans-serif;\"><span style=\"font-size: medium;\"><span lang=\"sk-SK\"><b>Kadia\u013e chce\u0161 \u00eds\u0165? Ja som cesta. <\/b><\/span><\/span><\/span><span style=\"font-family: Arial, sans-serif;\"><span style=\"font-size: medium;\"><span lang=\"sk-SK\">Kr\u00e1\u010dajme preto s istotou po tejto ceste a majme sa na pozore pred n\u00e1strahami, ktor\u00e9 n\u00e1s ohrozuj\u00fa. (pod\u013ea sv. August\u00edna)<\/span><\/span><\/span><\/p>\n<p lang=\"en-US\">(upr. pod\u013ea P. Semelu a A. <span style=\"font-family: Arial, sans-serif;\"><span style=\"font-size: medium;\">Gr\u00fcna)<\/span><\/span><\/p>","protected":false},"excerpt":{"rendered":"<p>Va\u0161a dobrotivos\u0165 nech je zn\u00e1ma v\u0161etk\u00fdm \u013eu\u010fom. P\u00e1n bl\u00edzko! O ni\u010d nebu\u010fte ustarosten\u00ed, ale vo v\u0161etkom s v\u010fakou predkladajte Bohu svoje \u017eiadosti vo v\u0161etk\u00fdch svojich modlitb\u00e1ch a prosb\u00e1ch. A pokoj Bo\u017e\u00ed, ktor\u00fd prevy\u0161uje ka\u017ed\u00fd rozum, bude chr\u00e1ni\u0165 va\u0161e srdcia a va\u0161e mysle v Kristovi Je\u017ei\u0161ovi. (Filipsk\u00fdm 4, 5-7)<\/p>\n","protected":false},"author":2,"featured_media":0,"comment_status":"closed","ping_status":"open","sticky":false,"template":"","format":"standard","meta":[],"categories":[11,146,9],"tags":[],"_links":{"self":[{"href":"https:\/\/btm.sk\/WP\/wp-json\/wp\/v2\/posts\/4037"}],"collection":[{"href":"https:\/\/btm.sk\/WP\/wp-json\/wp\/v2\/posts"}],"about":[{"href":"https:\/\/btm.sk\/WP\/wp-json\/wp\/v2\/types\/post"}],"author":[{"embeddable":true,"href":"https:\/\/btm.sk\/WP\/wp-json\/wp\/v2\/users\/2"}],"replies":[{"embeddable":true,"href":"https:\/\/btm.sk\/WP\/wp-json\/wp\/v2\/comments?post=4037"}],"version-history":[{"count":1,"href":"https:\/\/btm.sk\/WP\/wp-json\/wp\/v2\/posts\/4037\/revisions"}],"predecessor-version":[{"id":4038,"href":"https:\/\/btm.sk\/WP\/wp-json\/wp\/v2\/posts\/4037\/revisions\/4038"}],"wp:attachment":[{"href":"https:\/\/btm.sk\/WP\/wp-json\/wp\/v2\/media?parent=4037"}],"wp:term":[{"taxonomy":"category","embeddable":true,"href":"https:\/\/btm.sk\/WP\/wp-json\/wp\/v2\/categories?post=4037"},{"taxonomy":"post_tag","embeddable":true,"href":"https:\/\/btm.sk\/WP\/wp-json\/wp\/v2\/tags?post=4037"}],"curies":[{"name":"wp","href":"https:\/\/api.w.org\/{rel}","templated":true}]}}