{"id":3882,"date":"2020-08-27T20:10:00","date_gmt":"2020-08-27T18:10:00","guid":{"rendered":"https:\/\/btm.sk\/WP\/?p=3882"},"modified":"2020-08-27T20:14:15","modified_gmt":"2020-08-27T18:14:15","slug":"cas-2","status":"publish","type":"post","link":"https:\/\/btm.sk\/WP\/2020\/08\/27\/cas-2\/","title":{"rendered":"\u010cAS"},"content":{"rendered":"\n<p> \u017divot je trocha \u010dasu, ktor\u00fd n\u00e1m bol dan\u00fd, aby sme sa nau\u010dili milova\u0165, a tak sa pripravili na stretnutie s Ve\u010dnou l\u00e1skou. (Abbe Pierre)  <\/p>\n\n\n\n<!--more-->\n\n\n\n<p>\nOb\u010das n\u00e1s zaraz\u00ed, ako ten \u010das\nbe\u017e\u00ed: v tr\u00e1ve sa e\u0161te pova\u013euj\u00fa obhoren\u00e9 prskavky a zvy\u0161ky\noh\u0148ostroja, a u\u017e pomaly zase sl\u00e1vime koniec roka; \u013eudia, ktor\u00fdch\n\u010dlovek poznal v ko\u010d\u00edku, u\u017e vozia svoje deti; stoj\u00edme nad hrobom\n\u010dloveka, o ktorom sme si nemysleli, \u017ee n\u00e1s pred\u00edde\u2026 <br>\nMo\u017eno\nn\u00e1s napadne my\u0161lienka: &#8222;Ko\u013eko \u010dasu m\u00e1m e\u0161te ja? A na \u010do\nvlastne?&#8220; Ktosi povedal, \u017ee ke\u010f Boh stvoril \u010das, urobil ho\ndos\u0165. Dal n\u00e1m dos\u0165 \u010dasu na to, \u010do je podstatn\u00e9: aby sme sa\nnau\u010dili milova\u0165&#8230;<br>\nAj ke\u010f n\u00e1s ovplyv\u0148uj\u00fa aj obmedzuj\u00fa\nokolnosti n\u00e1\u0161ho \u017eivota, v\u017edy ost\u00e1va istota, \u017ee ka\u017ed\u00fd z n\u00e1s\nje stvoren\u00fd z l\u00e1sky a pre l\u00e1sku a \u017ee tento Bo\u017e\u00ed pl\u00e1n so mnou\nnem\u00f4\u017ee nikto a ni\u010d zvonka zni\u010di\u0165. \n<\/p>\n\n\n\n<p>Najintenz\u00edvnej\u0161ia forma \u017eivota sa vol\u00e1 l\u00e1ska. (Gerhard Uhlenbruck)<\/p>\n\n\n<p class=\"western\"><span style=\"font-family: Arial, sans-serif;\">Ka\u017ed\u00fd de\u0148 je tvoj de\u0148. <\/span><br \/><span style=\"font-family: Arial, sans-serif;\">V\u0161etok \u010das je tvoj \u010das. <\/span><br \/><span style=\"font-family: Arial, sans-serif;\">Ak nem\u00e1m vo svojom \u017eivote \u010das pre teba, <\/span><br \/><span style=\"font-family: Arial, sans-serif;\">\u010das, aby som \u0165a miloval, <\/span><br \/><span style=\"font-family: Arial, sans-serif;\">\u010das pre \u013eud\u00ed, <\/span><br \/><span style=\"font-family: Arial, sans-serif;\">tak bolo v\u0161etko moje n\u00e1hlenie m\u00e1rne. <\/span><br \/><span style=\"font-family: Arial, sans-serif;\">Nem\u00e1m m\u00e1lo \u010dasu, m\u00e1m len m\u00e1lo l\u00e1sky. <\/span><br \/><span style=\"font-family: Arial, sans-serif;\">Daruj mi, Bo\u017ee, viac l\u00e1sky. <\/span><br \/><span style=\"font-family: Arial, sans-serif;\">Lebo ten, kto miluje, m\u00e1 \u010das. <\/span><br \/><span style=\"font-family: Arial, sans-serif;\">(Alfonso Pereira)<\/span><\/p>\n\n\n<p>Asi\nka\u017ed\u00fd \u010dlovek by si \u017eelal, aby to \u010di ono neza\u017eil, aby sa\nniektor\u00e9 udalosti nestali. Niekto by mo\u017eno rad\u0161ej \u017eil inokedy,\nke\u010f bol \u017eivot jednoduch\u0161\u00ed a pokojnej\u0161\u00ed, ke\u010f boli \u013eudia k sebe\nslu\u0161nej\u0161\u00ed&#8230;<br>\nO obdob\u00ed, v ktorom \u017eijeme, rozhodn\u00fa\u0165\nnem\u00f4\u017eeme. Asi ho ani v\u00fdrazne nezmen\u00edme. M\u00f4\u017eeme v\u0161ak rozhodn\u00fa\u0165\no tom, na \u010do vyu\u017eijeme \u010das svojho \u017eivota. M\u00fadros\u0165 nespo\u010d\u00edva v\ntom, ako najlep\u0161ie prepl\u00e1va\u0165 \u017eivotom, alebo ako sa \u010do najlep\u0161ie\npresadi\u0165, ale ako naplni\u0165 \u017eivot. Aj m\u00f4j \u017eivot toti\u017e prispieva k\ntomu, ak\u00e1 je dnes doba. \n<\/p>\n\n\n\n<p>V\nnap\u00e4t\u00ed modern\u00e9ho sp\u00f4sobu \u017eivota, ktor\u00fd vedieme, je ot\u00e1zka\nhospod\u00e1renia s \u010dasom ve\u013emi d\u00f4le\u017eit\u00e1. Nebudem v\u00e1s presvied\u010da\u0165,\n\u017ee m\u00e1te kopu \u010dasu a m\u00f4\u017eete sa modli\u0165, kedy sa v\u00e1m zachce.\nChcem hovori\u0165 o tom, ako hospod\u00e1ri\u0165 s \u010dasom v nap\u00e4t\u00ed a zhone\n\u017eivota. U\u0161etr\u00edm v\u00e1s opisovania sp\u00f4sobov, ako mo\u017eno z\u00edska\u0165\nviac \u010dasu. Chcem len poveda\u0165, \u017ee ke\u010f sa budeme sna\u017ei\u0165 trochu\nmenej \u010dasom plytva\u0165, tak ho ur\u010dite budeme ma\u0165 viac. Ak vyu\u017eijeme\naspo\u0148 zlomky toho preplytvan\u00e9ho \u010dasu na kr\u00e1tke chv\u00ed\u013eky\nduchovn\u00e9ho s\u00fastredenia sa a na modlitby, mo\u017eno zist\u00edme, \u017ee m\u00e1me\n\u010dasu dos\u0165. Ke\u010f pomysl\u00edte na to mno\u017estvo pr\u00e1zdnych min\u00fat po\u010das\nd\u0148a, v ktor\u00fdch nie\u010do rob\u00edme len preto, \u017ee sa boj\u00edme pr\u00e1zdnoty\na toho, \u017ee budeme len sami so sebou, uvedom\u00edte si, \u017ee nech\u00e1vate\nunikn\u00fa\u0165 ve\u013ea kr\u00e1tkych chv\u00ed\u013e, ktor\u00e9 by mohli patri\u0165 s\u00fa\u010dasne\nv\u00e1m aj Bohu. Ja v\u0161ak chcem hovori\u0165 o nie\u010dom, \u010do pova\u017eujem za\ne\u0161te d\u00f4le\u017eitej\u0161ie. <br>\nJe to sp\u00f4sob, ako \u010das ovl\u00e1da\u0165 a\nzastavova\u0165. K Bohu sa m\u00f4\u017eeme modli\u0165 len vtedy, ke\u010f sme v stave\nstability a vn\u00fatorn\u00e9ho pokoja, teda tv\u00e1rou v tv\u00e1r Bohu, a tieto\nokolnosti n\u00e1s zbavuj\u00fa zmyslu pre \u010das \u2013 nie pre objekt\u00edvny \u010das,\nktor\u00fd meriame pomocou hod\u00edn, ale subjekt\u00edvneho pocitu, \u017ee \u010das\nr\u00fdchlo plynie a my ho nem\u00e1me nazvy\u0161.<br>\nChcel by som obr\u00e1ti\u0165\nva\u0161u pozornos\u0165 k nie\u010domu, \u010do v\u0161etci pozn\u00e1me a \u010dasto o tom\nhovor\u00edme. V\u00f4bec nemus\u00edte za \u010dasom be\u017ea\u0165, aby ste ho dobehli. On\nnebe\u017e\u00ed od n\u00e1s, be\u017e\u00ed k n\u00e1m. \u010ci si uvedomujete ka\u017ed\u00fa\nnasleduj\u00facu min\u00fatu, ktor\u00e1 k v\u00e1m prich\u00e1dza, alebo nie, ona aj tak\npr\u00edde. M\u00f4\u017eete sa sna\u017ei\u0165 ako chcete, bud\u00facnos\u0165 sa aj tak stane\npr\u00edtomnos\u0165ou, a preto sa netreba sna\u017ei\u0165 u\u017e teraz sko\u010di\u0165 rovno\nz pr\u00edtomnosti do bud\u00facnosti. Sta\u010d\u00ed jednoducho \u010daka\u0165, a\u017e pr\u00edde.\nV tomto zmysle m\u00f4\u017eeme by\u0165 dokonale nehybn\u00ed, a pritom sa pohybova\u0165\nv \u010dase, preto\u017ee je to \u010das, ktor\u00fd sa pohybuje. <br>\nUr\u010dite\npozn\u00e1te tak\u00fa situ\u00e1ciu, ke\u010f sed\u00edte vo vlaku alebo v aute a len sa\nveziete: m\u00f4\u017eete sa pozera\u0165 z okna, \u010d\u00edta\u0165 si, prem\u00fd\u0161\u013ea\u0165,\nodpo\u010d\u00edva\u0165&#8230; a vlak sa st\u00e1le pohybuje, v ur\u010ditom okamihu, ktor\u00fd\nbol e\u0161te pred chv\u00ed\u013eou bud\u00facnos\u0165ou, je tu odrazu nasleduj\u00faca\nstanica alebo stanica, do ktorej cestujete. Mysl\u00edm si, \u017ee toto je\nve\u013emi d\u00f4le\u017eit\u00e9. Chyba, ktor\u00fa \u010dasto rob\u00edme vo vz\u0165ahu k svojmu\nvn\u00fatorn\u00e9mu \u017eivotu je, \u017ee si mysl\u00edme, \u017ee ke\u010f sa budeme\npon\u00e1h\u013ea\u0165, dosiahneme vlastn\u00fa bud\u00facnos\u0165 sk\u00f4r \u2013 trochu ako ten\nmu\u017e, ktor\u00fd be\u017eal z posledn\u00e9ho vag\u00f3na vlaku do prv\u00e9ho v n\u00e1deji,\n\u017ee si tak skr\u00e1ti vzdialenos\u0165 z Bratislavy do Ko\u0161\u00edc&#8230; Hne\u010f je\nn\u00e1m jasn\u00e9, ak\u00e9 je to absurdn\u00e9, ale ke\u010f sa st\u00e1le sna\u017e\u00edme ma\u0165\nsami pred sebou trochu n\u00e1skok, \u017eiadnu absurditu nec\u00edtime, hoci n\u00e1m\nto br\u00e1ni \u017ei\u0165 naplno v pr\u00edtomnom okamihu \u2013 a to je, odva\u017eujem\nsa poveda\u0165, jedin\u00fd okamih, v ktorom skuto\u010dne existujeme, lebo aj\nke\u010f si mysl\u00edme, \u017ee sme predbehli \u010das \u010di sami seba, v skuto\u010dnosti\nsa tak nestalo. Jedin\u00e9, \u010do sme dok\u00e1zali, je to, \u017ee sa neust\u00e1le\npon\u00e1h\u013eame, no ur\u010dite sa nepohybujeme r\u00fdchlej\u0161ie. Museli ste si\nto u\u017e viackr\u00e1t uvedomi\u0165. Je to ako, ke\u010f sa niekto s dvomi \u0165a\u017ek\u00fdmi\nkuframi v ruk\u00e1ch sna\u017e\u00ed chyti\u0165 autobus. Be\u017e\u00ed tak r\u00fdchlo, ako\nlen vl\u00e1dze, tak r\u00fdchlo, ako mu to dovolia tie kufre, a mysl\u00ed len\nna to, \u017ee chce by\u0165 inde, ako je&#8230;<\/p>\n\n\n<p><strong>Nem\u00e1me m\u00e1lo \u010dasu, m\u00e1me len m\u00e1lo l\u00e1sky<\/strong><\/p>\n<p><span style=\"font-family: Arial, sans-serif;\">Vonku chodia \u013eudia \u2013 <\/span><br \/><span style=\"font-family: Arial, sans-serif;\">chodia sem a tam, n\u00e1hlivo, r\u00fdchlo&#8230;<\/span><br \/><span style=\"font-family: Arial, sans-serif;\">V\u0161etko sa pon\u00e1h\u013ea, <\/span><br \/><span style=\"font-family: Arial, sans-serif;\">pon\u00e1h\u013eaj\u00fa sa nielen \u013eudia,<\/span><br \/><span style=\"font-family: Arial, sans-serif;\">ale aj aut\u00e1, vlaky, lietadl\u00e1&#8230;<br \/>N\u00e1hli sa ulica,<\/span><br \/><span style=\"font-family: Arial, sans-serif;\">n\u00e1hli sa mesto. <\/span><br \/><span style=\"font-family: Arial, sans-serif;\">V\u0161etko a v\u0161etci sa n\u00e1hlia \u2013 <\/span><br \/><span style=\"font-family: Arial, sans-serif;\">aby nestr\u00e1cali \u010das&#8230;<br \/>Nah\u00e1\u0148aj\u00fa \u010das, aby ho dobehli, aby ho z\u00edskali.<br \/><br \/>Chcel by som sa modli\u0165 \u2013<\/span><br \/><span style=\"font-family: Arial, sans-serif;\">ale nem\u00e1m \u010das&#8230;<\/span><br \/><span style=\"font-family: Arial, sans-serif;\"><br \/>V\u0161etci nah\u00e1\u0148ame \u010das <\/span><br \/><span style=\"font-family: Arial, sans-serif;\">a sme upon\u00e1h\u013ean\u00ed, stiesnen\u00ed, pre\u0165a\u017een\u00ed, nev\u013e\u00fadni \u2013 <br \/>a nikdy ned\u00f4jdeme do cie\u013ea&#8230;<\/span><br \/><span style=\"font-family: Arial, sans-serif;\">Ch\u00fdba n\u00e1m \u010das,<br \/>navzdory v\u0161etkej n\u00e1mahe n\u00e1m st\u00e1le ch\u00fdba \u010das!<br \/>A ch\u00fdba n\u00e1m ho st\u00e1le viac!<br \/><\/span><br \/><span style=\"font-family: Arial, sans-serif;\">Dni s\u00fa kr\u00e1tke, \u010das je kr\u00e1tky&#8230;<\/span><br \/><span style=\"font-family: Arial, sans-serif;\"><br \/>Ja m\u00e1m \u010das, <\/span><br \/><span style=\"font-family: Arial, sans-serif;\">m\u00e1m svoj \u010das pre teba,<br \/>v\u0161etok \u010das, <\/span><br \/><span style=\"font-family: Arial, sans-serif;\">ktor\u00fd mi d\u00e1va\u0161, <\/span><br \/><span style=\"font-family: Arial, sans-serif;\">roky m\u00f4jho \u017eivota, <\/span><br \/><span style=\"font-family: Arial, sans-serif;\">dni mojich rokov \u2013 <\/span><br \/><span style=\"font-family: Arial, sans-serif;\">v\u0161etky mi patria.<br \/>A na mne je, <\/span><br \/><span style=\"font-family: Arial, sans-serif;\">aby som ich naplnil \u2013 a\u017e po okraj ich naplnil.<br \/><\/span><br \/><span style=\"font-family: Arial, sans-serif;\">PANE, DAJ, <\/span><br \/><span style=\"font-family: Arial, sans-serif;\">NECH SVOJ \u010cAS \u017dIJEM PRE TEBA!<br \/>(Alfonso Pereira)<\/span><\/p>\n\n\n<p>Smer\nn\u00e1\u0161ho \u017eivota je spr\u00e1vny len vtedy, ke\u010f je jeho cie\u013eom Boh.\n(Friedrich Wetter)<\/p>\n\n\n\n<p>Nebesk\u00fd\nOt\u010de, v tvojich ruk\u00e1ch s\u00fa na\u0161e dni i roky. V tvojich ruk\u00e1ch je\ncel\u00fd svet, ale aj n\u00e1\u0161 \u017eivot. Nesmiernemu vesm\u00edru si vtisol\nporiadok a hviezdam ur\u010dil dr\u00e1hu, a predsa sa star\u00e1\u0161 aj o n\u00e1s,\nnepatrn\u00e9 stvorenie. A preto sa nemus\u00edme b\u00e1\u0165, ve\u010f nejdeme v\n\u00fastrety nezn\u00e1mej bud\u00facnosti! Pred nami si Ty a Tvoje\nmilosrdenstvo. Ak n\u00e1m chyst\u00e1\u0161 dobr\u00e9 dni, daj, aby sme ich\nprij\u00edmali s v\u010fakou. Ak s\u00fa pre n\u00e1s pripraven\u00e9 \u0165a\u017ek\u00e9 dni,\nposilni n\u00e1s, aby sme ich prijali s trpezlivos\u0165ou. A ke\u010f si\nnebudeme vedie\u0165 rady, stoj pri n\u00e1s, aby sme aspo\u0148 na krok videli\ndopredu, pom\u00f4\u017e n\u00e1m, aby sme neklesali na mysli, ale boli v\u017edy\n\u013eu\u010fmi n\u00e1deje. \n<\/p>\n\n\n\n<p>V\nJe\u017ei\u0161ovi si n\u00e1m zjavil dokonal\u00fa l\u00e1sku. Pred tebou sme bez\nakejko\u013evek masky&#8230; Zmiluj sa, Pane, nad nami! Daj, nech ona preveje\nna\u0161e srdce a \u017eivot, aby v n\u00e1s tak ka\u017ed\u00fd de\u0148 v\u00ed\u0165azila nad\nna\u0161imi zl\u00fdmi sklonmi a vlastnos\u0165ami. Ver\u00edme, \u017ee n\u00e1s neopust\u00ed\u0161\na \u017ee budeme ukryt\u00ed v tvojich dlaniach v tomto \u010dase i vo\nve\u010dnosti.<br>\nNa\u0161a bud\u00facnos\u0165 je pred tebou, Bo\u017ee, otvoren\u00e1. Ty\npresne vie\u0161, \u010do sa n\u00e1m m\u00f4\u017ee prihodi\u0165, \u010do n\u00e1s bude sprev\u00e1dza\u0165\na\u017e do poslednej hodiny \u017eivota. My to nevieme. Ale vieme, \u017ee ty vo\nsvojej l\u00e1ske neust\u00e1le bdie\u0161 nad na\u0161\u00edm premenliv\u00fdm \u017eivotom.\n\u017diadny rok n\u00e1s nezanech\u00e1 tak\u00fdch, ak\u00ed sme boli na jeho za\u010diatku.\nV\u0161etko sa men\u00ed. Len Ty si st\u00e1le rovnak\u00fd. \u00c1no, tvor sa men\u00ed, ale\nTvorca nie. A my ti d\u00f4verujeme, Bo\u017ee. V tebe sme ve\u010dn\u00ed. Amen.<\/p>\n\n\n\n<p>\n<em>Je\u017ei\u0161\nhovor\u00ed: Ja som s vami po v\u0161etky dni&#8230; (Mat\u00fa\u0161 28,20)<\/em><\/p>\n\n\n\n<p><strong>Ako\nzaobch\u00e1dza\u0165 s \u010dasom<\/strong><\/p>\n\n\n\n<p>\u010cas, ktor\u00fd ti bol dan\u00fd, je presne vymedzen\u00fd, a ak ho nevyu\u017eije\u0161 na dosiahnutie pokoja,<br> uplynie, a ty sa minie\u0161 s n\u00edm, a u\u017e ho nikdy nebude\u0161 m\u00f4c\u0165 vyu\u017ei\u0165. (Marcus Aurelius)<br> <br> Ko\u013eko vz\u00e1cneho \u010dasu sa \u010dasto str\u00e1ca len t\u00fdm, \u017ee sa \u013eudia nech\u00e1vaj\u00fa un\u00e1\u0161a\u0165 svojimi fant\u00e1ziami a sn\u00edvaj\u00fa o hl\u00fapostiach. Str\u00e1caj\u00fa tak ve\u013ea \u010dasu, ktor\u00fd by mohli ove\u013ea lep\u0161ie vyu\u017ei\u0165. Ba e\u0161te viac: prich\u00e1dza potom pocit pr\u00e1zdnoty v srdci a rastie sk\u013e\u00fa\u010denos\u0165 a sm\u00fatok, ktor\u00e9 \u010dloveka oslabuj\u00fa.  <\/p>\n\n\n\n<p>Osved\u010den\u00e1\na m\u00fadra pom\u00f4cka pre Time Management znie:<br>\n<strong>Age\nquod agis! Teda: Rob, \u010do m\u00e1\u0161 pr\u00e1ve robi\u0165! To znamen\u00e1, \u017ee,\nnapr\u00edklad, \u010d<\/strong>as\nna odpo\u010dinok nie je vhodn\u00fd na to, aby si myslel na pr\u00e1cu. Av\u0161ak\npr\u00e1ca zase vy\u017eaduje, aby v\u0161etka tvoja pozornos\u0165 bola s\u00fastreden\u00e1\nna jej d\u00f4sledn\u00e9 vykonanie a nie na to, \u010do bude\u0161 robi\u0165 potom.\nPodobne chv\u00ed\u013ea modlitby nie je vhodn\u00e1 na to, aby si myslel pri nej\nna pr\u00e1cu, z\u00e1bavu \u010di odpo\u010dinok. Ak sa s niek\u00fdm rozpr\u00e1va\u0161,\ns\u00fastre\u010f sa na to, \u010do hovor\u00ed, no ke\u010f sa chyst\u00e1\u0161 spa\u0165, tak u\u017e\nna to nemysli.<\/p>\n\n\n\n<p>Raz\nsa jeden mlad\u00fd mu\u017e p\u00fdtal star\u00e9ho m\u00fadreho mu\u017ea, pre\u010do nedok\u00e1\u017ee\n\u017ei\u0165 v pokoji. Ten mu odpovedal: Nikdy nebude\u0161 pokojn\u00fd a nen\u00e1jde\u0161\nmier. V zime toti\u017e netrpezlivo \u010dak\u00e1\u0161 na to, kedy u\u017e pr\u00edde jar.\nNa jar u\u017e mysl\u00ed\u0161 na letn\u00e9 po\u013en\u00e9 pr\u00e1ce a \u00farodu. A ke\u010f\npracuje\u0161, m\u00e1\u0161 plno starost\u00ed a u\u017e mysl\u00ed\u0161 na to, kedy sa pr\u00e1ce\nskon\u010dia, aby si si odd\u00fdchol, a ke\u010f kone\u010dne nastane \u010das\nodpo\u010dinku, des\u00ed\u0161 sa zase toho, ko\u013eko pr\u00e1ce \u0165a op\u00e4\u0165 \u010dak\u00e1.\nJednoducho, nikdy nie si naplno tam, kde pr\u00e1ve si! V\u017edy \u0161i u\u017e\nniekde inde, si o krok popredu \u2013 a to je tvoj probl\u00e9m! \n<\/p>\n\n\n\n<p><em>D\u00e1vajte\nsi teda ve\u013ek\u00fd pozor, ako m\u00e1te \u017ei\u0165: nie ako nem\u00fadri, ale ako\nm\u00fadri. Vyu\u017e\u00edvajte \u010das, lebo dni s\u00fa zl\u00e9. (Efezsk\u00fdm 5,15-16)<\/em><\/p>\n\n\n\n<p><strong>Na\u0161\u00edm\ndomovom je ve\u010dnos\u0165<\/strong><\/p>\n\n\n\n<p>Pocit\nhladu n\u00e1m ukazuje na to, \u017ee existuje nie\u010do ako potrava, jedlo.\nKeby sme boli bytosti, ktor\u00e9 nejedia ako my a nie s\u00fa vybaven\u00e9 na\nprij\u00edmanie potravy, asi by sme hlad nec\u00edtili. A v\u0161imnite si, ako\nn\u00e1s neust\u00e1le prekvapuje \u010das! Pre\u010do sme n\u00edm tak ve\u013emi zasko\u010den\u00ed?\n\u017deby v n\u00e1s naozaj existovalo nie\u010do, \u010do nie je do\u010dasn\u00e9? T\u00fa\u017eba\npo ve\u010dnosti je toti\u017e zabudovan\u00e1 v ka\u017edom z n\u00e1s.<\/p>\n\n\n\n<p>Ak\nsa teda s\u0165a\u017eujeme na \u010das a radujeme sa zo zdanlivo bez\u010dasov\u00e9ho\nokamihu, napoved\u00e1 to, \u017ee sme neboli v\u017edy alebo nebudeme nav\u017edy\nbytosti z\u00e1visl\u00e9 len od \u010dasu, napoved\u00e1 to, \u017ee SME BOLI STVOREN\u00cd\nPRE VE\u010cNOS\u0164! \n<\/p>\n\n\n\n<p>\u010casom\nsme nateraz nielen stiesnen\u00ed, ale zd\u00e1 sa, \u017ee si na\u0148 ani po\ntis\u00edckach gener\u00e1ci\u00ed nedok\u00e1\u017eeme zvykn\u00fa\u0165. V\u017edy n\u00e1s \u010das\nohromuje \u2013 ako r\u00fdchlo plynie, alebo, naopak, ako plynie pomaly,\nko\u013eko ho u\u017e ubehlo, kam sa stratil&#8230; To s\u00fa na\u0161e\nsubjekt\u00edvne pocity, na\u0161e zdanie. V skuto\u010dnosti m\u00e1 v\u017edy de\u0148 24\nhod\u00edn, hodina 60 min\u00fat, min\u00fata 60 sek\u00fand. Niekedy n\u00e1s m\u00f4\u017eu\noklama\u0165 hodinky, napr\u00edklad, ke\u010f v nich dosluhuje baterka. M\u00f4\u017ee\nsa zda\u0165, \u017ee \u010das hr\u00e1 pre n\u00e1s\u2026 osobne m\u00e1m rad\u0161ej, ke\u010f mi id\u00fa\nhodinky o min\u00fatu dopredu. Ale to v\u0161etko je len klam. \u010cas be\u017e\u00ed\nsvoj\u00edm st\u00e1le rovnak\u00fdm ne\u00faprosn\u00fdm tempom a to nikto z n\u00e1s ni\u010d\u00edm\nnedok\u00e1\u017eeme ovplyvni\u0165. Jedin\u00e9, \u010do m\u00e1me vo svojich ruk\u00e1ch, je,\n\u017ee by sme mali vyu\u017ei\u0165 n\u00e1m darovan\u00fd \u010das \u010do najlep\u0161ie. A\ntoto v\u0161etko n\u00e1m napoved\u00e1, \u017ee existuje ve\u010dnos\u0165 a \u017ee t\u00e1 je\nna\u0161\u00edm domovom.<\/p>\n\n\n\n<p><strong>\u017dime\nnaplno!<\/strong><\/p>\n\n\n\n<p> Dopracovali sme sa k tomu, \u017ee teraz u\u017e vieme, \u017ee existuje len jedin\u00fd sp\u00f4sob, ako neprem\u00e1rni\u0165 svoj \u010das, a teda svoj \u017eivot: \u017dI\u0164 S PLN\u00ddM NASADEN\u00cdM KA\u017dD\u00dd PR\u00cdTOMN\u00dd OKAMIH! Michael Quoist to kr\u00e1sne vysvet\u013euje:<br> \u013dudia v skuto\u010dnosti \u017eij\u00fa naplno len nieko\u013eko mesiacov zo svojho \u017eivota. Pre\u010do \u013eudia ne\u017eij\u00fa svoj \u017eivot naplno? Lebo si neust\u00e1le myslia, \u017ee \u017eivot je tu len pre zajtraj\u0161ok, \u017ee sa treba pripravi\u0165 na &#8222;svoju bud\u00facnos\u0165&#8220;. Ale pre\u010do chce\u0161 \u010daka\u0165 a\u017e na zajtraj\u0161ok, aby si \u017eil? Raz u\u017e pre teba \u017eiadny zajtraj\u0161ok nebude a ty si potom vlastne nikdy ne\u017eil&#8230;<br> <br> Dr\u017e\u00ed\u0161 sa minulosti. T\u00e1 v\u0161ak u\u017e bola, dnes u\u017e nad \u0148ou nem\u00e1\u0161 \u017eiadnu moc.<br> L\u00e1ka \u0165a bud\u00facnos\u0165, preto\u017ee si ju m\u00f4\u017ee\u0161 vo svojej fant\u00e1zii formova\u0165 pod\u013ea svojej chuti. No ona e\u0161te neexistuje, a preto je zbyto\u010dn\u00e9 zaobera\u0165 sa \u0148ou.<br> Pr\u00edtomnos\u0165 je tak\u00e1 kr\u00e1tka, \u017ee jej nepripisuje\u0161 zvl\u00e1\u0161tny v\u00fdznam. Av\u0161ak len ona je v tvojej moci, a tvoj \u017eivot sa sklad\u00e1 \u2013 k\u00fasok po k\u00fasku \u2013 pr\u00e1ve len z pr\u00edtomn\u00fdch okamihov.<br> Ak chce\u0161 v \u017eivote uspie\u0165, vr\u00e1\u0165 minulos\u0165 do r\u00fak Bo\u017e\u00edch, prenechaj mu aj bud\u00facnos\u0165 a \u017dI S N\u00cdM V PLNOSTI KA\u017dD\u00dd PR\u00cdTOMN\u00dd OKAMIH, jeden za druh\u00fdm.<br> Pr\u00edtomn\u00fd okamih je \u013eahk\u00fd, nedrt\u00ed n\u00e1s svojou v\u00e1hou. A nie je ani pr\u00edli\u0161 \u0161irok\u00fd, niet v \u0148om teda miesto pre nepokoj. R\u00fdchlo prch\u00e1, neunavuje, m\u00e1 \u013eudsk\u00e9 rozmery, m\u00f4\u017ee\u0161 ho prem\u00f4c\u0165, usmerni\u0165 a vies\u0165.<\/p>\n\n\n\n<p>\nNeviem,\nako Michael Quoist vypo\u010d\u00edtal, \u017ee \u013eudia v skuto\u010dnosti naplno \u017eij\u00fa\nlen nieko\u013eko mesiacov zo svojho \u017eivota, no ja by som do toho ur\u010dite\nzapo\u010d\u00edtala aj \u010das, v ktorom \u010dlovek za t\u00fa kr\u00e1su okolo seba\n\u010fakuje, kedy nad \u0148ou \u017easne, kedy sa z nej \u00faprimne a v\u010fa\u010dne\nraduje. Ak m\u00e1 pravdu Abb\u00e9 Pierre, tak asi skuto\u010dne v\u00e4\u010d\u0161inu\nsvojho \u010dasu prem\u00e1rnime. Av\u0161ak aj v priebehu v\u0161edn\u00e9ho d\u0148a si\nm\u00f4\u017eeme v\u0161eli\u010do dopria\u0165. Ktosi povedal: Nezabudni sa zastavi\u0165 a\nprivo\u0148a\u0165 k ru\u017ei. T\u00fdch p\u00e1r sek\u00fand si ur\u010dite m\u00f4\u017eem dovoli\u0165 aj\nja. A zase je to o tom pr\u00edtomnom okamihu. Ak ho pre\u017eijem naozaj\nnaplno \u2013 v tomto pr\u00edpade to znamen\u00e1 s v\u010fa\u010dnos\u0165ou a v \u00fa\u017ease\nnad tou kr\u00e1sou, farbou, v\u00f4\u0148ou, u\u0161\u013eachtil\u00fdm tvarom \u2013 na\u010derp\u00e1m\nv \u0148om ur\u010dite viac sily a energie, ako keby som si uvarila hrniec\nk\u00e1vy.<\/p>\n\n\n\n<p>\nNest\u00edhame,\npreto\u017ee zm\u00e4tkujeme. Av\u0161ak nie sme ani prv\u00ed, ani posledn\u00ed. Robili\nto \u013eudia pred nami a bud\u00fa to robi\u0165 aj t\u00ed, ktor\u00ed pr\u00eddu po n\u00e1s.\nVe\u013ea \u010dasu m\u00f4\u017eeme u\u0161etri\u0165 u\u017e t\u00fdm, \u017ee nebudeme vym\u00fd\u0161\u013ea\u0165\nvymyslen\u00e9, ale pou\u010d\u00edme sa zo sk\u00fasenost\u00ed, ktor\u00e9 urobili m\u00fadri\n\u013eudia pred nami.<\/p>\n\n\n\n<p>Aj\n\u010fal\u0161ia\nrada je jednoduch\u00e1: zachov\u00e1va\u0165 poriadok, ak\u00fdsi syst\u00e9m. To je v\nna\u0161ej moci. Ke\u010f d\u00e1me ur\u010dit\u00fd poriadok, pravidl\u00e1 \u010di syst\u00e9m\nn\u00e1\u0161mu vonkaj\u0161iemu \u017eivotu, bude to ma\u0165 vplyv aj na na\u0161u du\u0161u.\nVonkaj\u0161\u00ed poriadok m\u00f4\u017ee by\u0165 vo forme prospe\u0161n\u00fdch ritu\u00e1lov,\nktor\u00fdmi za\u010d\u00edname a kon\u010d\u00edme de\u0148. M\u00f4\u017ee sa n\u00edm sta\u0165 vhodn\u00e9\nrozdelenie \u010dasu na pr\u00e1cu a na odpo\u010dinok, na vz\u00e1jomn\u00e9 rozhovory,\nna chv\u00ed\u013eu ticha a chv\u00ed\u013eu modlitby. \u010casto je taktie\u017e d\u00f4le\u017eit\u00e9\nuprata\u0165 svoj pr\u00edbytok a zbavi\u0165 sa zbyto\u010dnost\u00ed, preto\u017ee vonkaj\u0161\u00ed\nneporiadok nepriaznivo p\u00f4sob\u00ed aj na du\u0161u. Nes\u00falad nav\u00f4kol odr\u00e1\u017ea\nrozpolo\u017eenie vn\u00fatra.<\/p>\n\n\n\n<p><strong>\u010co\nje najd\u00f4le\u017eitej\u0161ie<\/strong><\/p>\n\n\n\n<p>Raz\njeden \u010dlovek h\u013eadaj\u00faci radu, pri\u0161iel k b\u00e1snikovi a mn\u00edchovi\nEckehardovi zo St. Gallen (909-973) s ot\u00e1zkou, ktor\u00fd \u010dlovek je\nnajd\u00f4le\u017eitej\u0161\u00ed, ktor\u00e1 hodina je najd\u00f4le\u017eitej\u0161ia a ktor\u00fd\nskutok v \u017eivote je najd\u00f4le\u017eitej\u0161\u00ed. Majster Eckehard mu na to\nodpovedal: Najd\u00f4le\u017eitej\u0161\u00ed \u010dlovek je ten, ktor\u00fd PR\u00c1VE STOJ\u00cd\nPRED TEBOU, najd\u00f4le\u017eitej\u0161ia hodina je TERAZ a najd\u00f4le\u017eitej\u0161\u00ed\nskutok je SKUTOK L\u00c1SKY, KTOR\u00dd M\u00d4\u017dE\u0160\nPR\u00c1VE TERAZ VYKONA\u0164. Zajtra by toti\u017e mohlo by\u0165 u\u017e neskoro!<\/p>\n\n\n\n<p>  (upr. pod\u013ea: T. \u0160pidl\u00edka,   Sh. Vanaukena,  A. Gr\u00fcna, M. Svato\u0161ovej a Ph. Bosmansa, zdroj: www.vira.cz)<\/p>\n\n\n\n<p><\/p>\n","protected":false},"excerpt":{"rendered":"<p>\u017divot je trocha \u010dasu, ktor\u00fd n\u00e1m bol dan\u00fd, aby sme sa nau\u010dili milova\u0165, a tak sa pripravili na stretnutie s Ve\u010dnou l\u00e1skou. (Abbe Pierre)<\/p>\n","protected":false},"author":2,"featured_media":0,"comment_status":"closed","ping_status":"open","sticky":false,"template":"","format":"standard","meta":[],"categories":[146,4,9],"tags":[],"_links":{"self":[{"href":"https:\/\/btm.sk\/WP\/wp-json\/wp\/v2\/posts\/3882"}],"collection":[{"href":"https:\/\/btm.sk\/WP\/wp-json\/wp\/v2\/posts"}],"about":[{"href":"https:\/\/btm.sk\/WP\/wp-json\/wp\/v2\/types\/post"}],"author":[{"embeddable":true,"href":"https:\/\/btm.sk\/WP\/wp-json\/wp\/v2\/users\/2"}],"replies":[{"embeddable":true,"href":"https:\/\/btm.sk\/WP\/wp-json\/wp\/v2\/comments?post=3882"}],"version-history":[{"count":4,"href":"https:\/\/btm.sk\/WP\/wp-json\/wp\/v2\/posts\/3882\/revisions"}],"predecessor-version":[{"id":3887,"href":"https:\/\/btm.sk\/WP\/wp-json\/wp\/v2\/posts\/3882\/revisions\/3887"}],"wp:attachment":[{"href":"https:\/\/btm.sk\/WP\/wp-json\/wp\/v2\/media?parent=3882"}],"wp:term":[{"taxonomy":"category","embeddable":true,"href":"https:\/\/btm.sk\/WP\/wp-json\/wp\/v2\/categories?post=3882"},{"taxonomy":"post_tag","embeddable":true,"href":"https:\/\/btm.sk\/WP\/wp-json\/wp\/v2\/tags?post=3882"}],"curies":[{"name":"wp","href":"https:\/\/api.w.org\/{rel}","templated":true}]}}