{"id":3843,"date":"2020-06-29T10:01:58","date_gmt":"2020-06-29T08:01:58","guid":{"rendered":"https:\/\/btm.sk\/WP\/?p=3843"},"modified":"2020-06-29T10:01:58","modified_gmt":"2020-06-29T08:01:58","slug":"verit-znamena-spolahnut-sa-na-boziu-vernost","status":"publish","type":"post","link":"https:\/\/btm.sk\/WP\/2020\/06\/29\/verit-znamena-spolahnut-sa-na-boziu-vernost\/","title":{"rendered":"VERI\u0164 ZNAMEN\u00c1 SPO\u013dAHN\u00da\u0164 SA NA BO\u017dIU VERNOS\u0164"},"content":{"rendered":"<p><br \/><!--StartFragment--><\/p>\n<p><!--StartFragment--><\/p>\n\n\n<p> <em>Ale n\u00e1\u0161 P\u00e1n Je\u017ei\u0161 Kristus a Boh, n\u00e1\u0161 Otec, ktor\u00fd si n\u00e1s zamiloval a dal n\u00e1m ve\u010dn\u00e9 pote\u0161enie a dobr\u00fa n\u00e1dej milosti, nech v\u00e1m On s\u00e1m pote\u0161uje srdcia a utvrdzuje ich v ka\u017edom dobrom skutku a slove! Nakoniec, bratia, modlite sa za n\u00e1s, aby sa P\u00e1novo slovo r\u00fdchlo \u0161\u00edrilo a osl\u00e1vilo tak ako aj u v\u00e1s, a aby sme sa zachr\u00e1nili od ne\u010destn\u00fdch a zl\u00fdch \u013eud\u00ed. Lebo viera nie je dan\u00e1 v\u0161etk\u00fdm.Ale vern\u00fd je P\u00e1n, ktor\u00fd v\u00e1s utvrd\u00ed a zachov\u00e1 od zl\u00e9ho. (2. Tesalonick\u00fdm 2,16-3,3)<\/em><\/p>\n\n\n\n<!--more-->\n\n\n\n<p>\nKe\u010f\nsme sa kedysi, pred pr\u00edchodom mobilov a internetov\u00fdch soci\u00e1lnych\nsiet\u00ed, dohodli, \u017ee sa stretneme o dva t\u00fd\u017edne tam a tam, tak sme s\nt\u00fdm v\u0161etci po\u010d\u00edtali a skuto\u010dne sme sa aj stretli. Nov\u00e9\nkomunika\u010dn\u00e9 technol\u00f3gie n\u00e1m d\u00e1vaj\u00fa mo\u017enos\u0165 pru\u017ene reagova\u0165\nna zmenu okolnost\u00ed \u2013 dohodnut\u00e9 term\u00edny aktualizova\u0165 a\nprisp\u00f4sobi\u0165 novej situ\u00e1cii. No aj ru\u0161i\u0165: &nbsp;\u201ePrep\u00e1\u010d, dnes\nto fakt nest\u00edham; nie\u010do mi do toho pri\u0161lo; vie\u0161, m\u00e1m blb\u00fa\nn\u00e1ladu, tak to rad\u0161ej odlo\u017e\u00edme; e\u0161te sa dohodneme\u201c at\u010f.\nZvykli sme si, \u017ee m\u00f4\u017eeme da\u0165 hocikedy vedie\u0165, \u017ee sa nie\u010do\nzmenilo. Podvedome u\u017e akosi po\u010d\u00edtame s t\u00fdm, \u017ee v\u0161etko m\u00f4\u017ee\nby\u0165 nakoniec e\u0161te trikr\u00e1t inak, a \u010dasto ani neo\u010dak\u00e1vame, \u017ee by\nplatilo to, na \u010dom sme sa dohodli.<\/p>\n\n\n\n<p>Len\nBoh, n\u00e1\u0161 Otec, je st\u00e1le rovnak\u00fd. Tvor\u00ed s\u00edce nov\u00e9 veci, av\u0161ak\njeho l\u00e1ska k n\u00e1m, jeho dobrota, a to \u017ee n\u00e1s chr\u00e1ni, sprev\u00e1dza a\nposil\u0148uje, nepodlieha okolnostiam \u010di n\u00e1lad\u00e1m. P\u00e1n je vern\u00fd,\nm\u00f4\u017eeme sa na\u0148ho celkom spo\u013eahn\u00fa\u0165. Preto m\u00f4\u017eeme od neho \u010derpa\u0165\nnepominute\u013en\u00fa \u00fatechu a radostn\u00fa n\u00e1dej. \n<\/p>\n\n\n\n<p><strong>Veri\u0165\nznamen\u00e1 spo\u013eahn\u00fa\u0165 sa na to, \u017ee Boh bude aj v aktu\u00e1lnej situ\u00e1cii\nkona\u0165 tak, ako konal predt\u00fdm a ako n\u00e1m s\u013e\u00fabil. Veri\u0165 znamen\u00e1\noprie\u0165 sa o Bo\u017eiu l\u00e1sku a vernos\u0165 tu a teraz \u2013 nech sa deje\n\u010doko\u013evek!<\/strong><\/p>\n\n\n\n<p>(P. Semela)<\/p>\n\n\n\n<p><\/p>\n\n\n<p><!--EndFragment--><br>\n<br>\n<\/p>","protected":false},"excerpt":{"rendered":"<p>Ale n\u00e1\u0161 P\u00e1n Je\u017ei\u0161 Kristus a Boh, n\u00e1\u0161 Otec, ktor\u00fd si n\u00e1s zamiloval a dal n\u00e1m ve\u010dn\u00e9 pote\u0161enie a dobr\u00fa n\u00e1dej milosti, nech v\u00e1m On s\u00e1m pote\u0161uje srdcia a utvrdzuje ich v ka\u017edom dobrom skutku a slove! Nakoniec, bratia, modlite sa za n\u00e1s, aby sa P\u00e1novo slovo r\u00fdchlo \u0161\u00edrilo a osl\u00e1vilo tak ako aj u [&hellip;]<\/p>\n","protected":false},"author":2,"featured_media":0,"comment_status":"closed","ping_status":"open","sticky":false,"template":"","format":"standard","meta":[],"categories":[146,4],"tags":[],"_links":{"self":[{"href":"https:\/\/btm.sk\/WP\/wp-json\/wp\/v2\/posts\/3843"}],"collection":[{"href":"https:\/\/btm.sk\/WP\/wp-json\/wp\/v2\/posts"}],"about":[{"href":"https:\/\/btm.sk\/WP\/wp-json\/wp\/v2\/types\/post"}],"author":[{"embeddable":true,"href":"https:\/\/btm.sk\/WP\/wp-json\/wp\/v2\/users\/2"}],"replies":[{"embeddable":true,"href":"https:\/\/btm.sk\/WP\/wp-json\/wp\/v2\/comments?post=3843"}],"version-history":[{"count":1,"href":"https:\/\/btm.sk\/WP\/wp-json\/wp\/v2\/posts\/3843\/revisions"}],"predecessor-version":[{"id":3844,"href":"https:\/\/btm.sk\/WP\/wp-json\/wp\/v2\/posts\/3843\/revisions\/3844"}],"wp:attachment":[{"href":"https:\/\/btm.sk\/WP\/wp-json\/wp\/v2\/media?parent=3843"}],"wp:term":[{"taxonomy":"category","embeddable":true,"href":"https:\/\/btm.sk\/WP\/wp-json\/wp\/v2\/categories?post=3843"},{"taxonomy":"post_tag","embeddable":true,"href":"https:\/\/btm.sk\/WP\/wp-json\/wp\/v2\/tags?post=3843"}],"curies":[{"name":"wp","href":"https:\/\/api.w.org\/{rel}","templated":true}]}}