{"id":3824,"date":"2020-06-29T09:26:48","date_gmt":"2020-06-29T07:26:48","guid":{"rendered":"https:\/\/btm.sk\/WP\/?p=3824"},"modified":"2020-06-29T09:26:48","modified_gmt":"2020-06-29T07:26:48","slug":"samota-strach-a-tuzba-po-pokoji","status":"publish","type":"post","link":"https:\/\/btm.sk\/WP\/2020\/06\/29\/samota-strach-a-tuzba-po-pokoji\/","title":{"rendered":"SAMOTA, STRACH A T\u00da\u017dBA PO POKOJI"},"content":{"rendered":"<p><br \/><!--StartFragment--><\/p>\n\n\n<p> Samota patr\u00ed ku ka\u017ed\u00e9mu \u010dloveku. Ka\u017ed\u00e9ho z n\u00e1s sa niekedy dotkne, poci\u0165ujeme ju a pre\u017e\u00edvame hlavne vo vz\u0165ahoch. Mali by sme s t\u00fdm r\u00e1ta\u0165, no aj tak n\u00e1s to zasko\u010d\u00ed. Av\u0161ak len ke\u010f t\u00fa svoju samotu uzn\u00e1m a prijmem, m\u00f4\u017eem aj na\u010falej \u017ei\u0165 v dobrom vz\u0165ahu. Preto\u017ee ten, kto sa vrh\u00e1 do vz\u0165ahu len preto, aby unikol svojej bytostnej samote, pr\u00edli\u0161 sa upne na partnera a vz\u0165ah tak rozbije.<\/p>\n\n\n\n<!--more-->\n\n\n\n<p> Ako si uchova\u0165 vieru vo chv\u00ed\u013each, ke\u010f sa nec\u00edtime v bezpe\u010d\u00ed? Neistota, strach, obvi\u0148ovanie, ned\u00f4vera, reptanie\u2026 to je pre n\u00e1s dnes tak\u00e9 typick\u00e9!  Av\u0161ak podobn\u00e1 n\u00e1lada vl\u00e1dla u\u017e pred cca 3 000 rokmi medzi Izraelitmi, ke\u010f ich Moj\u017ei\u0161 vyviedol z otroctva v Egypte: <em>Mali sme sa zle, no teraz sa m\u00e1me e\u0161te hor\u0161ie! Kto za to m\u00f4\u017ee? Je v\u00f4bec Boh medzi nami?<\/em> A obvi\u0148ovali Moj\u017ei\u0161a&#8230;<\/p>\n\n\n\n<p>\nSamozrejme,\n\u017ee absol\u00fatna samota, ak\u00fa, napr\u00edklad, pre\u017e\u00edvaj\u00fa niektor\u00ed\nstar\u00ed, nezamestnan\u00ed alebo opusten\u00ed \u013eudia, je nie\u010do celkom in\u00e9.\nTu by bolo vhodnej\u0161ie pou\u017e\u00edva\u0165 term\u00edn osamelos\u0165 alebo izol\u00e1cia.\nVe\u013ea \u013eud\u00ed je osamel\u00fdch, napr\u00edklad, v anonymite ve\u013ekomiest. Ak\nv\u0161ak aj tak\u00fato svoju samotu akceptujem a prijmem, m\u00f4\u017ee sa sta\u0165\nprame\u0148om nov\u00fdch \u017eivotn\u00fdch obzorov a kreativity.<\/p>\n\n\n\n<p>\u010co\nporadi\u0165 \u013eu\u010fom, ktor\u00ed trpia samotou? Povedal by som im: Sadni si\ns\u00e1m vo svojom k\u00fatiku a uvedom si svoju samotu. Pre\u017ei svoj sm\u00fatok\nz toho, \u017ee si s\u00e1m. A prostredn\u00edctvom tohto sm\u00fatku vst\u00fap do\nvn\u00fatra svojej du\u0161e. Zost\u00fap do vlastn\u00e9ho vn\u00fatra a svojej re\u00e1lnej\nskuto\u010dnosti. Tvoja \u017eivotn\u00e1 situ\u00e1cia \u0165a n\u00fati, aby si opustil\nsvoje vlastn\u00e9 vzdu\u0161n\u00e9 z\u00e1mky a predstavy o svojom \u017eivote a aby si\nsko\u010dil do priepasti svojej du\u0161e. Tam sa stretne\u0161 s\u00e1m so sebou a\ns\u00fa\u010dasne s Bohom, ktor\u00fd \u0165a tam \u010dak\u00e1. Na dne tvojej du\u0161e vyviera\nprame\u0148 l\u00e1sky, ktor\u00fd je nez\u00e1visl\u00fd od toho, \u010di sa pr\u00e1ve teraz\nc\u00edti\u0161 s\u00e1m alebo nie, alebo \u010di \u0165a pr\u00e1ve teraz niekto m\u00e1 r\u00e1d\nalebo nie.<\/p>\n\n\n\n<p>L\u00e1sku, ktor\u00fa ka\u017ed\u00fd h\u013ead\u00e1me, m\u00f4\u017eeme pre\u017e\u00edva\u0165 v h\u013abke svojej du\u0161e. L\u00e1ska \u2013 to je Boh, to je l\u00e1ska s ve\u013ek\u00fdm L. Z Neho m\u00f4\u017eeme \u010derpa\u0165, a potom rozd\u00e1va\u0165 \u010falej.  <\/p>\n\n\n\n<p><em>Je\u017ei\u0161\nhovor\u00ed: <\/em><em>Pokoj\nv\u00e1m zanech\u00e1vam, svoj pokoj v\u00e1m d\u00e1vam, nie ako svet d\u00e1va, v\u00e1m ja\nd\u00e1vam. Nech sa v\u00e1m nerm\u00fati srdce a nestrachuje!<\/em><em>\n(J\u00e1n 14,27)<\/em><\/p>\n\n\n\n<p>V\u0161etci\nt\u00fa\u017eime po pokoji, pohode, usporiadan\u00ed v\u0161etk\u00e9ho okolo n\u00e1s tak,\naby n\u00e1s ni\u010d neru\u0161ilo. Niekedy sme nepokojn\u00ed bez toho, aby sme\nvedeli, pre\u010do \u2013 len pokoj akosi nem\u00f4\u017eeme n\u00e1js\u0165. Ak je \u010dlovek\nnespokojn\u00fd so svoj\u00edm \u017eivotom, m\u00f4\u017ee ma\u0165 dojem, \u017ee pokoj by mu\nprinieslo naplnenie a dosiahnutie jeho vlastn\u00fdch predst\u00e1v a prian\u00ed.\nLen\u017ee ani potom nebude ma\u0165 pokoj&#8230;<\/p>\n\n\n\n<p>Do\nn\u00e1\u0161ho nepokoja v\u0161ak m\u00f4\u017ee vst\u00fapi\u0165 Je\u017ei\u0161 so svojou ponukou. On\nhovor\u00ed o pokoji, ktor\u00fd On s\u00e1m \u010dloveku zanech\u00e1va a ktor\u00fd On s\u00e1m\nd\u00e1va. Nehovor\u00ed o akomsi neur\u010ditom idylickom stave, do ktor\u00e9ho by\nn\u00e1s uviedol. Hovor\u00ed o tom, \u010do je v \u0147om samom a \u010do On d\u00e1va\n\u010dloveku aj do dne\u0161n\u00e9ho nepokojn\u00e9ho sveta.<\/p>\n\n\n\n<p>Preto\nstoj\u00ed za to oslobodi\u0165 sa na chv\u00ed\u013eu od na\u0161ich vlastn\u00fdch rie\u0161en\u00ed\na rozhodnut\u00ed a pozrie\u0165 sa do h\u013abky n\u00e1\u0161ho vn\u00fatra \u2013 do h\u013abky\nvn\u00fatra, ktor\u00e9 stvoril Boh a v ktorom On s\u00e1m preb\u00fdva. Pri takomto\npoh\u013eade m\u00f4\u017eeme n\u00e1js\u0165 nie\u010do, \u010do by sa dalo vyjadri\u0165 slovami\n\u201espo\u010din\u00fa\u0165 v Bohu\u201c. Vo vn\u00fatri svojho srdce m\u00f4\u017eeme n\u00e1js\u0165\nJe\u017ei\u0161a, ktor\u00fd n\u00e1m vych\u00e1dza v \u00fastrety so svoj\u00edm pokojom a\nodpusten\u00edm. On s\u00e1m n\u00e1m pon\u00faka aj prin\u00e1\u0161a pokoj \u2013 tak\u00fd pokoj,\nak\u00fd svet nem\u00f4\u017ee da\u0165.<\/p>\n\n\n\n<p>( A. Gr\u00fcn a  A. Opatrn\u00fd)<\/p>\n","protected":false},"excerpt":{"rendered":"<p>Samota patr\u00ed ku ka\u017ed\u00e9mu \u010dloveku. Ka\u017ed\u00e9ho z n\u00e1s sa niekedy dotkne, poci\u0165ujeme ju a pre\u017e\u00edvame hlavne vo vz\u0165ahoch. Mali by sme s t\u00fdm r\u00e1ta\u0165, no aj tak n\u00e1s to zasko\u010d\u00ed. Av\u0161ak len ke\u010f t\u00fa svoju samotu uzn\u00e1m a prijmem, m\u00f4\u017eem aj na\u010falej \u017ei\u0165 v dobrom vz\u0165ahu. Preto\u017ee ten, kto sa vrh\u00e1 do vz\u0165ahu len preto, [&hellip;]<\/p>\n","protected":false},"author":2,"featured_media":0,"comment_status":"closed","ping_status":"open","sticky":false,"template":"","format":"standard","meta":[],"categories":[11,146,4,9],"tags":[],"_links":{"self":[{"href":"https:\/\/btm.sk\/WP\/wp-json\/wp\/v2\/posts\/3824"}],"collection":[{"href":"https:\/\/btm.sk\/WP\/wp-json\/wp\/v2\/posts"}],"about":[{"href":"https:\/\/btm.sk\/WP\/wp-json\/wp\/v2\/types\/post"}],"author":[{"embeddable":true,"href":"https:\/\/btm.sk\/WP\/wp-json\/wp\/v2\/users\/2"}],"replies":[{"embeddable":true,"href":"https:\/\/btm.sk\/WP\/wp-json\/wp\/v2\/comments?post=3824"}],"version-history":[{"count":4,"href":"https:\/\/btm.sk\/WP\/wp-json\/wp\/v2\/posts\/3824\/revisions"}],"predecessor-version":[{"id":3828,"href":"https:\/\/btm.sk\/WP\/wp-json\/wp\/v2\/posts\/3824\/revisions\/3828"}],"wp:attachment":[{"href":"https:\/\/btm.sk\/WP\/wp-json\/wp\/v2\/media?parent=3824"}],"wp:term":[{"taxonomy":"category","embeddable":true,"href":"https:\/\/btm.sk\/WP\/wp-json\/wp\/v2\/categories?post=3824"},{"taxonomy":"post_tag","embeddable":true,"href":"https:\/\/btm.sk\/WP\/wp-json\/wp\/v2\/tags?post=3824"}],"curies":[{"name":"wp","href":"https:\/\/api.w.org\/{rel}","templated":true}]}}