{"id":3562,"date":"2019-12-05T15:43:17","date_gmt":"2019-12-05T14:43:17","guid":{"rendered":"https:\/\/btm.sk\/WP\/?p=3562"},"modified":"2019-12-05T15:43:44","modified_gmt":"2019-12-05T14:43:44","slug":"narodil-sa-kral","status":"publish","type":"post","link":"https:\/\/btm.sk\/WP\/2019\/12\/05\/narodil-sa-kral\/","title":{"rendered":"NARODIL SA KR\u00c1\u013d"},"content":{"rendered":"<p class=\"western\" lang=\"en-US\"><span style=\"font-family: Arial, sans-serif;\">S\u00fa Vianoce. Vonku je poriadne chladno. V na\u0161ich pr\u00edbytkoch je teplo, je v\u0161ak teplo i v na\u0161ich srdciach? V\u0161akovak\u00e9 v\u00f4ne kr\u00fatia n\u00e1m nosom, ve\u010f mnoh\u00e9 gazdinky u\u017e s ve\u013ek\u00fdm predstihom pripravuj\u00fa dobroty, len aby ni\u010d nech\u00fdbalo a v rohu izby \u017eiaria svetielka viano\u010dn\u00e9ho strom\u010deka. V\u0161etko je pripraven\u00e9 k viano\u010dnej idyle. Jedl\u00e1 od v\u00fdmyslu sveta, kr\u00e1sne \u0161aty i tepl\u00e9 ko\u017euchy, poriadna h\u0155ba dar\u010dekov, neraz ve\u013emi honosn\u00fdch, na nikoho sa nesmie zabudn\u00fa\u0165&#8230;a predsa, naozaj sme nezabudli na nikoho? Naozaj?<\/span><br \/>\n<!--more--><span style=\"font-family: Arial, sans-serif;\">Milujem \u0164a, Pane Je\u017ei\u0161i, \u0161epk\u00e1m oddane, \u010fakujem, \u017ee si opustil sl\u00e1vu neba a pri\u0161iel medzi n\u00e1s, \u013eud\u00ed, \u010fakujem, \u017ee ma m\u00e1\u0161 r\u00e1d a star\u00e1\u0161 sa o m\u0148a, o moju rodinu&#8230;Och, Pane, Ty si Vianoce! Ty si ka\u017ed\u00fd de\u0148 na\u0161ich \u017eivotov! Ty si na\u0161e vch\u00e1dzanie i vych\u00e1dzanie, n\u00e1\u0161 \u017divot, Cesta, Pravda&#8230;<\/span><br \/>\n\u201e<span style=\"font-family: Arial, sans-serif;\">Ideme do kostola,\u201c kri\u010d\u00ed na\u0161a mama,\u201c u\u017e ste pripraven\u00ed?\u201c Pam\u00e4t\u00e1m ako teraz na ten hlas\u00a0<\/span><span style=\"font-family: Arial, sans-serif;\">a na t\u00fa moju nedo\u010dkavos\u0165 viano\u010dnej kostolnej atmosf\u00e9ry. Ale vtedy som Mu e\u0161te nepatrila.\u00a0<\/span><span style=\"font-family: Arial, sans-serif;\">Vtedy som na svoju \u0161kodu ani len netu\u0161ila, o kom to vlastne ten p\u00e1n far\u00e1r hovor\u00ed, \u017ee vraj narodilo sa die\u0165a Je\u017ei\u0161. Mal\u00e9, bezmocn\u00e9 nemluv\u0148a v jasli\u010dk\u00e1ch, \u010do mi pripadalo ve\u013emi mil\u00e9 a romantick\u00e9. P\u00e1\u010dila sa mi t\u00e1 atmosf\u00e9ra, na Vianoce b\u00fdvalo v kostole ve\u013emi ve\u013ea \u013eud\u00ed, i tak\u00ed, ktor\u00ed sa potom u\u017e cel\u00fd rok neuk\u00e1zali. Tak ako ja. I im sa iste, tak ako mne, tak\u00e1to\u00a0<\/span><span style=\"font-family: Arial, sans-serif;\">romantika Vianoc p\u00e1\u010dila. A\u017e omnoho rokov nesk\u00f4r som sa stretla so \u017eiv\u00fdm Je\u017ei\u0161om.\u00a0<\/span><span style=\"font-family: Arial, sans-serif;\">Revolu\u010dn\u00e9 stretnutie sp\u00f4sobilo poriadne zemetrasenie v mojom \u017eivote a iste i \u0161ok z moci\u00a0<\/span><span style=\"font-family: Arial, sans-serif;\">a nesmiernej l\u00e1sky \u017eiv\u00e9ho Boha Je\u017ei\u0161a. \u017diadny nemotorn\u00fd a slab\u00fd, na \u010dloveka odk\u00e1zan\u00fd\u00a0<\/span><span style=\"font-family: Arial, sans-serif;\">Je\u017ei\u0161ko, ale Boh mocn\u00fd v slove i skutku, P\u00e1n p\u00e1nov a Kr\u00e1\u013e kr\u00e1\u013eov, ktor\u00e9ho meno je Je\u017ei\u0161, teda nie Je\u017ei\u0161ko, ale Je\u017ei\u0161!!! A potom som za\u010dala \u010d\u00edta\u0165 Bibliu. Kto chce spozna\u0165 P\u00e1na Je\u017ei\u0161a, mus\u00ed \u010d\u00edta\u0165 Bibliu. Obdiv a \u00facta k tomuto Bohu, ktor\u00fd sa mi dal a d\u00e1va \u010falej spozn\u00e1va\u0165 cez svoju knihu n\u00e1m dan\u00fa, s\u00fa len chab\u00e9 vyjadrenia toho, \u010do vn\u00edmam a spozn\u00e1vam st\u00e1le viac a viac. Iste ove\u013ea v\u00fdsti\u017enej\u0161ia je charakteristika P\u00e1na Je\u017ei\u0161a v Izai\u00e1\u0161ovi, ktor\u00fa Duchom Bo\u017e\u00edm veden\u00fd prorok Izai\u00e1\u0161 nap\u00edsal a iste nemal ani len predstavu o Spasite\u013eovi sveta, lebo \u017eil 600 rokov pred Jeho naroden\u00edm.<\/span><\/p>\n<p>\u201e<span style=\"font-family: Arial, sans-serif;\">Lebo die\u0165a sa n\u00e1m narodilo,<\/span><br \/>\n<span style=\"font-family: Arial, sans-serif;\">syn n\u00e1m je dan\u00fd,<\/span><br \/>\n<span style=\"font-family: Arial, sans-serif;\">na jeho pleciach spo\u010dinie knie\u017eactvo,<\/span><br \/>\n<span style=\"font-family: Arial, sans-serif;\">jeho meno bude:<\/span><br \/>\n<span style=\"font-family: Arial, sans-serif;\">Predivn\u00fd radca, Mocn\u00fd Boh,<\/span><br \/>\n<span style=\"font-family: Arial, sans-serif;\">Otec ve\u010dnosti, Knie\u017ea pokoja.<\/span><br \/>\n<span style=\"font-family: Arial, sans-serif;\">Ve\u013ek\u00e1 bude jeho vl\u00e1da<\/span><br \/>\n<span style=\"font-family: Arial, sans-serif;\">a nebude konca pokoju<\/span><br \/>\n<span style=\"font-family: Arial, sans-serif;\">na tr\u00f3ne D\u00e1vidovom<\/span><br \/>\n<span style=\"font-family: Arial, sans-serif;\">a v jeho kr\u00e1\u013eovstve,<\/span><br \/>\n<span style=\"font-family: Arial, sans-serif;\">lebo ho upevn\u00ed pr\u00e1vom<\/span><br \/>\n<span style=\"font-family: Arial, sans-serif;\">a spravodlivos\u0165ou<\/span><br \/>\n<span style=\"font-family: Arial, sans-serif;\">odteraz a\u017e naveky.\u201c (Izai\u00e1\u0161 9,5-6)<\/span><\/p>\n<p><span style=\"font-family: Arial, sans-serif;\">Nevyr\u00e1\u017eaj\u00fa v\u00e1m tieto mocn\u00e9 slov\u00e1 dych? Mne \u00e1no a st\u00e1le viac, Boha na\u0161\u00edm rozumom nikdy, nikdy nem\u00f4\u017eeme obsiahnu\u0165. Je tak\u00fd Ve\u013ek\u00fd, tak\u00fd Mocn\u00fd, tak\u00fd Majest\u00e1tny, tak\u00fd Miluj\u00faci, tak\u00fd \u0160tedr\u00fd&#8230; a my m\u00f4\u017eeme len jedno: v obdive srdca svojho k\u013eakn\u00fa\u0165 na kolen\u00e1 a \u0161epka\u0165, milujem \u0164a, Pane m\u00f4j a \u010fakujem, \u017ee ma s l\u00e1skou denne obj\u00edma\u0161 a star\u00e1\u0161 sa o m\u0148a, hrie\u0161neho \u010dloveka.<\/span><br \/>\n<span style=\"font-family: Arial, sans-serif;\">Po\u017eehnan\u00e9 Vianoce po\u010das cel\u00e9ho nov\u00e9ho kalend\u00e1rneho roka, ba po\u010das cel\u00e9ho \u017eivota s Kr\u00e1\u013eom kr\u00e1\u013eov a P\u00e1nom p\u00e1nov, prajem n\u00e1m v\u0161etk\u00fdm, lebo kto m\u00e1 Je\u017ei\u0161a v srdci, m\u00e1 Vianoce ka\u017ed\u00fd de\u0148 v roku.<\/span><\/p>\n<p><span style=\"font-family: Arial, sans-serif;\">(Dana Zub\u010d\u00e1kov\u00e1)<\/span><\/p>\n","protected":false},"excerpt":{"rendered":"<p>S\u00fa Vianoce. Vonku je poriadne chladno. V na\u0161ich pr\u00edbytkoch je teplo, je v\u0161ak teplo i v na\u0161ich srdciach? V\u0161akovak\u00e9 v\u00f4ne kr\u00fatia n\u00e1m nosom, ve\u010f mnoh\u00e9 gazdinky u\u017e s ve\u013ek\u00fdm predstihom pripravuj\u00fa dobroty, len aby ni\u010d nech\u00fdbalo a v rohu izby \u017eiaria svetielka viano\u010dn\u00e9ho strom\u010deka. V\u0161etko je pripraven\u00e9 k viano\u010dnej idyle. Jedl\u00e1 od v\u00fdmyslu sveta, kr\u00e1sne [&hellip;]<\/p>\n","protected":false},"author":2,"featured_media":0,"comment_status":"closed","ping_status":"open","sticky":false,"template":"","format":"standard","meta":[],"categories":[11,146,4,10,9],"tags":[],"_links":{"self":[{"href":"https:\/\/btm.sk\/WP\/wp-json\/wp\/v2\/posts\/3562"}],"collection":[{"href":"https:\/\/btm.sk\/WP\/wp-json\/wp\/v2\/posts"}],"about":[{"href":"https:\/\/btm.sk\/WP\/wp-json\/wp\/v2\/types\/post"}],"author":[{"embeddable":true,"href":"https:\/\/btm.sk\/WP\/wp-json\/wp\/v2\/users\/2"}],"replies":[{"embeddable":true,"href":"https:\/\/btm.sk\/WP\/wp-json\/wp\/v2\/comments?post=3562"}],"version-history":[{"count":2,"href":"https:\/\/btm.sk\/WP\/wp-json\/wp\/v2\/posts\/3562\/revisions"}],"predecessor-version":[{"id":3564,"href":"https:\/\/btm.sk\/WP\/wp-json\/wp\/v2\/posts\/3562\/revisions\/3564"}],"wp:attachment":[{"href":"https:\/\/btm.sk\/WP\/wp-json\/wp\/v2\/media?parent=3562"}],"wp:term":[{"taxonomy":"category","embeddable":true,"href":"https:\/\/btm.sk\/WP\/wp-json\/wp\/v2\/categories?post=3562"},{"taxonomy":"post_tag","embeddable":true,"href":"https:\/\/btm.sk\/WP\/wp-json\/wp\/v2\/tags?post=3562"}],"curies":[{"name":"wp","href":"https:\/\/api.w.org\/{rel}","templated":true}]}}