{"id":3556,"date":"2019-12-05T15:31:12","date_gmt":"2019-12-05T14:31:12","guid":{"rendered":"https:\/\/btm.sk\/WP\/?p=3556"},"modified":"2019-12-05T15:31:12","modified_gmt":"2019-12-05T14:31:12","slug":"ludske-vianoce","status":"publish","type":"post","link":"https:\/\/btm.sk\/WP\/2019\/12\/05\/ludske-vianoce\/","title":{"rendered":"\u013dUDSK\u00c9 VIANOCE"},"content":{"rendered":"<p class=\"western\" lang=\"en-US\"><span style=\"font-family: Arial, sans-serif;\">Vianoce akoby neboli. Akoby sa rozpustili do mili\u00f3nov umel\u00fdch svetiel, do dr\u00e1\u017ediv\u00fdch odbleskov. Akoby ktosi Vianoce rozkr\u00e1jal do roztopa\u0161n\u00fdch k\u00faskov, ktor\u00e9 d\u00f4myselne zabalil do zlatist\u00fdch papierikov.<\/span><\/p>\n<p class=\"western\" lang=\"en-US\"><!--more--><\/p>\n<p class=\"western\" lang=\"en-US\"><span style=\"font-family: Arial, sans-serif;\">A \u010do zv\u00fd\u0161ilo, roztopil do l\u00e1kav\u00fdch \u010dokol\u00e1dov\u00fdch fig\u00farok na strom\u010dek. A my sa predierame d\u0148ami, provin\u010dn\u00fdmi \u00fasekmi, zodrat\u00fdmi bulv\u00e1rmi, rozbit\u00fdmi cestami bez konca. A z\u00e1rove\u0148 sa o\u010darene rozhliadame po viano\u010dnej v\u00fdzdobe v n\u00e1kupn\u00fdch centr\u00e1ch.<\/span><\/p>\n<p class=\"western\" lang=\"en-US\"><span style=\"font-family: Arial, sans-serif;\">Na\u0161e Vianoce. Modern\u00e9, \u0161t\u00fdlov\u00e9, g\u00fd\u010dov\u00e9. Bez v\u00f4ne, bez objatia. Cit nahraden\u00fd akousi formou obdarov\u00e1vania. Lebo sa patr\u00ed, lebo sa mus\u00ed, lebo sa od n\u00e1s o\u010dak\u00e1va, lebo tak k\u00e1\u017ee trad\u00edcia&#8230; V\u017edy som mala probl\u00e9m s Vianocami. Aj moja neboh\u00e1 mama. Iste\u017ee, aj n\u00e1\u0161mu domovu sme vd\u00fdchli to rodinn\u00e9 \u010daro, napiekli kol\u00e1\u010de, ozdobili borovicu a usilovali sa by\u0165 vesel\u00e9, \u0161\u0165astn\u00e9. A predsa sme kdesi hlboko v du\u0161i c\u00edtili, \u017ee toto v\u0161etko \u2013 naozaj nesta\u010d\u00ed.<\/span><\/p>\n<p class=\"western\" lang=\"en-US\"><span style=\"font-family: Arial, sans-serif;\">Ktovie, mo\u017eno mi aj dnes ch\u00fdba sk\u00fasenos\u0165 zasne\u017een\u00fdch str\u00e1n\u00ed, \u0161tip\u013eavej ly\u017eova\u010dky, mraziv\u00e9 chvenie vlo\u010diek uprostred noci. Aby som c\u00edtila, aby som stretla Vianoce&#8230; A mo\u017eno som iba prive\u013emi unaven\u00e1 z bytia, ktor\u00e9 sa n\u00e1m akosi str\u00e1ca pred o\u010dami.<\/span><\/p>\n<p class=\"western\" lang=\"en-US\"><span style=\"font-family: Arial, sans-serif;\">A mo\u017eno iba odmietam ten obal, ktor\u00fd priam dus\u00ed posolstvo Vianoc. Posolstvo Je\u017ei\u0161ovho<\/span><\/p>\n<p class=\"western\" lang=\"en-US\"><span style=\"font-family: Arial, sans-serif;\">narodenia. Posolstvo Je\u017ei\u0161ovho \u017eivota. Svet je obalen\u00fd tonami nezmyseln\u00fdch vrstiev, ktor\u00e9 zovieraj\u00fa v\u0161etko Bo\u017eie, v\u0161etko bo\u017esk\u00e9, v\u0161etko majest\u00e1tne, siln\u00e9, v\u00fdnimo\u010dn\u00e9, nadprirodzen\u00e9. Kristovu pr\u00edtomnos\u0165 v\u0161ak nemo\u017eno zabali\u0165 do viano\u010dn\u00e9ho papiera a predstiera\u0165, \u017ee tak to m\u00e1 by\u0165&#8230;<\/span><\/p>\n<p class=\"western\" lang=\"en-US\"><span style=\"font-family: Arial, sans-serif;\">Bl\u00ed\u017eia sa Vianoce. A ja som v rozpakoch. Ako ich prija\u0165? Ako ich pre\u017ei\u0165? Ako si uchr\u00e1ni\u0165 v du\u0161i t\u00fa sv\u00e4t\u00fa chv\u00ed\u013eu a pokori\u0165 sa pred Bo\u017e\u00ed majest\u00e1t? Ako sa radova\u0165, ke\u010f to\u013ek\u00e9 mili\u00f3ny \u013eud\u00ed \u2013 pla\u010d\u00fa?<\/span><\/p>\n<p class=\"western\" lang=\"en-US\"><span style=\"font-family: Arial, sans-serif;\">A predsa, napriek mojej \u00fazkosti, bolesti, ot\u00e1zkam \u2013 Vianoce pr\u00eddu. Tri sviato\u010dn\u00e9 dni. Ktosi sa uprostred nich narod\u00ed, ktosi od\u00edde. Vianoce bud\u00fa ako kruh spojen\u00fd rados\u0165ou, boles\u0165ou, o\u010dak\u00e1van\u00edm, zroden\u00edm, umieran\u00edm, sklaman\u00edm i prekvapen\u00edm. Vianoce bud\u00fa presne tak\u00e9, ak\u00fd je n\u00e1\u0161 \u017eivot.<\/span><\/p>\n<p class=\"western\" lang=\"en-US\"><span style=\"font-family: Arial, sans-serif;\">Neo\u010dak\u00e1vajme od Vianoc, \u013eudsk\u00fdch Vianoc prive\u013ea. Zdvihnime v\u0161ak o\u010di k nebesiam, lebo z nich pri\u0161iel k n\u00e1m \u017eivot! Bo\u017e\u00ed \u017eivot! Vtelen\u00fd \u017eivot! \u017divot v Kristovi! Nielen v tom malom bezbrannom die\u0165atku v jasli\u010dk\u00e1ch, ale aj v dospelom mu\u017eovi, ktor\u00fd v poslu\u0161nosti vykonal Bo\u017eie dielo spasenia na Zemi! V mu\u017eovi, ktor\u00fd op\u00e4\u0165 spojil na\u0161e du\u0161e, na\u0161e srdcia s Bohom!<\/span><\/p>\n<p class=\"western\" lang=\"en-US\"><span style=\"font-family: Arial, sans-serif;\">To je skuto\u010dn\u00e9 posolstvo Vianoc. \u017del\u00e1m n\u00e1m v\u0161etk\u00fdm, aby sme pre\u017eili viano\u010dn\u00e9 sviatky<\/span><\/p>\n<p class=\"western\" lang=\"en-US\"><span style=\"font-family: Arial, sans-serif;\">v \u00fazkom spojen\u00ed s Trojjedin\u00fdm Bohom! Aby sme poc\u00edtili radostn\u00fa, siln\u00fa energiu Bo\u017eej moci<\/span><\/p>\n<p class=\"western\" lang=\"en-US\"><span style=\"font-family: Arial, sans-serif;\">v na\u0161om byt\u00ed a dotkli sa op\u00e4\u0165 svojej vlastnej du\u0161e, dotkli sa najvn\u00fatornej\u0161\u00edch z\u00e1kut\u00ed pam\u00e4te, pocitov, spomienok! A aby sme z\u00e1rove\u0148 prejavili v\u010fa\u010dnos\u0165 vo\u010di \u017eivotu za v\u0161etk\u00fdch \u013eud\u00ed, ktor\u00fdch n\u00e1m doposia\u013e Boh daroval! Za t\u00fdch, ktor\u00ed n\u00e1s miluj\u00fa, ktor\u00fdch sme milovali a milujeme st\u00e1le. Za \u013eud\u00ed, ktor\u00ed n\u00e1m boli oporou a Kristov\u00fdmi rukami na Zemi. Preto ver\u00edm, \u017ee sa aj po\u010das t\u00fdchto Vianoc dotkneme neba, Bo\u017eieho i \u013eudsk\u00e9ho srdca z\u00e1rove\u0148.<\/span><\/p>\n<p class=\"western\" lang=\"en-US\"><span style=\"font-family: Arial, sans-serif;\">(Eva Bachletov\u00e1)<\/span><\/p>\n","protected":false},"excerpt":{"rendered":"<p>Vianoce akoby neboli. Akoby sa rozpustili do mili\u00f3nov umel\u00fdch svetiel, do dr\u00e1\u017ediv\u00fdch odbleskov. Akoby ktosi Vianoce rozkr\u00e1jal do roztopa\u0161n\u00fdch k\u00faskov, ktor\u00e9 d\u00f4myselne zabalil do zlatist\u00fdch papierikov.<\/p>\n","protected":false},"author":2,"featured_media":0,"comment_status":"closed","ping_status":"open","sticky":false,"template":"","format":"standard","meta":[],"categories":[11,146,4,9],"tags":[],"_links":{"self":[{"href":"https:\/\/btm.sk\/WP\/wp-json\/wp\/v2\/posts\/3556"}],"collection":[{"href":"https:\/\/btm.sk\/WP\/wp-json\/wp\/v2\/posts"}],"about":[{"href":"https:\/\/btm.sk\/WP\/wp-json\/wp\/v2\/types\/post"}],"author":[{"embeddable":true,"href":"https:\/\/btm.sk\/WP\/wp-json\/wp\/v2\/users\/2"}],"replies":[{"embeddable":true,"href":"https:\/\/btm.sk\/WP\/wp-json\/wp\/v2\/comments?post=3556"}],"version-history":[{"count":1,"href":"https:\/\/btm.sk\/WP\/wp-json\/wp\/v2\/posts\/3556\/revisions"}],"predecessor-version":[{"id":3557,"href":"https:\/\/btm.sk\/WP\/wp-json\/wp\/v2\/posts\/3556\/revisions\/3557"}],"wp:attachment":[{"href":"https:\/\/btm.sk\/WP\/wp-json\/wp\/v2\/media?parent=3556"}],"wp:term":[{"taxonomy":"category","embeddable":true,"href":"https:\/\/btm.sk\/WP\/wp-json\/wp\/v2\/categories?post=3556"},{"taxonomy":"post_tag","embeddable":true,"href":"https:\/\/btm.sk\/WP\/wp-json\/wp\/v2\/tags?post=3556"}],"curies":[{"name":"wp","href":"https:\/\/api.w.org\/{rel}","templated":true}]}}