{"id":3358,"date":"2019-08-23T16:36:39","date_gmt":"2019-08-23T14:36:39","guid":{"rendered":"https:\/\/btm.sk\/WP\/?p=3358"},"modified":"2019-08-23T16:36:39","modified_gmt":"2019-08-23T14:36:39","slug":"skola-vola","status":"publish","type":"post","link":"https:\/\/btm.sk\/WP\/2019\/08\/23\/skola-vola\/","title":{"rendered":"\u0160KOLA VOL\u00c1!"},"content":{"rendered":"<p class=\"western\" lang=\"en-US\"><span style=\"font-family: Arial, sans-serif;\"><span style=\"font-size: medium;\">\u0160kolsk\u00fd rok, ktor\u00fd sa pr\u00e1ve za\u010d\u00edna, je jedn\u00fdm z troch &#8222;rokov&#8220;, ktor\u00e9 v obdob\u00ed 12 mesiacov jedn\u00e9ho roka pre\u017e\u00edvame. Pre upresnenie: ide o rok ob\u010diansky \u2013 ten je od 1. janu\u00e1ra, rok \u0161kolsk\u00fd \u2013 ten je od 1. septembra a rok cirkevn\u00fd \u2013 ten je od 1. adventnej nedele. Reklama by povedala: tri v jednom.<\/span><\/span><\/p>\n<p class=\"western\" lang=\"en-US\"><!--more--><\/p>\n<p class=\"western\" lang=\"en-US\"><span style=\"font-family: Arial, sans-serif;\"><span style=\"font-size: medium;\">Najv\u00e4\u010d\u0161\u00ed pohyb v spolo\u010dnosti a najv\u00e4\u010d\u0161ie pl\u00e1novanie asi prin\u00e1\u0161a \u0161kolsk\u00fd rok. Menia sa cestovn\u00e9 poriadky, men\u00ed sa organiz\u00e1cia \u010dasu v rodin\u00e1ch, menia sa programy v \u017eivote farnost\u00ed, men\u00ed sa rytmus a ponuka na \u00farovni spolo\u010densk\u00e9ho, pracovn\u00e9ho, politick\u00e9ho a kult\u00farneho \u017eivota. S\u00fa\u010dasne sa men\u00ed aj n\u00e1\u0161 biorytmus &#8211; kv\u00f4li in\u00e9mu vst\u00e1vaniu det\u00ed a teda aj cel\u00fdch rod\u00edn a tak vlastne v\u00e4\u010d\u0161iny spolo\u010dnosti.<\/span><\/span><\/p>\n<p class=\"western\" lang=\"en-US\"><span style=\"font-family: Arial, sans-serif;\"><span style=\"font-size: medium;\">Spolu s t\u00fdmito zmenami treba na \u010fal\u0161\u00edch 10 mesiacov premyslie\u0165 a napl\u00e1nova\u0165 rozvrhy, aktivity, akcie, kr\u00fa\u017eky, bohoslu\u017eby at\u010f. Nie je toho na \u010dloveka pr\u00edve\u013ea? V takejto situ\u00e1cii sme mo\u017eno op\u00e4\u0165 postaven\u00ed pred ot\u00e1zky, ktor\u00e9 n\u00e1s sprev\u00e1dzaj\u00fa cel\u00fdm na\u0161\u00edm \u017eivotom: Na ako dlho si m\u00f4\u017eem pl\u00e1nova\u0165 svoj \u017eivot ja? \u010co ma \u010dak\u00e1 v najbli\u017e\u0161ej bud\u00facnosti? Kam sa bude ubera\u0165 m\u00f4j \u017eivot? Zvl\u00e1dnem ur\u010den\u00e9 \u00falohy? At\u010f. Tak\u00e9to ot\u00e1zky m\u00f4\u017eu by\u0165 niekedy a\u017e znepokojuj\u00face. M\u00f4\u017eu n\u00e1m v\u0161ak aj pom\u00f4c\u0165. Pom\u00f4c\u0165 pozera\u0165 sa najprv na to, \u010do je skuto\u010dne d\u00f4le\u017eit\u00e9. A a\u017e potom pl\u00e1nova\u0165 svoju (v\u017edy neist\u00fa) bud\u00facnos\u0165.<\/span><\/span><\/p>\n<p class=\"western\" lang=\"en-US\"><span style=\"font-family: Arial, sans-serif;\"><span style=\"font-size: medium;\">Svoju bud\u00facnos\u0165 toti\u017e nikto nepozn\u00e1. Pozn\u00e1me v\u0161ak Toho, kto ju dobre pozn\u00e1 a pozn\u00e1 aj n\u00e1s, pozn\u00e1 na\u0161e srdce, na\u0161e t\u00fa\u017eby, ale aj na\u0161e bolesti i radosti. On vie, ako najlep\u0161ie napl\u00e1nova\u0165 a organizova\u0165 n\u00e1\u0161 \u017eivot. Preto nikdy nie je na \u0161kodu vyu\u017ei\u0165 nejak\u00e9 chv\u00edle k tej najd\u00f4le\u017eitej\u0161ej pracovnej a strategickej sch\u00f4dzke &#8211; k sch\u00f4dzke s T\u00fdm, ktor\u00e9mu na n\u00e1s naozaj z\u00e1le\u017e\u00ed, s T\u00fdm, ktor\u00fd ide po na\u0161ich cest\u00e1ch s nami, a ktor\u00fd, aj ke\u010f to \u010dasto priamo nevn\u00edmame, k n\u00e1m hovor\u00ed a sprev\u00e1dza n\u00e1s. Ve\u010f <\/span><\/span><span style=\"font-family: Arial, sans-serif;\"><span style=\"font-size: medium;\"><i>&#8222;s<\/i><\/span><\/span><span style=\"color: #000000;\"><span style=\"font-family: Noto Sans, sans-serif;\"><span style=\"font-size: medium;\"><i>viecou mojim noh\u00e1m je Tvoje slovo a svetlo mojim chodn\u00edkom&#8220; (\u017dalm 119,105)<\/i><\/span><\/span><\/span><span style=\"color: #000000;\"><span style=\"font-family: Noto Sans, sans-serif;\"><span style=\"font-size: medium;\">.<\/span><\/span><\/span><span style=\"font-family: Arial, sans-serif;\"><span style=\"font-size: medium;\"><\/p>\n<p>Za redakciu BTM prajeme v\u0161etk\u00fdm \u0161kol\u00e1kom a \u0161tudentom dobr\u00fd \u0161tart do tohto \u0161kolsk\u00e9ho roku a v\u0161etko dobr\u00e9 na ceste, ktor\u00e1 m\u00e1 smer a cie\u013e.<\/span><\/span><\/p>\n","protected":false},"excerpt":{"rendered":"<p>\u0160kolsk\u00fd rok, ktor\u00fd sa pr\u00e1ve za\u010d\u00edna, je jedn\u00fdm z troch &#8222;rokov&#8220;, ktor\u00e9 v obdob\u00ed 12 mesiacov jedn\u00e9ho roka pre\u017e\u00edvame. Pre upresnenie: ide o rok ob\u010diansky \u2013 ten je od 1. janu\u00e1ra, rok \u0161kolsk\u00fd \u2013 ten je od 1. septembra a rok cirkevn\u00fd \u2013 ten je od 1. adventnej nedele. Reklama by povedala: tri v jednom.<\/p>\n","protected":false},"author":2,"featured_media":0,"comment_status":"closed","ping_status":"open","sticky":false,"template":"","format":"standard","meta":[],"categories":[11],"tags":[],"_links":{"self":[{"href":"https:\/\/btm.sk\/WP\/wp-json\/wp\/v2\/posts\/3358"}],"collection":[{"href":"https:\/\/btm.sk\/WP\/wp-json\/wp\/v2\/posts"}],"about":[{"href":"https:\/\/btm.sk\/WP\/wp-json\/wp\/v2\/types\/post"}],"author":[{"embeddable":true,"href":"https:\/\/btm.sk\/WP\/wp-json\/wp\/v2\/users\/2"}],"replies":[{"embeddable":true,"href":"https:\/\/btm.sk\/WP\/wp-json\/wp\/v2\/comments?post=3358"}],"version-history":[{"count":1,"href":"https:\/\/btm.sk\/WP\/wp-json\/wp\/v2\/posts\/3358\/revisions"}],"predecessor-version":[{"id":3359,"href":"https:\/\/btm.sk\/WP\/wp-json\/wp\/v2\/posts\/3358\/revisions\/3359"}],"wp:attachment":[{"href":"https:\/\/btm.sk\/WP\/wp-json\/wp\/v2\/media?parent=3358"}],"wp:term":[{"taxonomy":"category","embeddable":true,"href":"https:\/\/btm.sk\/WP\/wp-json\/wp\/v2\/categories?post=3358"},{"taxonomy":"post_tag","embeddable":true,"href":"https:\/\/btm.sk\/WP\/wp-json\/wp\/v2\/tags?post=3358"}],"curies":[{"name":"wp","href":"https:\/\/api.w.org\/{rel}","templated":true}]}}