{"id":3354,"date":"2019-08-23T16:32:40","date_gmt":"2019-08-23T14:32:40","guid":{"rendered":"https:\/\/btm.sk\/WP\/?p=3354"},"modified":"2019-08-23T16:32:40","modified_gmt":"2019-08-23T14:32:40","slug":"sila-a-slabost-pred-bohom","status":"publish","type":"post","link":"https:\/\/btm.sk\/WP\/2019\/08\/23\/sila-a-slabost-pred-bohom\/","title":{"rendered":"SILA A SLABOS\u0164 PRED BOHOM"},"content":{"rendered":"<p class=\"western\" lang=\"en-US\"><span style=\"font-family: Arial, sans-serif;\"><span style=\"font-size: medium;\">Apo\u0161tol Pavol by sa r\u00e1d zbavil svojej choroby. Nevieme, \u010do to bolo, ale bola to slabos\u0165, ktorou skuto\u010dne trpel.<\/span><\/span><\/p>\n<p class=\"western\" lang=\"en-US\"><!--more--><\/p>\n<p class=\"western\" lang=\"en-US\"><span style=\"font-family: Arial, sans-serif;\"><span style=\"font-size: medium;\">Bol presved\u010den\u00fd, \u017ee ako zdrav\u00fd by toho mohol vykona\u0165 pre Bo\u017eie kr\u00e1\u013eovstvo ove\u013ea viac, a predsa mu Kristus odpovedal: <\/span><\/span><span style=\"color: #000000;\"><span style=\"font-family: Noto Sans, sans-serif;\"><span style=\"font-size: medium;\"><i>Dos\u0165 m\u00e1\u0161 na mojej milosti; lebo (moja) moc sa v slabosti dokon\u00e1va <\/i><\/span><\/span><\/span><span style=\"font-family: Arial, sans-serif;\"><span style=\"font-size: medium;\"><i>(2. Korintsk\u00fdm 12,9).<\/i><\/span><\/span><span style=\"font-family: Arial, sans-serif;\"><span style=\"font-size: medium;\"><br \/>\nJe\u017ei\u0161 dok\u00e1\u017ee p\u00f4sobi\u0165 aj prostredn\u00edctvom na\u0161ej slabosti. Slabos\u0165 n\u00e1m nebr\u00e1ni, aby sme boli pre Krista naplno disponovan\u00ed. Pr\u00e1ve naopak, dokonca n\u00e1m m\u00f4\u017ee pom\u00f4c\u0165, aby sme nestavali do stredu sami seba, ale boli celkom otvoren\u00ed p\u00f4sobeniu Ducha sv\u00e4t\u00e9ho. Toto Kristovo slovo z n\u00e1s sn\u00edma tlak v\u00fdkonu, tak\u017ee sa nemus\u00edme sna\u017ei\u0165 odstr\u00e1ni\u0165 za ka\u017ed\u00fa cenu v\u0161etky slabosti, ka\u017ed\u00fd strach a v\u0161etky svoje citliv\u00e9 miesta. Smieme rovnako ako sv\u00e4t\u00fd Pavol prosi\u0165 Boha, aby n\u00e1s oslobodil od strachu a precitlivelosti. Ale ak budeme aj na\u010falej rovnako trpie\u0165, neznamen\u00e1 to, \u017ee n\u00e1s Boh nevypo\u010dul. Sk\u00f4r n\u00e1m d\u00f4veruje, \u017ee sa dok\u00e1\u017eeme so strachom a precitlivelos\u0165ou vysporiada\u0165 a \u017ee pr\u00e1ve t\u00fdm budeme otvoren\u00ed pre jeho Ducha. Oslobod\u00ed n\u00e1s to od vlastn\u00e9ho sebeck\u00e9ho ja, ktor\u00e9 sa sna\u017e\u00ed svojmu okoliu imponova\u0165. Dotkneme sa podstaty svojho bytia, svojho prav\u00e9ho jadra, v ktorom preb\u00fdva Boh.<br \/>\nPavol prij\u00edma sk\u00fasenos\u0165 vlastnej nemoci a slabosti ako d\u00f4le\u017eit\u00fa cestu k poznaniu tajomstva Je\u017ei\u0161ovho utrpenia. Ke\u010f Boh nevypo\u010dul jeho prosbu o vyslobodenie z nemoci, uvedomil si, \u017ee pr\u00e1ve v\u010faka nemoci a vlastnej slabosti hlb\u0161ie vr\u00e1stol do spolo\u010denstva s ukri\u017eovan\u00fdm a vzkriesen\u00fdm P\u00e1nom. S\u00e1m potom zvestoval tajomstvo Je\u017ei\u0161ovej smrti a zm\u0155tvychvstania, a to nielen slovami, ale cel\u00fdm svoj\u00edm byt\u00edm vr\u00e1tane svojej nemoci.<\/span><\/span><\/p>\n<p class=\"western\" lang=\"en-US\"><span style=\"font-family: Arial, sans-serif;\"><span style=\"font-size: medium;\"><b>Viera zreje kr\u00edzami<\/b><\/span><\/span><\/p>\n<p class=\"western\" lang=\"en-US\"><span style=\"font-family: Arial, sans-serif;\"><span style=\"font-size: medium;\">Pre slovo kr\u00edza maj\u00fa v \u010d\u00edn\u0161tine dva znaky: prv\u00fd znamen\u00e1 aj nebezpe\u010denstvo a druh\u00fd pr\u00edle\u017eitos\u0165. Kr\u00edza je bod zlomu. A pod\u013ea toho, kam sa \u010dlovek priklon\u00ed, n\u00e1jde bu\u010f nebezpe\u010denstvo alebo nov\u00e9 mo\u017enosti.<\/span><\/span><\/p>\n<p class=\"western\" lang=\"en-US\"><span style=\"font-family: Arial, sans-serif;\"><span style=\"font-size: medium;\">Aj v procese viery doch\u00e1dza z\u00e1konite k pochybnostiam a kr\u00edzam. Tie pohlcuj\u00fa na\u0161e star\u00e9 vz\u0165ahy k Bohu a umo\u017e\u0148uj\u00fa vznik nov\u00fdm. Viera m\u00f4\u017ee dozrie\u0165 iba kr\u00edzami. Ve\u010f to ist\u00e9 plat\u00ed aj o na\u0161ich medzi\u013eudsk\u00fdch vz\u0165ahoch: od po\u010diato\u010dnej krehkosti rast\u00fa k st\u00e1losti sk\u00fa\u0161kami pochybnost\u00ed a kr\u00edzy. M\u00f4\u017eu v\u0161ak aj stroskota\u0165\u2026 Mnoh\u00ed \u013eudia \u010dasto nech\u00e1pu a odmietaj\u00fa kr\u00edzu viery. Neuvedomuj\u00fa si, \u017ee nikto nem\u00f4\u017ee poveda\u0165 zmyslupln\u00e9 a slobodn\u00e9 \u00e1no, ak nem\u00e1 mo\u017enos\u0165 poveda\u010d aj nie. Je teda ve\u013emi zhubn\u00e9 potl\u00e1\u010da\u0165 pochybnosti v \u013eu\u010foch, ktor\u00ed pr\u00e1ve prech\u00e1dzaj\u00fa obdob\u00edm kr\u00edzy. Potl\u00e1\u010dan\u00e9 pochybnosti sa toti\u017e vracaj\u00fa a zap\u00fa\u0161\u0165aj\u00fa nov\u00e9 korene. Cesta temnotou pochybnost\u00ed a kr\u00edzy &#8211; aj ke\u010f je bolestn\u00e1 \u2013 je pre rast a dozrievanie viery celkom nevyhnutn\u00e1.<\/span><\/span><\/p>\n<p class=\"western\" lang=\"en-US\"><span style=\"font-family: Arial, sans-serif;\"><span style=\"font-size: medium;\">V procese viery je na\u0161ou najd\u00f4le\u017eitej\u0161ou potrebou neust\u00e1le upravova\u0165 svoje predstavy o Bohu, ktor\u00fd je v\u017edy nekone\u010dne v\u00e4\u010d\u0161\u00ed a miluje ove\u013ea viac, ako m\u00f4\u017ee na\u0161a myse\u013e obsiahnu\u0165 a pochopi\u0165. Preto mus\u00edme Boha \u0161tudova\u0165 v jeho slove, hlavne v\u0161ak v tom, ako sa n\u00e1m s\u00e1m zjavil v Je\u017ei\u0161ovom \u010dlove\u010denstve. Nie v\u0161ak len \u0161tudova\u0165. Treba ok\u00fasi\u0165 nov\u00e9 \u017eiv\u00e9 sk\u00fasenosti v stretnut\u00ed sa s Bohom. Treba ho spozn\u00e1va\u0165 z bezprostrednej sk\u00fasenosti &#8211; treba sa modli\u0165, vies\u0165 s n\u00edm dial\u00f3g, treba mu poveda\u0165 tak \u010destne, ako len dok\u00e1\u017eeme, kto sme, a obr\u00e1ti\u0165 k nemu svoje schopnosti vn\u00edmania, aby n\u00e1m povedal, kto je on s\u00e1m.<\/span><\/span><\/p>\n<p class=\"western\" lang=\"en-US\"><span style=\"font-family: Arial, sans-serif;\"><span style=\"font-size: medium;\">Sna\u017e sa spozna\u0165 Je\u017ei\u0161a! Nestra\u0165 sa v zm\u00e4tku abstraktn\u00fdch \u00edde\u00ed. Nikto nem\u00f4\u0165e odvodi\u0165 cestu k viere iba rozumom. Ve\u010f rovnako ani v\u0161etky \u013eudsk\u00e9 re\u010di o kr\u00e1se nedosiahnu n\u00e1dhery kvetu fialky!<\/span><\/span><\/p>\n<p class=\"western\" lang=\"en-US\"><span style=\"font-family: Arial, sans-serif;\"><span style=\"font-size: medium;\">M\u00e1 niekto z v\u00e1s probl\u00e9m s cirkvou \u010di s in\u00fdmi kres\u0165anmi? V\u00e4\u010d\u0161ina z n\u00e1s ich m\u00e1. Ve\u013ea z n\u00e1s m\u00e1 plno jaziev zl\u00fdch sk\u00fasenost\u00ed. Nenechajte sa v\u0161ak odvr\u00e1ti\u0165 tak\u00fdmi jednotlivcami v putuj\u00facom Bo\u017eom \u013eude. Nenechajte sa obra\u0165 o odvahu sk\u00fasenos\u0165ou \u013eudskej slabosti. Poznajte Je\u017ei\u0161a Krista &#8211; osobne! On vid\u00ed veci v jeho svetle, z in\u00e9ho uhla, a preto m\u00f4\u017ee \u010dloveku pom\u00f4c\u0165. Hovor\u00ed k nemu r\u00f4znym sp\u00f4sobom, aj slovami Biblie. Modlite sa! Ak by modlitby neboli miestom stretnut\u00ed sa s Je\u017ei\u0161om, potom by nemali zmysel. Niekedy sa n\u00e1m tak\u00e9 chv\u00ed\u013eky zdaj\u00fa ak\u00e9si pr\u00e1zdne, akoby nemali na n\u00e1\u0161 \u017eivot ve\u013ek\u00fd vplyv. Mo\u017eno sme chodili na bohoslu\u017eby z mrzut\u00e9ho pocitu povinnosti, alebo aby sme si vyprosili nejak\u00fa Bo\u017eiu priaze\u0148&#8230; Mali by sme tam v\u0161ak chodi\u0165 kv\u00f4li stretnutiu sa s Je\u017ei\u0161om Kristom a s\u00fa\u010dasne by sme mali vyh\u013ead\u00e1va\u0165 aj \u010fal\u0161ie formy stretnutia sa s n\u00edm.<\/span><\/span><\/p>\n<p class=\"western\" lang=\"en-US\"><span style=\"font-family: Arial, sans-serif;\"><span style=\"font-size: medium;\"><br \/>\n<strong>Treba spozna\u0165 Je\u017ei\u0161a Krista! Nejde o to dozvedie\u0165 sa o \u0148om, ale spozna\u0165 ho, stretn\u00fa\u0165 sa s n\u00edm!<\/strong><\/span><\/span><\/p>\n","protected":false},"excerpt":{"rendered":"<p>Apo\u0161tol Pavol by sa r\u00e1d zbavil svojej choroby. Nevieme, \u010do to bolo, ale bola to slabos\u0165, ktorou skuto\u010dne trpel.<\/p>\n","protected":false},"author":2,"featured_media":0,"comment_status":"closed","ping_status":"open","sticky":false,"template":"","format":"standard","meta":[],"categories":[9],"tags":[],"_links":{"self":[{"href":"https:\/\/btm.sk\/WP\/wp-json\/wp\/v2\/posts\/3354"}],"collection":[{"href":"https:\/\/btm.sk\/WP\/wp-json\/wp\/v2\/posts"}],"about":[{"href":"https:\/\/btm.sk\/WP\/wp-json\/wp\/v2\/types\/post"}],"author":[{"embeddable":true,"href":"https:\/\/btm.sk\/WP\/wp-json\/wp\/v2\/users\/2"}],"replies":[{"embeddable":true,"href":"https:\/\/btm.sk\/WP\/wp-json\/wp\/v2\/comments?post=3354"}],"version-history":[{"count":1,"href":"https:\/\/btm.sk\/WP\/wp-json\/wp\/v2\/posts\/3354\/revisions"}],"predecessor-version":[{"id":3355,"href":"https:\/\/btm.sk\/WP\/wp-json\/wp\/v2\/posts\/3354\/revisions\/3355"}],"wp:attachment":[{"href":"https:\/\/btm.sk\/WP\/wp-json\/wp\/v2\/media?parent=3354"}],"wp:term":[{"taxonomy":"category","embeddable":true,"href":"https:\/\/btm.sk\/WP\/wp-json\/wp\/v2\/categories?post=3354"},{"taxonomy":"post_tag","embeddable":true,"href":"https:\/\/btm.sk\/WP\/wp-json\/wp\/v2\/tags?post=3354"}],"curies":[{"name":"wp","href":"https:\/\/api.w.org\/{rel}","templated":true}]}}