{"id":3096,"date":"2018-12-03T10:07:44","date_gmt":"2018-12-03T09:07:44","guid":{"rendered":"https:\/\/btm.sk\/WP\/?p=3096"},"modified":"2018-12-03T10:07:44","modified_gmt":"2018-12-03T09:07:44","slug":"desatoro-pre-advent","status":"publish","type":"post","link":"https:\/\/btm.sk\/WP\/2018\/12\/03\/desatoro-pre-advent\/","title":{"rendered":"DESATORO PRE ADVENT"},"content":{"rendered":"<p class=\"western\"><span style=\"font-family: Arial, sans-serif;\">Ak n\u00e1m nie\u010do kr\u00e1sne a cenn\u00e9 spadne len tak do lona, m\u00e1me, pochopite\u013ene rados\u0165. \u010casto nie sme ani schopn\u00ed tak\u00fd ne\u010dakan\u00fd dar doceni\u0165 a prija\u0165. Narodenie n\u00e1\u0161ho Spasite\u013ea \u2013 P\u00e1na Je\u017ei\u0161a Krista je ur\u010dite najcennej\u0161\u00ed dar, ktor\u00fd m\u00f4\u017ee \u010dlovek dosta\u0165. A aby sme tak\u00fd dar vedeli naozaj prija\u0165, mus\u00edme by\u0165 pripraven\u00ed.<\/span><\/p>\n<p class=\"western\" lang=\"en-US\"><!--more--><\/p>\n<p class=\"western\"><span style=\"font-family: Arial, sans-serif;\">Pr\u00edpravou je u\u017e na\u0161a t\u00fa\u017eba. Odkr\u00fdva nov\u00e9 hlbiny na\u0161ich schopnost\u00ed a mobilizuje na\u0161u energiu. Na\u0161e sily sa tak spoja a smeruj\u00fa k vyt\u00fa\u017een\u00e9mu cie\u013eu. Ka\u017ed\u00fd z n\u00e1s m\u00e1 v \u017eivote nejak\u00fd cie\u013e, len \u010dasto nevie, ako ho dosiahnu\u0165. \u010casto sa nakoniec vzd\u00e1. To ist\u00e9 plat\u00ed aj o na\u0161om \u017eivote viery. \u017di\u0165 \u017eivot viery ka\u017ed\u00fd de\u0148 sa m\u00f4\u017eeme nau\u010di\u0165 z \u201eDesatora pokoja\u201c. Za\u010da\u0165 sa d\u00e1 hocikedy, hoci aj hne\u010f\u2026<\/span><\/p>\n<p class=\"western\"><span style=\"font-family: Arial, sans-serif;\"><b>Dnes nebudem rie\u0161i\u0165 probl\u00e9my cel\u00e9ho sveta<\/b><\/span><br \/>\n<span style=\"font-family: Arial, sans-serif;\"><span lang=\"sk-SK\">\u010co v\u0161etko na m\u0148a dnes \u010dak\u00e1! Nebudem uteka\u0165 pred svojimi dne\u0161n\u00fdmi probl\u00e9mami a \u00falohami, nebudem klesa\u0165 na mysli, budem im smelo pozera\u0165 do o\u010d\u00ed. Odovzd\u00e1m seba aj tieto veci Bohu, ve\u010f On sa aj dnes o m\u0148a postar\u00e1! Ide so mnou cez hory a doly, v\u00fd\u0161iny i hlbiny. Sta\u010d\u00ed kr\u00e1tka modlitba, zamyslenie a pripomenutie.<\/span><\/span><\/p>\n<p><span style=\"font-family: Arial, sans-serif;\"><b>Dnes nebudem nikoho kritizova\u0165 a napr\u00e1va\u0165<\/b><\/span><br \/>\n<span style=\"font-family: Arial, sans-serif;\">Som zodpovedn\u00fd v prvom rade s\u00e1m za seba, nie za druh\u00fdch. Mal by som teda s\u00e1m na sebe vidie\u0165 v\u0161etko to dobr\u00e9, ale aj zl\u00e9. A mal by som sa vidie\u0165 tak, ako ma vid\u00ed Boh. On m\u00e1 o mojom \u017eivote najlep\u0161\u00ed preh\u013ead. Jemu z\u00e1le\u017e\u00ed na mne, ale aj na \u013eu\u010foch v mojom okol\u00ed. Teraz je pre m\u0148a d\u00f4le\u017eit\u00e9 Kristove slovo: \u201eAko to, \u017ee vid\u00ed\u0161 triesku v oku svojho brata a tr\u00e1m vo svojom oku nevid\u00ed\u0161?\u201c Len pre dne\u0161ok chcem teda korigova\u0165 iba s\u00e1m seba.<\/span><\/p>\n<p><span style=\"font-family: Arial, sans-serif;\"><b>Dnes sa nebudem pachti\u0165 za \u0161\u0165ast\u00edm<\/b><\/span><br \/>\n<span style=\"font-family: Arial, sans-serif;\"><span lang=\"sk-SK\">Sme Bo\u017e\u00ed synovia a dc\u00e9ry. Na\u0161e o\u010di pre Boha v\u0161ak oslepli, u\u0161i pre jeho slovo ohluchli, str\u00e1came Bo\u017e\u00ed cie\u013e v hmle a be\u017e\u00edme len za \u013eudsk\u00fdmi vecami. V u\u0161iach n\u00e1m prest\u00e1va znie\u0165 Bo\u017eie volanie. Sme py\u0161n\u00ed na to, \u010do sme a \u010do chceme. Na\u0161e zapchat\u00e9 u\u0161i v\u0161ak mus\u00edme pre\u010disti\u0165, aby sme op\u00e4\u0165 po\u010duli, pretrie\u0165 si o\u010di, aby sme videli, na \u010do sme povolan\u00ed, z na\u0161ich s\u0155dc mus\u00edme odvali\u0165 kame\u0148, aby sme poznali, na \u010do n\u00e1s Boh stvoril&#8230;<\/span><\/span><br \/>\n<b><\/b><\/p>\n<p><span style=\"font-family: Arial, sans-serif;\"><span lang=\"sk-SK\"><b>Dnes budem aspo\u0148 chv\u00ed\u013eu \u010d\u00edta\u0165<\/b><\/span><\/span><br \/>\n<span style=\"font-family: Arial, sans-serif;\">Dobr\u00e9 \u010d\u00edtanie je pre \u017eivot du\u0161e rovnako d\u00f4le\u017eit\u00e9 a nevyhnutn\u00e9 ako dobr\u00e1 v\u00fd\u017eiva pre \u017eivot tela. \u201e\u010c\u00edtajte m\u00e1lo, ale dobre!\u201c Otv\u00e1rame si pravidelne aj Bo\u017eie slovo \u2013 Bibliu?<\/span><\/p>\n<p><span style=\"font-family: Arial, sans-serif;\"><span lang=\"sk-SK\"><b>Dnes budeme h\u013eada\u0165 Bo\u017eie pl\u00e1ny<\/b><\/span><\/span><br \/>\n<span style=\"font-family: Arial, sans-serif;\">Nemus\u00edm sa nah\u00e1\u0148a\u0165 ani v\u00e1ha\u0165. Boh pozn\u00e1 moje kroky aj ich r\u00fdchlos\u0165, pozn\u00e1 moje mo\u017enosti. P\u00f4jde so mnou za predpokladu, \u017ee sa vyd\u00e1m po jeho cest\u00e1ch a \u017ee vo svojich pl\u00e1noch ponech\u00e1m miesto na jeho dobr\u00e9 z\u00e1mery.<\/span><\/p>\n<p><span style=\"font-family: Arial, sans-serif;\"><span lang=\"sk-SK\"><b>Dnes budem re\u0161pektova\u0165 okolnosti, nebudem ich prisp\u00f4sobova\u0165 svojim prianiam <\/b><\/span><\/span><br \/>\n<span style=\"font-family: Arial, sans-serif;\"><span lang=\"sk-SK\">Ak si mysl\u00edm, \u017ee \u013eudia sa mi musia v\u017edy prisp\u00f4sobi\u0165, preme\u0161k\u00e1m mnoh\u00e9 cenn\u00e9 veci svojho \u017eivota. Lebo ve\u013ea d\u00f4le\u017eit\u00e9ho m\u00f4\u017eem dosta\u0165 pr\u00e1ve prostredn\u00edctvom t\u00fdch \u013eud\u00ed, ktor\u00ed s\u00fa mi najmenej sympatick\u00ed. <\/span><\/span><\/p>\n<p><span style=\"font-family: Arial, sans-serif;\"><b>Dnes chcem sl\u00fa\u017ei\u0165 Bohu<\/b><\/span><br \/>\n<span style=\"font-family: Arial, sans-serif;\">Konanie dobra vyviera z Bo\u017eej dobroty. Nemus\u00edm kona\u0165 nemo\u017en\u00e9, m\u00f4\u017eem robi\u0165 len to, \u010do je v mojich \u013eudsk\u00fdch sil\u00e1ch. Jeho dobrota toti\u017e chce p\u00f4sobi\u0165 aj cezo m\u0148a. Vykon\u00e1m len to, \u010do vl\u00e1dzem, v\u0161etko ostatn\u00e9 prenech\u00e1m Bohu. Ve\u010f je to Boh, kto dobro d\u00e1va a p\u00f4sob\u00ed.<\/span><\/p>\n<p><span style=\"font-family: Arial, sans-serif;\"><span lang=\"sk-SK\"><b>Dnes chcem kona\u0165 dobr\u00e9 skutky<\/b><\/span><\/span><br \/>\n<span style=\"font-family: Arial, sans-serif;\"><span lang=\"sk-SK\">\u010co m\u00e1m robi\u0165, aby v mojom okol\u00ed prib\u00fadalo porozumenia a s\u00facitu? V Bo\u017eom Slove \u2013 v Biblii je dokonal\u00fd n\u00e1vod, ako \u0161\u00edri\u0165 okolo seba l\u00e1sku, pokoj a dobro.<\/span><\/span><\/p>\n<p><span style=\"font-family: Arial, sans-serif;\"><span lang=\"sk-SK\"><b>Dnes sa budem viac spolieha\u0165 na Boha<\/b><\/span><\/span><br \/>\n<span style=\"font-family: Arial, sans-serif;\">V \u017eivote sa v\u017edy n\u00e1jde nie\u010do, \u010do mi sp\u00f4sobuje starosti, narast\u00e1 to a tr\u00e1pi ma. Preto si ur\u010d\u00edm poradie vec\u00ed, ktor\u00e9 je nevyhnutn\u00e9 vybavi\u0165 a najprv urob\u00edm to, do \u010doho sa mi v\u00f4bec nechce, \u010do u\u017e dlho odklad\u00e1m. Ke\u010f sa na to odhodl\u00e1m, ur\u010dite mi ostatne viac \u010dasu na v\u0161etko ostatn\u00e9. V\u017edy smiem d\u00f4verova\u0165 Bo\u017eej pomoci, On stoj\u00ed pri mne a ukazuje mi cestu z ka\u017edej \u017eivotnej situ\u00e1cie.<\/span><\/p>\n<p><span style=\"font-family: Arial, sans-serif;\"><span lang=\"sk-SK\"><b>Dnes budem d\u00f4verova\u0165 Bohu<\/b><\/span><\/span><br \/>\n<span style=\"font-family: Arial, sans-serif;\">Boh o mne vie a star\u00e1 sa o m\u0148a tak, ako by som bol jedin\u00fd na svete. Boh si ma v\u00e1\u017ei, cen\u00ed ako drahocenn\u00fd \u0161perk a miluje ma ako svoje najmil\u0161ie die\u0165a.<\/span><\/p>\n<p><span style=\"font-family: Arial, sans-serif;\"><b>Dnes sa nebudem b\u00e1\u0165<\/b><\/span><br \/>\n<span style=\"font-family: Arial, sans-serif;\"><span lang=\"sk-SK\">Nebudem sa b\u00e1\u0165 radova\u0165 sa zo v\u0161etk\u00e9ho, \u010do je kr\u00e1sne. Budem veri\u0165 v dobro. Nebudem ma\u0165 strach z toho, \u010do je predo mnou a \u010do ma m\u00f4\u017ee stretn\u00fa\u0165. Ve\u010f m\u00e1m to\u013ek\u00e9 zas\u013e\u00fabenia: \u201eNeboj sa, som s tebou, dr\u017e\u00edm \u0165a za ruku&#8230;\u201c Na\u0161a \u010dasto \u201ejesenn\u00e1 pochm\u00farna n\u00e1lada\u201c by sa mala zmeni\u0165 na n\u00e1ladu \u201eadventn\u00fa\u201c \u2013 strach a obavy by sa mali zmeni\u0165 na o\u010dak\u00e1vanie toho kr\u00e1sneho, \u010do n\u00e1m P\u00e1 Boh pris\u013e\u00fabil.<\/span><\/span><\/p>\n<p><span style=\"font-family: Arial, sans-serif;\"><span lang=\"sk-SK\">(J. Haase a W. Stinissen)<\/span><\/span><\/p>\n<p><span style=\"font-family: Arial, sans-serif;\"><i>Tvoje slovo je sviecou mojej nohe a svetlom m\u00f4jmu chodn\u00edku. (\u017dalm 119,105)<\/i><\/span><\/p>\n<p><span style=\"font-family: Arial, sans-serif;\"><b>Sl\u00e1va na v\u00fdsostiach Bohu!<\/b><\/span><\/p>\n<p class=\"western\"><span style=\"font-family: Arial, sans-serif;\">Rok \u010do rok svietia vo v\u00fdkladoch<\/span><br \/>\n<span style=\"font-family: Arial, sans-serif;\">trblietav\u00e9 hviezdy <\/span><br \/>\n<span style=\"font-family: Arial, sans-serif;\">a na zemi iskriaci sa sneh,<\/span><br \/>\n<span style=\"font-family: Arial, sans-serif;\">dedovia s bielymi f\u00fazmi, dlhou bradou<\/span><br \/>\n<span style=\"font-family: Arial, sans-serif;\">a s \u010dervenou \u010diapkou zvestuj\u00fa evanjelium&#8230;<\/span><br \/>\n<span style=\"font-family: Arial, sans-serif;\">Ak\u00fd si v t\u00fdchto d\u0148och popul\u00e1rny!<\/span><\/p>\n<p class=\"western\"><span style=\"font-family: Arial, sans-serif;\">Obchodn\u00e9 domy s\u00fa otvoren\u00e9 cel\u00fd de\u0148,<\/span><br \/>\n<span style=\"font-family: Arial, sans-serif;\">takmer bez prest\u00e1vky.<\/span><br \/>\n<span style=\"font-family: Arial, sans-serif;\">Aj na po\u0161t\u00e1ch pracuj\u00fa cez \u010das.<\/span><br \/>\n<span style=\"font-family: Arial, sans-serif;\">Sme k sebe tak\u00ed l\u00e1skav\u00ed \u2013<\/span><br \/>\n<span style=\"font-family: Arial, sans-serif;\">a\u017e do r\u00e1na 27. decembra\u2026<\/span><\/p>\n<p class=\"western\"><span style=\"font-family: Arial, sans-serif;\">Ochr\u00e1\u0148 ma, Pane,<\/span><br \/>\n<span style=\"font-family: Arial, sans-serif;\">aby som \u0165a neh\u013eadal inde, <\/span><br \/>\n<span style=\"font-family: Arial, sans-serif;\"><span lang=\"sk-SK\">ako kde skuto\u010dne si!<\/span><\/span><br \/>\n<span style=\"font-family: Arial, sans-serif;\">Chcem \u0165a h\u013eada\u0165<\/span><br \/>\n<span style=\"font-family: Arial, sans-serif;\">v \u013eu\u010foch okolo seba,<\/span><br \/>\n<span style=\"font-family: Arial, sans-serif;\">v biednych a mali\u010dk\u00fdch,<\/span><br \/>\n<span style=\"font-family: Arial, sans-serif;\">v \u010dloveku poh\u0155danom a osamelom. <\/span><\/p>\n<p class=\"western\"><span style=\"font-family: Arial, sans-serif;\">Daj, <\/span><br \/>\n<span style=\"font-family: Arial, sans-serif;\">nech sa dokazujem <\/span><br \/>\n<span style=\"font-family: Arial, sans-serif;\">v oh\u013eaduplnosti, l\u00e1ske, <\/span><br \/>\n<span style=\"font-family: Arial, sans-serif;\">dobrotivosti <\/span><br \/>\n<span style=\"font-family: Arial, sans-serif;\">a spravodlivosti ku v\u0161etk\u00fdm.<\/span><\/p>\n<p class=\"western\"><span style=\"font-family: Arial, sans-serif;\">Daj mi odvahu <\/span><br \/>\n<span style=\"font-family: Arial, sans-serif;\">a rozmno\u017e moju vieru. <\/span><br \/>\n<span style=\"font-family: Arial, sans-serif;\">Ty si sa stal \u010dlovekom, <\/span><br \/>\n<span style=\"font-family: Arial, sans-serif;\">teraz chcem by\u0165 \u010dlovekom aj ja. <\/span><br \/>\n<span style=\"font-family: Arial, sans-serif;\">Pros\u00edm, <\/span><br \/>\n<span style=\"font-family: Arial, sans-serif;\">pom\u00f4\u017e mi v tom.<\/span><\/p>\n<p class=\"western\"><span style=\"font-family: Arial, sans-serif;\">(Alfonzo Pereira)<\/span><\/p>\n","protected":false},"excerpt":{"rendered":"<p>Ak n\u00e1m nie\u010do kr\u00e1sne a cenn\u00e9 spadne len tak do lona, m\u00e1me, pochopite\u013ene rados\u0165. \u010casto nie sme ani schopn\u00ed tak\u00fd ne\u010dakan\u00fd dar doceni\u0165 a prija\u0165. Narodenie n\u00e1\u0161ho Spasite\u013ea \u2013 P\u00e1na Je\u017ei\u0161a Krista je ur\u010dite najcennej\u0161\u00ed dar, ktor\u00fd m\u00f4\u017ee \u010dlovek dosta\u0165. A aby sme tak\u00fd dar vedeli naozaj prija\u0165, mus\u00edme by\u0165 pripraven\u00ed.<\/p>\n","protected":false},"author":2,"featured_media":0,"comment_status":"closed","ping_status":"open","sticky":false,"template":"","format":"standard","meta":[],"categories":[11],"tags":[],"_links":{"self":[{"href":"https:\/\/btm.sk\/WP\/wp-json\/wp\/v2\/posts\/3096"}],"collection":[{"href":"https:\/\/btm.sk\/WP\/wp-json\/wp\/v2\/posts"}],"about":[{"href":"https:\/\/btm.sk\/WP\/wp-json\/wp\/v2\/types\/post"}],"author":[{"embeddable":true,"href":"https:\/\/btm.sk\/WP\/wp-json\/wp\/v2\/users\/2"}],"replies":[{"embeddable":true,"href":"https:\/\/btm.sk\/WP\/wp-json\/wp\/v2\/comments?post=3096"}],"version-history":[{"count":1,"href":"https:\/\/btm.sk\/WP\/wp-json\/wp\/v2\/posts\/3096\/revisions"}],"predecessor-version":[{"id":3097,"href":"https:\/\/btm.sk\/WP\/wp-json\/wp\/v2\/posts\/3096\/revisions\/3097"}],"wp:attachment":[{"href":"https:\/\/btm.sk\/WP\/wp-json\/wp\/v2\/media?parent=3096"}],"wp:term":[{"taxonomy":"category","embeddable":true,"href":"https:\/\/btm.sk\/WP\/wp-json\/wp\/v2\/categories?post=3096"},{"taxonomy":"post_tag","embeddable":true,"href":"https:\/\/btm.sk\/WP\/wp-json\/wp\/v2\/tags?post=3096"}],"curies":[{"name":"wp","href":"https:\/\/api.w.org\/{rel}","templated":true}]}}