{"id":3094,"date":"2018-12-03T10:00:51","date_gmt":"2018-12-03T09:00:51","guid":{"rendered":"https:\/\/btm.sk\/WP\/?p=3094"},"modified":"2018-12-03T10:08:06","modified_gmt":"2018-12-03T09:08:06","slug":"preco-prave-pastieri","status":"publish","type":"post","link":"https:\/\/btm.sk\/WP\/2018\/12\/03\/preco-prave-pastieri\/","title":{"rendered":"PRE\u010cO PR\u00c1VE PASTIERI?"},"content":{"rendered":"<p class=\"western\" lang=\"en-US\"><span style=\"font-family: Arial, sans-serif;\"><span style=\"font-size: medium;\"><span lang=\"sk-SK\">Na historickej udalosti narodenia Je\u017ei\u0161a Krista, ktor\u00fa si pripom\u00edname pr\u00e1ve na Vianoce, je azda najpozoruhodnej\u0161\u00ed fakt, \u017ee si Boh k tomu povolal pr\u00e1ve tie opovrhovan\u00e9, prehliadan\u00e9 a nedocenen\u00e9 bytosti z \u013eudskej spolo\u010dnosti. Anjelsk\u00fa zves\u0165 o prevratnej udalosti dej\u00edn po\u010duli ako prv\u00ed jednoduch\u00ed pastieri na betlehemsk\u00fdch pastvin\u00e1ch. Pre\u010do pr\u00e1ve oni?<\/span><\/span><\/span><\/p>\n<p class=\"western\" lang=\"en-US\"><!--more--><\/p>\n<p class=\"western\" lang=\"en-US\"><span style=\"font-family: Arial, sans-serif;\"><span style=\"font-size: medium;\"><span lang=\"sk-SK\">Mo\u017eno n\u00e1m t\u00fa spr\u00e1vnu odpove\u010f pom\u00f4\u017ee n\u00e1js\u0165 rozpr\u00e1vanie jednej mladej mami\u010dky. <\/span><\/span><\/span><\/p>\n<p class=\"western\" lang=\"en-US\"><span style=\"font-family: Arial, sans-serif;\"><span style=\"font-size: medium;\"><span lang=\"sk-SK\"><i>Raz, po\u010das adventu, sme za\u0161li do re\u0161taur\u00e1cie. Boli sme tam jedinou rodinou s mal\u00fdm die\u0165a\u0165om. Usadili sme mal\u00e9ho Petr\u00edka do vysokej detskej stoli\u010dky a objednali sme si sviato\u010dn\u00e9 jedlo. Okolo n\u00e1s stolovalo plno \u013eud\u00ed, potichu sa bavili a u\u017e\u00edvali si sviato\u010dn\u00fa pohodu. <\/i><\/span><\/span><\/span><\/p>\n<p class=\"western\" lang=\"en-US\"><span style=\"font-family: Arial, sans-serif;\"><span style=\"font-size: medium;\"><span lang=\"sk-SK\"><i>Odrazu n\u00e1\u0161 chlap\u010dek radostne vykr\u00edkol: \u201eAhoj, ty tam!\u201c Zavrtel sa a za\u010dal sa radostne chichota\u0165 a ukazova\u0165 na mu\u017ea, ktor\u00fd pr\u00e1ve vst\u00fapil do dver\u00ed<\/i><\/span><\/span><\/span><span style=\"font-family: Arial, sans-serif;\"><span style=\"font-size: medium;\"><span lang=\"sk-SK\"><i> \u2013 <\/i><\/span><\/span><\/span><span style=\"font-family: Arial, sans-serif;\"><span style=\"font-size: medium;\"><span lang=\"sk-SK\"><i>a mu\u017ea v roztrhanom a \u0161pinavom kab\u00e1te! Nohavice na \u0148om sotva dr\u017eali, farba top\u00e1nok sa ani nedala ur\u010di\u0165, ko\u0161e\u013ea, ktor\u00e1 mu tr\u010dala z kab\u00e1ta, bola taktie\u017e poriadne \u0161pinav\u00e1, vlasy mal strapat\u00e9 a neumyt\u00e9 a spolu so strniskom na brade boli ponechan\u00e9 svojmu osudu&#8230;<\/i><\/span><\/span><\/span><\/p>\n<p class=\"western\" lang=\"en-US\"><span style=\"font-family: Arial, sans-serif;\"><span style=\"font-size: medium;\"><span lang=\"sk-SK\"><i>A hoci bol od n\u00e1s dos\u0165 \u010faleko, bola som si naprosto ist\u00e1 t\u00fdm, \u017ee aj poriadne zap\u00e1chal. V\u00f4bec som nech\u00e1pala, ako je to mo\u017en\u00e9. \u017ee ho nikto nevyviedol von&#8230;<\/i><\/span><\/span><\/span><\/p>\n<p class=\"western\" lang=\"en-US\"><span style=\"font-family: Arial, sans-serif;\"><span style=\"font-size: medium;\"><span lang=\"sk-SK\"><i>Mu\u017e sa usmial a zam\u00e1val n\u00e1\u0161mu \u010distu\u010dk\u00e9mu a vyobliekan\u00e9mu syn\u010dekovi. \u201eAhoj, chlap\u010de! Vid\u00edm \u0165a!\u201c volal smerom k nemu. M\u00f4j man\u017eel sa zdesil, ja tie\u017e, nevedeli sme, \u010do robi\u0165, a tak sme sa len opatrne obzerali, co na to ostatn\u00ed n\u00e1v\u0161tevn\u00edci re\u0161taur\u00e1cie. Neunikli n\u00e1m zvedav\u00e9 poh\u013eady \u013eud\u00ed sediacich pri najbli\u017e\u0161\u00edch stoloch. Jedin\u00fd, kto si z toho nerobil \u0165a\u017ek\u00fa hlavu, bol n\u00e1\u0161 Petr\u00edk. Smial sa a op\u00e4toval pozdravy otrhan\u00e9ho mu\u017ea: \u201eAhoj, pane!\u201c<\/i><\/span><\/span><\/span><\/p>\n<p class=\"western\" lang=\"en-US\"><span style=\"font-family: Arial, sans-serif;\"><span style=\"font-size: medium;\"><span lang=\"sk-SK\"><i>Kone\u010dne n\u00e1m priniesli na\u0161e ob\u013e\u00faben\u00e9 adventn\u00e9 jedlo. Star\u00fd zarasten\u00fd mu\u017e si medzit\u00fdm objednal hrianku s pivom a pritom sa p\u00fdtal n\u00e1\u0161ho Petr\u00edka: \u201ePozn\u00e1\u0161 nejak\u00e9 lep\u0161ie jedlo?\u201c \u013dudia okolo n\u00e1s sa k tomu postavili r\u00f4zne<\/i><\/span><\/span><\/span><span style=\"font-family: Arial, sans-serif;\"><span style=\"font-size: medium;\"><span lang=\"sk-SK\"><i> \u2013 bu\u010f si ich prestali v\u0161\u00edma\u0165, <\/i><\/span><\/span><\/span><span style=\"font-family: Arial, sans-serif;\"><span style=\"font-size: medium;\"><span lang=\"sk-SK\"><i>alebo d\u00e1vali r\u00f4znym sp\u00f4sobom najavo, \u017ee t\u00e1to komunik\u00e1cia medzi na\u0161\u00edm synom a otrhan\u00fdm mu\u017eom je im nepr\u00edjemn\u00e1. Aj my sme sa c\u00edtili tr\u00e1pne a rozpa\u010dito. Petr\u00edk, n\u00e1\u0161 mil\u00fd syn\u010dek, naopak predv\u00e1dzal v\u0161etky svoje detsk\u00e9 blbinky, ktor\u00fdmi chcel up\u00fata\u0165 pozornos\u0165 toho mu\u017ea.<\/i><\/span><\/span><\/span><\/p>\n<p class=\"western\" lang=\"en-US\"><span style=\"font-family: Arial, sans-serif;\"><span style=\"font-size: medium;\"><span lang=\"sk-SK\"><i>Kone\u010dne sme dojedli na\u0161e sl\u00e1vnostn\u00e9 jedlo. Man\u017eel odi\u0161iel zaplati\u0165, ja som vzala Petr\u00edka na ruky a i\u0161la s n\u00edm pomaly ku dver\u00e1m. Star\u00fd mu\u017e sa postavil pred dvere a br\u00e1nil mi tak v odchode. Vtedy som vyslala smerom k Bohu hlbok\u00fa a ve\u013emi \u00faprimn\u00fa, aj ke\u010f len letm\u00fa modlitbu: \u201ePane Bo\u017ee, dovo\u013e mi r\u00fdchlo od\u00eds\u0165, nechcem sa s t\u00fdm otrhan\u00fdm \u010dlovekom rozpr\u00e1va\u0165, pros\u00edm, nech sa Petr\u00edk u\u017e na\u0148ho ani len nepozrie!\u201c <\/i><\/span><\/span><\/span><\/p>\n<p class=\"western\" lang=\"en-US\"><span style=\"font-family: Arial, sans-serif;\"><span style=\"font-size: medium;\"><span lang=\"sk-SK\"><i>Ke\u010f som sa k nemu bl\u00ed\u017eila, sna\u017eila som sa oto\u010di\u0165 k nemu chrbtom, aby som nezachytila ani z\u00e1van jeho dychu. Ke\u010f som to urobila, Petr\u00edk ma silno objal r\u00fa\u010dkami okolo krku a pritisol sa ku mne. Bola som spokojn\u00e1, no vo chv\u00edli, ke\u010f sme toho mu\u017ea m\u00ed\u0148ali, sk\u00f4r, ako som stihla akoko\u013evek zareagova\u0165, Petr\u00edk sa vy\u0161mykol z m\u00f4jho objatia a sko\u010dil do jeho n\u00e1ru\u010de. Urobil to s naprostou d\u00f4verou, l\u00e1skou a oddanos\u0165ou. Svoju mal\u00fa hl\u00e1vku polo\u017eil mu\u017eovi na plece a usmieval sa. Mu\u017e zavrel o\u010di a ja som videla len pr\u00fad s\u013az stekaj\u00facich po jeho l\u00edcach. Jeho star\u00e9 vr\u00e1skav\u00e9 ruky, pln\u00e9 bolesti a \u0165a\u017ekej celo\u017eivotnej driny, jemne, ve\u013emi jemne hladkali detsk\u00fd chrb\u00e1tik. Kol\u00edsal ho v n\u00e1ru\u010di. Potom otvoril o\u010di, uprene sa na m\u0148a pozrel a celkom jasn\u00fdm hlasom mi povedal: \u201eStarajte sa s l\u00e1skou o toto die\u0165a!\u201c Ani neviem, ako som mu s \u00faplne stiahnut\u00fdm hrdlom dok\u00e1zala odpoveda\u0165: \u201e\u00c1no, s\u013eubujem, budem sa stara\u0165\u2026\u201c Potom mi Petr\u00edka podal a s hlbok\u00fdm dojat\u00edm dodal: \u201eBoh nech V\u00e1m \u017eehn\u00e1, mami\u010dka, dali ste mi ten najkraj\u0161\u00ed viano\u010dn\u00fd dar\u010dek.\u201c <\/i><\/span><\/span><\/span><\/p>\n<p class=\"western\" lang=\"en-US\"><span style=\"font-family: Arial, sans-serif;\"><span style=\"font-size: medium;\"><span lang=\"sk-SK\"><i>Objala som syn\u010deka a utekala von. V aute na n\u00e1s \u010dakal man\u017eel. Nevidel to a nevedel, \u010do se stalo, nevedel, pre\u010do nastupujem do auta pla\u010d\u00fac a volaj\u00fac: \u201eBo\u017ee m\u00f4j, Bo\u017ee m\u00f4j, odpus\u0165 mi to, odpus\u0165 mi to\u2026\u201c <\/i><\/span><\/span><\/span><\/p>\n<p class=\"western\" lang=\"en-US\"><span style=\"font-family: Arial, sans-serif;\"><span style=\"font-size: medium;\"><span lang=\"sk-SK\"><i>Ten otrhan\u00fd star\u00fd mu\u017e mi mimovo\u013ene, a predsa tak v\u00fdsti\u017ene, pripomenul slovo: \u201eAk nebudete ako deti, nevojdete do kr\u00e1\u013eovstva nebesk\u00e9ho&#8230;\u201c <\/i><\/span><\/span><\/span><\/p>\n<p class=\"western\" lang=\"en-US\"><span style=\"font-family: Arial, sans-serif;\"><span style=\"font-size: medium;\"><span lang=\"sk-SK\">Poh\u0155dan\u00ed, opovrhovan\u00ed pastieri na pastvin\u00e1ch okolo Betlehema n\u00e1m teraz na Vianoce pripom\u00ednaj\u00fa, \u017ee nikto z n\u00e1s \u013eud\u00ed nebol &#8222;pre svoje kvality&#8220; hodn\u00fd Bo\u017eej l\u00e1sky. Viano\u010dn\u00e1 udalos\u0165 je tu pre v\u0161etk\u00fdch bez rozdielu. V Bo\u017e\u00edch o\u010diach sme v\u0161etci rovnak\u00ed, bez oh\u013eadu na soci\u00e1lnu vrstvu, ku ktorej pod\u013ea spolo\u010densk\u00fdch meradiel patr\u00edme. V\u0161etci potrebujeme Spasite\u013ea. A Boh n\u00e1s ka\u017ed\u00e9 Vianoce vol\u00e1 k tomu, aby sme sa s l\u00e1skou sklonili pr\u00e1ve k t\u00fdm prehliadan\u00fdm okolo n\u00e1s. Aby sme sa k nim nau\u010dili nach\u00e1dza\u0165 cestu, cestu k ich srdciam. <\/span><\/span><\/span><\/p>\n<p class=\"western\" lang=\"en-US\"><span style=\"font-family: Arial, sans-serif;\"><span style=\"font-size: medium;\"><span lang=\"sk-SK\">Pok\u00fasme sa o to cez tieto Vianoce. Ke\u010f im d\u00e1me tak\u00fdto dar, bude to neklamn\u00fdm znamen\u00edm, \u017ee sme sami prijali ten najvz\u00e1cnej\u0161\u00ed viano\u010dn\u00fd dar do svojho srdca \u2013 \u017ee sme prijali Je\u017ei\u0161a Krista. <\/span><\/span><\/span><\/p>\n<p class=\"western\" lang=\"en-US\"><span style=\"font-family: Arial, sans-serif;\"><span style=\"font-size: medium;\"><span lang=\"sk-SK\">(upr. pod\u013ea skuto\u010dnej udalosti)<\/span><\/span><\/span><\/p>\n","protected":false},"excerpt":{"rendered":"<p>Na historickej udalosti narodenia Je\u017ei\u0161a Krista, ktor\u00fa si pripom\u00edname pr\u00e1ve na Vianoce, je azda najpozoruhodnej\u0161\u00ed fakt, \u017ee si Boh k tomu povolal pr\u00e1ve tie opovrhovan\u00e9, prehliadan\u00e9 a nedocenen\u00e9 bytosti z \u013eudskej spolo\u010dnosti. Anjelsk\u00fa zves\u0165 o prevratnej udalosti dej\u00edn po\u010duli ako prv\u00ed jednoduch\u00ed pastieri na betlehemsk\u00fdch pastvin\u00e1ch. Pre\u010do pr\u00e1ve oni?<\/p>\n","protected":false},"author":2,"featured_media":0,"comment_status":"closed","ping_status":"open","sticky":false,"template":"","format":"standard","meta":[],"categories":[146],"tags":[],"_links":{"self":[{"href":"https:\/\/btm.sk\/WP\/wp-json\/wp\/v2\/posts\/3094"}],"collection":[{"href":"https:\/\/btm.sk\/WP\/wp-json\/wp\/v2\/posts"}],"about":[{"href":"https:\/\/btm.sk\/WP\/wp-json\/wp\/v2\/types\/post"}],"author":[{"embeddable":true,"href":"https:\/\/btm.sk\/WP\/wp-json\/wp\/v2\/users\/2"}],"replies":[{"embeddable":true,"href":"https:\/\/btm.sk\/WP\/wp-json\/wp\/v2\/comments?post=3094"}],"version-history":[{"count":1,"href":"https:\/\/btm.sk\/WP\/wp-json\/wp\/v2\/posts\/3094\/revisions"}],"predecessor-version":[{"id":3095,"href":"https:\/\/btm.sk\/WP\/wp-json\/wp\/v2\/posts\/3094\/revisions\/3095"}],"wp:attachment":[{"href":"https:\/\/btm.sk\/WP\/wp-json\/wp\/v2\/media?parent=3094"}],"wp:term":[{"taxonomy":"category","embeddable":true,"href":"https:\/\/btm.sk\/WP\/wp-json\/wp\/v2\/categories?post=3094"},{"taxonomy":"post_tag","embeddable":true,"href":"https:\/\/btm.sk\/WP\/wp-json\/wp\/v2\/tags?post=3094"}],"curies":[{"name":"wp","href":"https:\/\/api.w.org\/{rel}","templated":true}]}}