{"id":3016,"date":"2018-10-28T22:39:03","date_gmt":"2018-10-28T21:39:03","guid":{"rendered":"https:\/\/btm.sk\/WP\/?p=3016"},"modified":"2018-10-28T22:42:03","modified_gmt":"2018-10-28T21:42:03","slug":"vianoce-sa-blizia-zhanate-uz-darceky","status":"publish","type":"post","link":"https:\/\/btm.sk\/WP\/2018\/10\/28\/vianoce-sa-blizia-zhanate-uz-darceky\/","title":{"rendered":"VIANOCE SA BL\u00cd\u017dIA &#8211; ZH\u00c1\u0147ATE U\u017d DAR\u010cEKY?"},"content":{"rendered":"<p class=\"western\" lang=\"en-US\"><span style=\"font-family: Arial, sans-serif;\"><span style=\"font-size: medium;\"><span lang=\"sk-SK\">Mo\u017eno tento mal\u00fd pr\u00edbeh vyvol\u00e1 na va\u0161ich tv\u00e1rach \u013eahk\u00fd \u00fasmev. Len\u017ee na de\u0165och naozaj vidno, po \u010dom t\u00fa\u017eia. A daj\u00fa to aj \u00faprimne najavo. To len my dospel\u00ed hovorievame: \u201eAle to nemuselo by\u0165. Na\u010do ste si robili starosti. Ve\u010f si to ani nezasl\u00fa\u017eim&#8230;\u201c<\/span><\/span><\/span><\/p>\n<p class=\"western\" lang=\"en-US\"><!--more--><\/p>\n<p class=\"western\" lang=\"en-US\"><i style=\"font-family: Arial, sans-serif;\">Mal\u00fd chlapec Branko pred\u00a0<\/i><span style=\"font-family: Arial, sans-serif;\"><span lang=\"sk-SK\"><i>oslavou svojich naroden\u00edn povedal mami\u010dke: \u201eChcel by som si pozva\u0165 tis\u00edc host\u00ed!\u201c Mami\u010dka sa usmiala: \u201eKoho v\u0161etk\u00e9ho m\u00e1\u0161 na mysli?\u201c Chlapec vyrat\u00fava: &#8222;Moji priatelia Luk\u00e1\u0161, Tom\u00e1\u0161 a Evi\u010dka&#8230; a, samozrejme, teta Hanka a str\u00fdko Jakub.\u201c \u201eAha, tak to u\u017e je prv\u00fdch p\u00e4\u0165 z tej tis\u00edcky! Kde v\u0161ak zo\u017eenieme to\u013eko kol\u00e1\u010dov, tanierov a hrn\u010dekov?\u201c p\u00fdta se mami\u010dka. \u201eNo&#8230; \u2013 to by si mohol ka\u017ed\u00fd z nich prinies\u0165 so sebou,\u201c vyrie\u0161il hne\u010f probl\u00e9m Branko. \u201eA kde si v\u0161etci posadaj\u00fa?\u201c \u201eTak si ka\u017ed\u00fd e\u0161te prinesie aj stoli\u010dku\u2026\u201c prem\u00fd\u0161\u013ea chlap\u010dek, no po chv\u00edli dod\u00e1: \u201eLen\u017ee to by u\u017e nemali vo\u013en\u00e9 ruky na dar\u010dek pre m\u0148a! A dar\u010dek je predsa to najd\u00f4le\u017eitej\u0161ie!\u201c<\/i><\/span><\/span><span style=\"font-family: Arial, sans-serif;\"><span lang=\"sk-SK\">\u00a0<\/span><\/span><\/p>\n<p class=\"western\" lang=\"en-US\"><span style=\"font-family: Arial, sans-serif;\"><span lang=\"sk-SK\">Na dary a dar\u010deky mysl\u00edme intenz\u00edvne aj dnes, ke\u010f sa bl\u00ed\u017eia viano\u010dn\u00e9 sviatky, ktor\u00e9 s\u00fa zvl\u00e1\u0161tne t\u00fdm, \u017ee vtedy viac mysl\u00edme na svojich najbli\u017e\u0161\u00edch a sna\u017e\u00edme sa im urobi\u0165 rados\u0165 pr\u00e1ve nejak\u00fdm mil\u00fdm dar\u010dekom. Sk\u00fasme v\u0161ak tento rok vyu\u017ei\u0165 viano\u010dn\u00fa pr\u00edle\u017eitos\u0165 trochu inak. Povedzme \u013eu\u010fom vo svojom okol\u00ed o pravom zmysle Vianoc \u2013 povedzme im o tom na\u00fa\u017easnej\u0161om dare, ak\u00fd kedy \u013eudstvo dostalo! Porozpr\u00e1vajme im o Bo\u017eom dare \u010dloveku \u2013 o mo\u017enosti jeho z\u00e1chrany prostredn\u00edctvom Je\u017ei\u0161a Krista \u2013 a pon\u00faknime im ho tak, aby ho t\u00fa\u017eili a aj dok\u00e1zali prija\u0165. <\/span><\/span><\/p>\n<p class=\"western\" lang=\"en-US\"><span style=\"font-family: Arial, sans-serif;\"><span lang=\"sk-SK\">A pouk\u00e1\u017eme e\u0161te na jednu vec \u2013 na to, ako n\u00e1s P\u00e1n Boh obdar\u00fava ka\u017ed\u00fd de\u0148. Zasl\u00fa\u017eime si jeho pozornos\u0165 a jeho dary? A predsa n\u00e1m ich d\u00e1va! A praje si, aby sme sa nechali obdarova\u0165, aby sme jeho dary prij\u00edmali z \u010dist\u00e9ho a \u00faprimn\u00e9ho srdca \u2013 ako deti! <\/span><\/span><\/p>\n<p class=\"western\" lang=\"en-US\"><span style=\"font-family: Arial, sans-serif;\"><span lang=\"sk-SK\">Pripome\u0148me t\u00fato Bo\u017eiu \u0161tedros\u0165 \u013eu\u010fom naokolo. Uk\u00e1\u017eme im, ako ich Boh miluje a ako t\u00fa\u017ei, aby boli v \u0147om v\u0161etci bohat\u00ed!<\/span><\/span><\/p>\n<p lang=\"en-US\"><strong><em><span style=\"color: #000000;\"><span style=\"font-family: Noto Sans, sans-serif;\"><span style=\"font-size: medium;\"><span lang=\"sk-SK\">My sme v\u0161ak neprijali ducha sveta, ale Ducha, ktor\u00fd je z Boha, aby sme poznali, \u010do n\u00e1m Boh daroval.<\/span><\/span><\/span><\/span><span style=\"font-family: Arial, sans-serif;\"><span lang=\"sk-SK\"> (1. Korintsk\u00fdm 2,12)<\/span><\/span><\/em><\/strong><\/p>\n","protected":false},"excerpt":{"rendered":"<p>Mo\u017eno tento mal\u00fd pr\u00edbeh vyvol\u00e1 na va\u0161ich tv\u00e1rach \u013eahk\u00fd \u00fasmev. Len\u017ee na de\u0165och naozaj vidno, po \u010dom t\u00fa\u017eia. A daj\u00fa to aj \u00faprimne najavo. To len my dospel\u00ed hovorievame: \u201eAle to nemuselo by\u0165. Na\u010do ste si robili starosti. Ve\u010f si to ani nezasl\u00fa\u017eim&#8230;\u201c<\/p>\n","protected":false},"author":2,"featured_media":0,"comment_status":"closed","ping_status":"open","sticky":false,"template":"","format":"standard","meta":[],"categories":[146],"tags":[],"_links":{"self":[{"href":"https:\/\/btm.sk\/WP\/wp-json\/wp\/v2\/posts\/3016"}],"collection":[{"href":"https:\/\/btm.sk\/WP\/wp-json\/wp\/v2\/posts"}],"about":[{"href":"https:\/\/btm.sk\/WP\/wp-json\/wp\/v2\/types\/post"}],"author":[{"embeddable":true,"href":"https:\/\/btm.sk\/WP\/wp-json\/wp\/v2\/users\/2"}],"replies":[{"embeddable":true,"href":"https:\/\/btm.sk\/WP\/wp-json\/wp\/v2\/comments?post=3016"}],"version-history":[{"count":3,"href":"https:\/\/btm.sk\/WP\/wp-json\/wp\/v2\/posts\/3016\/revisions"}],"predecessor-version":[{"id":3020,"href":"https:\/\/btm.sk\/WP\/wp-json\/wp\/v2\/posts\/3016\/revisions\/3020"}],"wp:attachment":[{"href":"https:\/\/btm.sk\/WP\/wp-json\/wp\/v2\/media?parent=3016"}],"wp:term":[{"taxonomy":"category","embeddable":true,"href":"https:\/\/btm.sk\/WP\/wp-json\/wp\/v2\/categories?post=3016"},{"taxonomy":"post_tag","embeddable":true,"href":"https:\/\/btm.sk\/WP\/wp-json\/wp\/v2\/tags?post=3016"}],"curies":[{"name":"wp","href":"https:\/\/api.w.org\/{rel}","templated":true}]}}