{"id":2947,"date":"2018-09-28T13:28:46","date_gmt":"2018-09-28T11:28:46","guid":{"rendered":"https:\/\/btm.sk\/WP\/?p=2947"},"modified":"2018-09-28T13:28:46","modified_gmt":"2018-09-28T11:28:46","slug":"dakovanie-nas-uzdravuje-a-naplna-radostou","status":"publish","type":"post","link":"https:\/\/btm.sk\/WP\/2018\/09\/28\/dakovanie-nas-uzdravuje-a-naplna-radostou\/","title":{"rendered":"\u010eAKOVANIE N\u00c1S UZDRAVUJE A NAP\u0139\u0147A RADOS\u0164OU"},"content":{"rendered":"<p class=\"western\" lang=\"en-US\"><span style=\"color: #000000;\"><span style=\"font-family: Arial, sans-serif;\"><span style=\"font-size: medium;\"><span lang=\"sk-SK\"><i>Tu jeden z nich, vidiac, \u017ee je uzdraven\u00fd, vr\u00e1til sa a siln\u00fdm hlasom oslavoval Boha; padol na tv\u00e1r Je\u017ei\u0161ovi k noh\u00e1m a \u010fakoval Mu; a bol to Samarit\u00e1n. Je\u017ei\u0161 odpovedal: \u010ci neboli o\u010disten\u00ed desiati? A kde s\u00fa deviati? Nevr\u00e1tili sa, aby vzdali Bohu chv\u00e1lu, iba tento cudzinec! I povedal mu: Vsta\u0148 a cho\u010f; tvoja viera \u0165a zachr\u00e1nila.<\/i><\/span><\/span><\/span><\/span><span style=\"font-family: Arial, sans-serif;\"><span style=\"font-size: medium;\"><span lang=\"sk-SK\">\u00a0<\/span><\/span><\/span><span style=\"font-family: Arial, sans-serif;\"><span style=\"font-size: medium;\"><span lang=\"sk-SK\"><i>(Luk\u00e1\u0161 17,15-19)<\/i><\/span><\/span><\/span><\/p>\n<p class=\"western\" lang=\"en-US\"><!--more--><\/p>\n<p class=\"western\" lang=\"en-US\"><span style=\"font-family: Arial, sans-serif;\"><span style=\"font-size: medium;\"><span lang=\"sk-SK\">Ve\u013ea<\/span><\/span><\/span><span style=\"font-family: Arial, sans-serif;\"><span style=\"font-size: medium;\">\u00a0<\/span><\/span><span style=\"font-family: Arial, sans-serif;\"><span style=\"font-size: medium;\"><span lang=\"sk-SK\">dobr\u00fdch vec\u00ed v \u017eivote pova\u017eujeme za samozrejmos\u0165. Ke\u010f sme zdrav\u00ed, je to \u201enorm\u00e1lne\u201c. Ke\u010f sa k n\u00e1m niekto spr\u00e1va pekne, pln\u00ed svoje \u00falohy, z ktor\u00fdch m\u00e1me prospech, nezi\u0161tne n\u00e1m pom\u00f4\u017ee\u2026 \u2013 \u010do je na tom zvl\u00e1\u0161tne? Tak to predsa m\u00e1 by\u0165! Pre\u010do by sme tomu mali venova\u0165 zvl\u00e1\u0161tnu pozornos\u0165? Ako by sme na to mali automaticky n\u00e1rok\u2026 <\/span><\/span><\/span><\/p>\n<p class=\"western\"><span style=\"font-family: Arial, sans-serif;\"><span style=\"font-size: medium;\">Probl\u00e9m je v tom, \u017ee s tak\u00fdmto pr\u00edstupom prestaneme dobr\u00e9 a funguj\u00face veci vo svojom \u017eivote vn\u00edma\u0165 a uvedom\u00edme si ich a\u017e vo chv\u00edli, ke\u010f o ne pr\u00eddeme. Potom sa za\u010dneme do\u017eadova\u0165 svojich pr\u00e1v, vynucova\u0165 si to, \u010doho sme si e\u0161te pred chv\u00ed\u013eou ani neboli vedom\u00ed. Zvl\u00e1\u0161tne je aj to, \u017ee ke\u010f niekto pova\u017euje na\u0161u pomoc, slu\u017ebu, \u010di prejav l\u00e1sky za samozrejm\u00fd a ani n\u00e1m za to nepo\u010fakuje, nep\u00e1\u010di sa n\u00e1m to. Ke\u010f nie je na\u0161a pr\u00e1ca pre druh\u00fdch ocenen\u00e1, frustruje n\u00e1s to a str\u00e1came chu\u0165 v nej pokra\u010dova\u0165. <\/span><\/span><\/p>\n<p class=\"western\"><span style=\"font-family: Arial, sans-serif;\"><span style=\"font-size: medium;\">Tento zvl\u00e1\u0161tny rozpor pramen\u00ed z toho, \u017ee v srdci c\u00edtime, \u010do je spr\u00e1vne, ak\u00e9 by veci mali by\u0165, vn\u00edmame, \u017ee sme stvoren\u00ed pre \u0161\u0165astie, no prehliadame to, \u017ee nielen svet, v ktorom \u017eijeme, ale aj my sami sme zasiahnut\u00ed n\u00e1sledkami hriechu. Sme pozna\u010den\u00ed nedostatkom l\u00e1sky a nakazen\u00ed sebectvom.<\/span><\/span><\/p>\n<p class=\"western\" lang=\"en-US\"><span style=\"font-family: Arial, sans-serif;\"><span style=\"font-size: medium;\">Po\u010fakova\u0165 sa a pochv\u00e1li\u0165 znamen\u00e1 uzna\u0165, \u017ee slu\u017ebu druh\u00e9ho nevn\u00edmame ako samozrejmos\u0165, ale \u017ee si v\u00e1\u017eime \u00fasilie, ktor\u00e9 musel vynalo\u017ei\u0165, aby prekonal sebectvo a pohodlnos\u0165. Ukazuje to, \u017ee sme si dobr\u00fdch vec\u00ed v\u0161imli a \u017ee si ich v\u00e1\u017eime. Pre druh\u00fdch je prejaven\u00e1 v\u010fa\u010dnos\u0165 obrovsk\u00fdm zdrojom motiv\u00e1cie pokra\u010dova\u0165 v l\u00e1skyplnej slu\u017ebe.<\/span><\/span><\/p>\n<p class=\"western\" lang=\"en-US\"><span style=\"font-family: Arial, sans-serif;\"><span style=\"font-size: medium;\">Boh od n\u00e1s motiv\u00e1ciu nepotrebuje, On sebectvo prekon\u00e1va\u0165 nemus\u00ed. Av\u0161ak v\u010fa\u010dnos\u0165 vo\u010di Bohu a modlitba chv\u00e1ly s\u00fa liekom na na\u0161u nev\u0161\u00edmavos\u0165 dobr\u00fdch darov \u017eivota a prehnan\u00fa citlivos\u0165 aj na ten najmen\u0161\u00ed nedostatok. A posil\u0148uj\u00fa na\u0161u d\u00f4veru v jeho dobrotu a nap\u013a\u0148aj\u00fa n\u00e1s rados\u0165ou.<\/span><\/span><\/p>\n<p class=\"western\"><span style=\"font-family: Arial, sans-serif;\"><span style=\"font-size: medium;\">V\u010fa\u010dnos\u0165 nie je len ot\u00e1zka slu\u0161nosti. Vyrast\u00e1 zo v\u0161\u00edmavosti k dobr\u00fdm veciam v mojom \u017eivote a z pochopenia, \u017ee mnoh\u00e9 z nich som nez\u00edskal vlastn\u00fdmi silami, \u017ee to je nezasl\u00fa\u017een\u00fd dar. Z uzdraven\u00fdch malomocn\u00fdch sa vr\u00e1til len jeden a po\u010fakoval. V\u010faka tomu pre\u017eil bli\u017e\u0161ie a z\u00e1sadnej\u0161ie stretnutie s Je\u017ei\u0161om a ove\u013ea hlb\u0161ie uzdravenie.<\/span><\/span><\/p>\n<p class=\"western\" lang=\"en-US\"><span style=\"font-family: Arial, sans-serif;\"><span style=\"font-size: medium;\">V\u010fa\u010dnos\u0165 premie\u0148a n\u00e1\u0161 poh\u013ead na \u017eivot a na okolit\u00fd svet, u\u010d\u00ed n\u00e1s vidie\u0165 a prij\u00edma\u0165 e\u0161te v\u00e4\u010d\u0161ie dobro. Tak sa vr\u00e1\u0165 a po\u010fakuj!<\/span><\/span><span id=\"R\u00e1mec1\" dir=\"LTR\"> <\/span><\/p>\n<p lang=\"en-US\">(P. Semela)<\/p>\n","protected":false},"excerpt":{"rendered":"<p>Tu jeden z nich, vidiac, \u017ee je uzdraven\u00fd, vr\u00e1til sa a siln\u00fdm hlasom oslavoval Boha; padol na tv\u00e1r Je\u017ei\u0161ovi k noh\u00e1m a \u010fakoval Mu; a bol to Samarit\u00e1n. Je\u017ei\u0161 odpovedal: \u010ci neboli o\u010disten\u00ed desiati? A kde s\u00fa deviati? Nevr\u00e1tili sa, aby vzdali Bohu chv\u00e1lu, iba tento cudzinec! I povedal mu: Vsta\u0148 a cho\u010f; tvoja viera [&hellip;]<\/p>\n","protected":false},"author":2,"featured_media":0,"comment_status":"closed","ping_status":"open","sticky":false,"template":"","format":"standard","meta":[],"categories":[146],"tags":[],"_links":{"self":[{"href":"https:\/\/btm.sk\/WP\/wp-json\/wp\/v2\/posts\/2947"}],"collection":[{"href":"https:\/\/btm.sk\/WP\/wp-json\/wp\/v2\/posts"}],"about":[{"href":"https:\/\/btm.sk\/WP\/wp-json\/wp\/v2\/types\/post"}],"author":[{"embeddable":true,"href":"https:\/\/btm.sk\/WP\/wp-json\/wp\/v2\/users\/2"}],"replies":[{"embeddable":true,"href":"https:\/\/btm.sk\/WP\/wp-json\/wp\/v2\/comments?post=2947"}],"version-history":[{"count":1,"href":"https:\/\/btm.sk\/WP\/wp-json\/wp\/v2\/posts\/2947\/revisions"}],"predecessor-version":[{"id":2948,"href":"https:\/\/btm.sk\/WP\/wp-json\/wp\/v2\/posts\/2947\/revisions\/2948"}],"wp:attachment":[{"href":"https:\/\/btm.sk\/WP\/wp-json\/wp\/v2\/media?parent=2947"}],"wp:term":[{"taxonomy":"category","embeddable":true,"href":"https:\/\/btm.sk\/WP\/wp-json\/wp\/v2\/categories?post=2947"},{"taxonomy":"post_tag","embeddable":true,"href":"https:\/\/btm.sk\/WP\/wp-json\/wp\/v2\/tags?post=2947"}],"curies":[{"name":"wp","href":"https:\/\/api.w.org\/{rel}","templated":true}]}}