{"id":1998,"date":"2018-04-11T21:28:04","date_gmt":"2018-04-11T19:28:04","guid":{"rendered":"https:\/\/btm.sk\/WP\/?p=1998"},"modified":"2018-05-17T21:36:44","modified_gmt":"2018-05-17T19:36:44","slug":"den-ked-dakujeme-mamickam","status":"publish","type":"post","link":"https:\/\/btm.sk\/WP\/2018\/04\/11\/den-ked-dakujeme-mamickam\/","title":{"rendered":"DE\u0147, KE\u010e \u010eAKUJEME MAMI\u010cK\u00c1M"},"content":{"rendered":"<p>Mama, najkraj\u0161ie a najdrah\u0161ie slovo, ktor\u00e9 m\u00f4\u017ee \u010dlovek vyslovi\u0165.<\/p>\n<p><!--more--><\/p>\n<p>Ka\u017ed\u00fd rok na za\u010diatku m\u00e1ja sl\u00e1vime De\u0148 matiek (je to v\u017edy 2. nede\u013ea v mesiaci). Je to de\u0148, ke\u010f m\u00e1me pr\u00edle\u017eitos\u0165 po\u010fakova\u0165 P\u00e1nu Bohu za t\u00fa svoju. Mami\u010dky toho pre n\u00e1s robia ve\u013emi ve\u013ea &#8211; modlia sa za n\u00e1s, staraj\u00fa sa o n\u00e1s, lie\u010dia na\u0161e boliestky, ute\u0161uj\u00fa, ale myslia aj na na\u0161e ka\u017edodenn\u00e9 a oby\u010dajn\u00e9 veci &#8211; a to v ka\u017edom veku, nielen ke\u010f sme mali\u010dk\u00ed&#8230;<\/p>\n<p>Ve\u013ea \u013eud\u00ed pre\u017e\u00edva obavy \u010di starosti zo svojho vz\u0165ahu s jedn\u00fdm z najd\u00f4le\u017eitej\u0161\u00edch \u013eud\u00ed svojho \u017eivota \u2013 s matkou. Mami\u010dka alebo aj in\u00e1 osoba v tejto \u00falohe stoj\u00ed priamo uprostred procesu, v ktorom sa \u010dlovek st\u00e1va t\u00fdm, k\u00fdm je. V\u00fdznamn\u00ed politici, ve\u013ek\u00ed myslitelia, umelci a n\u00e1bo\u017eensk\u00ed predstavitelia \u010dasto vyd\u00e1vaj\u00fa svedectvo o tom, ak\u00fd vplyv mala matka na ich \u017eivot. To, \u010do \u010dlovek dostal od svojej matky, \u010di u\u017e v kladnom alebo z\u00e1pornom zmysle, si nesie cel\u00fdm \u017eivotom\u2026 Materstvo je najv\u00fdznamnej\u0161ie, najn\u00e1ro\u010dnej\u0161ie a najhor\u0161ie platen\u00e9 povolanie na svete\u2026<\/p>\n<p><em>Moja matka bola najkraj\u0161ia \u017eena, ak\u00fa som kedy videl&#8230; Za v\u0161etko, \u010d\u00edm som, v\u010fa\u010d\u00edm svojej matke. Svoj \u017eivotn\u00fd \u00faspech pripisujem mor\u00e1lnemu, intelektu\u00e1lnemu a fyzick\u00e9mu vzdelaniu, ktor\u00e9 sa mi od nej dostalo.<\/em><br \/>\n<em>(George Washington)<\/em><\/p>\n<p>Na De\u0148 matiek m\u00f4\u017eeme ka\u017ed\u00fd svojej mami\u010dke spolu s kyticou kvetov vyslovi\u0165 v\u010faku za \u017eivot a l\u00e1sku, ktorou n\u00e1s neust\u00e1le sprev\u00e1dza. Nenechajte t\u00fa va\u0161u m\u00e1rne \u010daka\u0165 na tak\u00e9 slov\u00e1 len preto, \u017ee \u017eijete v zhone, m\u00e1te plno povinnost\u00ed a ka\u017edodenn\u00fdch starost\u00ed&#8230; Nezasl\u00fa\u017ei si to!<\/p>\n","protected":false},"excerpt":{"rendered":"<p>Mama, najkraj\u0161ie a najdrah\u0161ie slovo, ktor\u00e9 m\u00f4\u017ee \u010dlovek vyslovi\u0165.<\/p>\n","protected":false},"author":2,"featured_media":0,"comment_status":"closed","ping_status":"open","sticky":false,"template":"","format":"standard","meta":[],"categories":[11],"tags":[],"_links":{"self":[{"href":"https:\/\/btm.sk\/WP\/wp-json\/wp\/v2\/posts\/1998"}],"collection":[{"href":"https:\/\/btm.sk\/WP\/wp-json\/wp\/v2\/posts"}],"about":[{"href":"https:\/\/btm.sk\/WP\/wp-json\/wp\/v2\/types\/post"}],"author":[{"embeddable":true,"href":"https:\/\/btm.sk\/WP\/wp-json\/wp\/v2\/users\/2"}],"replies":[{"embeddable":true,"href":"https:\/\/btm.sk\/WP\/wp-json\/wp\/v2\/comments?post=1998"}],"version-history":[{"count":1,"href":"https:\/\/btm.sk\/WP\/wp-json\/wp\/v2\/posts\/1998\/revisions"}],"predecessor-version":[{"id":1999,"href":"https:\/\/btm.sk\/WP\/wp-json\/wp\/v2\/posts\/1998\/revisions\/1999"}],"wp:attachment":[{"href":"https:\/\/btm.sk\/WP\/wp-json\/wp\/v2\/media?parent=1998"}],"wp:term":[{"taxonomy":"category","embeddable":true,"href":"https:\/\/btm.sk\/WP\/wp-json\/wp\/v2\/categories?post=1998"},{"taxonomy":"post_tag","embeddable":true,"href":"https:\/\/btm.sk\/WP\/wp-json\/wp\/v2\/tags?post=1998"}],"curies":[{"name":"wp","href":"https:\/\/api.w.org\/{rel}","templated":true}]}}