{"id":1990,"date":"2018-02-25T15:23:23","date_gmt":"2018-02-25T14:23:23","guid":{"rendered":"https:\/\/btm.sk\/WP\/?p=1990"},"modified":"2018-05-17T21:38:36","modified_gmt":"2018-05-17T19:38:36","slug":"slovo-nielen-babickam","status":"publish","type":"post","link":"https:\/\/btm.sk\/WP\/2018\/02\/25\/slovo-nielen-babickam\/","title":{"rendered":"SLOVO (NIELEN) BABI\u010cK\u00c1M"},"content":{"rendered":"<p>Mysl\u00edm na v\u00e1s, mil\u00e9 babi\u010dky, s ve\u013ekou l\u00e1skou. Viem, \u017ee aj vy sa zaober\u00e1te ot\u00e1zkami: \u010co sme v \u017eivote urobili, dok\u00e1zali? Sme spokojn\u00e9 so sebou? Urobili sme viac dobr\u00e9ho ako zl\u00e9ho?<\/p>\n<p><!--more--><\/p>\n<p>Ke\u010f sa obzrieme za svoj\u00edm \u017eivotom, \u010dasto vid\u00edme, ko\u013eko sme narobili ch\u00fdb, a \u013eutujeme, \u017ee sa nedaj\u00fa vzia\u0165 sp\u00e4\u0165. V d\u00f4sledku \u00fanavy ods\u00favame bokom niekedy aj d\u00f4le\u017eit\u00e9 veci. Navy\u0161e u\u017e n\u00e1m ani zdravie nesl\u00fa\u017ei tak, ako kedysi. Deti a vn\u00fa\u010dat\u00e1 nechceme unavova\u0165 svojimi probl\u00e9mami, maj\u00fa svojich starost\u00ed dos\u0165. A pr\u00e1ca? Na t\u00fa u\u017e niet to\u013eko sily. Je tu v\u0161ak nie\u010do, \u010do by sme v \u017eiadnom pr\u00edpade nemali ods\u00fava\u0165 bokom. Neviete, na \u010do mysl\u00edm? Tak \u010d\u00edtajte \u010falej. Toto je moja vlastn\u00e1 \u017eivotn\u00e1 sk\u00fasenos\u0165.<br \/>\nM\u00f4j \u017eivot bol pr\u00e1zdny. Nie \u017ee by som \u017eila sama, bez rodiny. Len som nevedela, pre\u010do som na svete a ak\u00fd to m\u00e1 zmysel. Ke\u010f som prem\u00fd\u0161\u013eala o \u017eivote, kl\u00e1dla som si ot\u00e1zku: Kto mi pom\u00f4\u017ee a o koho sa opriem, ke\u010f sa dostanem do probl\u00e9mov, ktor\u00e9 presahuj\u00fa \u013eudsk\u00e9 mo\u017enosti? Takto som \u017eila polovicu storo\u010dia!<br \/>\nPatr\u00edm do gener\u00e1cie babi\u010diek, z ktor\u00fdch mnoh\u00e9 zabudli, \u010do do nich o Bohu zasievali ich rodi\u010dia. Niektor\u00fdm sa od rodi\u010dov nedostalo ni\u010d duchovn\u00e9, a tak do\u0161lo k pretrhnutiu nite odovzd\u00e1vania Bo\u017e\u00edch pr\u00e1vd a princ\u00edpov \u2013 odovzd\u00e1vania kres\u0165ansk\u00e9ho posolstva z gener\u00e1cie na gener\u00e1ciu! Ja som \u0161\u0165astn\u00e1, \u017ee som mohla t\u00fato ni\u0165 obnovi\u0165. Zverila som svoj \u017eivot Bo\u017eiemu Synovi \u2013 Je\u017ei\u0161ovi Kristovi. On sa stal P\u00e1nom a Ochrancom m\u00f4jho \u017eivota. Neviem, \u010do by som si inak po\u010dala v situ\u00e1cii, ke\u010f mi zistili z\u00e1kern\u00fa chorobu. Strach z bolesti, vy\u0161etren\u00ed, lie\u010dby, pobytu v nemocnici&#8230; &#8211; to \u010dloveka \u00faplne paralyzuje. V tej chv\u00edli som si uvedomila, ak\u00fdm pokladom je viera v Boha. Aj vo ve\u013emi \u0165a\u017ek\u00fdch chv\u00ed\u013each \u017eivota som s P\u00e1nom Je\u017ei\u0161om na\u0161la rados\u0165 a s\u00fa\u010dasne aj druh odvahy a pokoja, ktor\u00e9 m\u00f4\u017ee da\u0165 jedine Boh.<br \/>\nA pre\u010do v\u00e1m to v\u0161etko rozpr\u00e1vam? Ve\u013ea \u013eud\u00ed prestalo Boha potrebova\u0165, nespoliehaj\u00fa sa na neho. Vidno to na ka\u017edom kroku. Svet sa v posledn\u00fdch \u010dasoch zmenil k hor\u0161iemu. To, \u010do bolo za na\u0161ich mlad\u00fdch \u010dias nepredstavite\u013en\u00e9, je dnes norm\u00e1lne. M\u00e1me sa teda len pas\u00edvne pozera\u0165 a s\u0165a\u017eova\u0165?<br \/>\nMil\u00e9 babi\u010dky a vy v\u0161etci, ktor\u00ed \u010d\u00edtate tieto riadky, po\u010fme naviaza\u0165 t\u00fato d\u00f4le\u017eit\u00fa, no<br \/>\npretrhnut\u00fa ni\u0165! Venujme sa svojim vn\u00fa\u010dat\u00e1m a \u010fal\u0161\u00edm de\u0165om, ktor\u00e9 m\u00e1me okolo seba! Hovorme s nimi o Bohu a rozpr\u00e1vajme im biblick\u00e9 pr\u00edbehy, nielen rozpr\u00e1vky. Bu\u010fme im dobr\u00fdm pr\u00edkladom. Priv\u00e1dzajme ich do cirkvi \u010di zboru, aby zdravo duchovne r\u00e1stli. Dajme im \u0161ancu, aby spoznali P\u00e1na Je\u017ei\u0161a a Jeho dielo z\u00e1chrany. Vyzbroj\u00edme ich tak do \u017eivota. Sama som sa mnohokr\u00e1t presved\u010dila, \u017ee Bo\u017eie Slovo d\u00e1va oporu a pevn\u00fa p\u00f4dou pod nohami. D\u00e1va zmysel \u017eivota a jasn\u00fd cie\u013e. Ukazuje, \u010do je dobr\u00e9 a \u010do zl\u00e9. Pochopila som, \u017ee spo\u013eahn\u00fa\u0165 sa na Boha je jedin\u00fd sp\u00f4sob, ako naozaj zvl\u00e1dnu\u0165 a spr\u00e1vne rie\u0161i\u0165 r\u00f4zne situ\u00e1cie. Je\u017ei\u0161 je t\u00fdm, kto m\u00f4\u017ee ka\u017ed\u00e9ho \u010dloveka pozdvihn\u00fa\u0165, vies\u0165 bezpe\u010dnou cestou a napoji\u0165 na zdroj v\u0161etk\u00e9ho, \u010do \u010dlovek potrebuje. Chce sa sta\u0165 aj va\u0161\u00edm priate\u013eom, sprievodcom na ceste \u017eivota aj va\u0161\u00edm Spasite\u013eom. Ak t\u00fato ponuku prijmete, navia\u017eete pretrhnut\u00fa ni\u0165 \u017eivota s Bohom.<\/p>\n","protected":false},"excerpt":{"rendered":"<p>Mysl\u00edm na v\u00e1s, mil\u00e9 babi\u010dky, s ve\u013ekou l\u00e1skou. Viem, \u017ee aj vy sa zaober\u00e1te ot\u00e1zkami: \u010co sme v \u017eivote urobili, dok\u00e1zali? Sme spokojn\u00e9 so sebou? Urobili sme viac dobr\u00e9ho ako zl\u00e9ho?<\/p>\n","protected":false},"author":2,"featured_media":0,"comment_status":"closed","ping_status":"open","sticky":false,"template":"","format":"standard","meta":[],"categories":[6],"tags":[],"_links":{"self":[{"href":"https:\/\/btm.sk\/WP\/wp-json\/wp\/v2\/posts\/1990"}],"collection":[{"href":"https:\/\/btm.sk\/WP\/wp-json\/wp\/v2\/posts"}],"about":[{"href":"https:\/\/btm.sk\/WP\/wp-json\/wp\/v2\/types\/post"}],"author":[{"embeddable":true,"href":"https:\/\/btm.sk\/WP\/wp-json\/wp\/v2\/users\/2"}],"replies":[{"embeddable":true,"href":"https:\/\/btm.sk\/WP\/wp-json\/wp\/v2\/comments?post=1990"}],"version-history":[{"count":1,"href":"https:\/\/btm.sk\/WP\/wp-json\/wp\/v2\/posts\/1990\/revisions"}],"predecessor-version":[{"id":1991,"href":"https:\/\/btm.sk\/WP\/wp-json\/wp\/v2\/posts\/1990\/revisions\/1991"}],"wp:attachment":[{"href":"https:\/\/btm.sk\/WP\/wp-json\/wp\/v2\/media?parent=1990"}],"wp:term":[{"taxonomy":"category","embeddable":true,"href":"https:\/\/btm.sk\/WP\/wp-json\/wp\/v2\/categories?post=1990"},{"taxonomy":"post_tag","embeddable":true,"href":"https:\/\/btm.sk\/WP\/wp-json\/wp\/v2\/tags?post=1990"}],"curies":[{"name":"wp","href":"https:\/\/api.w.org\/{rel}","templated":true}]}}