{"id":1988,"date":"2018-02-25T15:19:02","date_gmt":"2018-02-25T14:19:02","guid":{"rendered":"https:\/\/btm.sk\/WP\/?p=1988"},"modified":"2018-05-17T21:38:51","modified_gmt":"2018-05-17T19:38:51","slug":"v-bozich-rukach","status":"publish","type":"post","link":"https:\/\/btm.sk\/WP\/2018\/02\/25\/v-bozich-rukach\/","title":{"rendered":"V BO\u017d\u00cdCH RUK\u00c1CH"},"content":{"rendered":"<p>Ve\u013emi rada by som sa s vami podelila o svoje sk\u00fasenosti z \u010dias, ke\u010f som sa od svojho lek\u00e1ra dozvedela onkologick\u00fa a neurologick\u00fa diagn\u00f3zu choroby, ktor\u00e1 be\u017ene kon\u010d\u00ed smr\u0165ou. Ka\u017ed\u00fd \u010dlovek, ktor\u00fd pre\u0161iel zd\u013ahav\u00fdm lie\u010den\u00edm z\u00e1va\u017enej choroby, v\u00e1m povie, \u017ee najhor\u0161\u00ed je strach zo smrti. V\u0161etko ostatn\u00e9 ide bokom. \u010co vtedy robi\u0165, kde h\u013eada\u0165 \u00fatechu?<\/p>\n<p><!--more--><\/p>\n<p>Prv\u00fdkr\u00e1t mi na\u0161li rakovinu pred dvan\u00e1stimi rokmi. No po rokoch pokoja sa choroba op\u00e4\u0165 vr\u00e1tila. Ocitla som sa v nemocnici vo ve\u013emi v\u00e1\u017enom stave. Stratila som ve\u013ea krvi. C\u00edtila som, ako ma op\u00fa\u0161\u0165aj\u00fa sily. Nedok\u00e1zala som si sama ani sadn\u00fa\u0165. V tomto \u0165a\u017ekom obdob\u00ed sa v mojom tele, ale hlavne v mojej hlave, odohr\u00e1val ve\u013ek\u00fd boj. Uprostred bolest\u00ed a slabosti som jasne vedela, \u017ee do seba nesmiem vpusti\u0165 strach. Bolo mi tak zle, ako dosia\u013e nikdy v \u017eivote, av\u0161ak celou bytos\u0165ou som h\u013eadala pomoc u P\u00e1na Je\u017ei\u0161a. Vierou som sa postavila na biblick\u00fd ver\u0161: Neboj sa, len ver! Pom\u00e1hal mi aj D\u00e1vidov 23. \u017ealm: <em>Keby som kr\u00e1\u010dal hoci temn\u00fdm \u00fadol\u00edm, neboj\u00edm sa zl\u00e9ho, lebo Ty si so mnou; Tvoj pr\u00fat a Tvoja palica ma pote\u0161uj\u00fa.<\/em> Pripomenula som si aj \u010fal\u0161ie ver\u0161e z Biblie: <em>O ni\u010d nebu\u010fte ustarosten\u00ed, ale vo v\u0161etkom s v\u010fakou predkladajte Bohu svoje \u017eiadosti vo v\u0161etk\u00fdch svojich modlitb\u00e1ch a prosb\u00e1ch.<\/em> (Filipsk\u00fdm 4,6) A <em>pokoj Bo\u017e\u00ed, ktor\u00fd prevy\u0161uje ka\u017ed\u00fd rozum, bude chr\u00e1ni\u0165 va\u0161e srdcia a va\u0161e mysle v Kristovi Je\u017ei\u0161ovi.<\/em> (Filipsk\u00fdm 4,7) A Bo\u017e\u00ed pokoj skuto\u010dne za\u010dal prich\u00e1dza\u0165!<br \/>\nKeby nebolo Bo\u017eieho slova, tak by som od strachu nespala a len plakala. D\u00f4le\u017eit\u00e9 boli pre m\u0148a k\u00e1zne n\u00e1\u0161ho pastora, ktor\u00e9 som po\u010d\u00favala z CD. A spievala som si. Moji priatelia sa za m\u0148a vytrvalo modlili. To mi ve\u013emi pom\u00e1halo.<br \/>\nUvedomila som si, \u017ee patr\u00edm Bohu a je na \u0147om, \u010do so mnou urob\u00ed. S d\u00f4verou som Mu zverila svoj \u017eivot a strach zo smrti odi\u0161iel. Modlila som sa: \u201ePane Je\u017ei\u0161u, som tak\u00e1 slab\u00e1, ale s Tebou som siln\u00e1.\u201c Bola som v\u010fa\u010dn\u00e1 za ka\u017ed\u00fd pre\u017eit\u00fd de\u0148. A moja n\u00e1dej za\u010dala r\u00e1s\u0165. Hlavne, ke\u010f mi jedna pacientka povedala, \u017ee by chcela ma\u0165 to, \u010do m\u00e1m ja \u2013 P\u00e1na Je\u017ei\u0161a&#8230;<br \/>\nTeraz mi je lep\u0161ie, radujem sa z ka\u017ed\u00e9ho d\u0148a a \u010fakujem P\u00e1nu Bohu, \u017ee ma sprev\u00e1dzal moj\u00edm \u0165a\u017ek\u00fdm \u017eivotn\u00fdm obdob\u00edm. Jemu som zverila cel\u00fd svoj \u017eivot. Pomohol mi u\u017e pred dvan\u00e1stimi rokmi a teraz znova. Zo svojej sk\u00fasenosti viem, \u017ee bez P\u00e1na Je\u017ei\u0161a je \u017eivot pr\u00e1zdny a \u017eivotn\u00e9 sk\u00fa\u0161ky nad \u013eudsk\u00e9 sily.<br \/>\n(K. D.)<\/p>\n","protected":false},"excerpt":{"rendered":"<p>Ve\u013emi rada by som sa s vami podelila o svoje sk\u00fasenosti z \u010dias, ke\u010f som sa od svojho lek\u00e1ra dozvedela onkologick\u00fa a neurologick\u00fa diagn\u00f3zu choroby, ktor\u00e1 be\u017ene kon\u010d\u00ed smr\u0165ou. Ka\u017ed\u00fd \u010dlovek, ktor\u00fd pre\u0161iel zd\u013ahav\u00fdm lie\u010den\u00edm z\u00e1va\u017enej choroby, v\u00e1m povie, \u017ee najhor\u0161\u00ed je strach zo smrti. V\u0161etko ostatn\u00e9 ide bokom. \u010co vtedy robi\u0165, kde h\u013eada\u0165 \u00fatechu?<\/p>\n","protected":false},"author":2,"featured_media":0,"comment_status":"closed","ping_status":"open","sticky":false,"template":"","format":"standard","meta":[],"categories":[10],"tags":[],"_links":{"self":[{"href":"https:\/\/btm.sk\/WP\/wp-json\/wp\/v2\/posts\/1988"}],"collection":[{"href":"https:\/\/btm.sk\/WP\/wp-json\/wp\/v2\/posts"}],"about":[{"href":"https:\/\/btm.sk\/WP\/wp-json\/wp\/v2\/types\/post"}],"author":[{"embeddable":true,"href":"https:\/\/btm.sk\/WP\/wp-json\/wp\/v2\/users\/2"}],"replies":[{"embeddable":true,"href":"https:\/\/btm.sk\/WP\/wp-json\/wp\/v2\/comments?post=1988"}],"version-history":[{"count":1,"href":"https:\/\/btm.sk\/WP\/wp-json\/wp\/v2\/posts\/1988\/revisions"}],"predecessor-version":[{"id":1989,"href":"https:\/\/btm.sk\/WP\/wp-json\/wp\/v2\/posts\/1988\/revisions\/1989"}],"wp:attachment":[{"href":"https:\/\/btm.sk\/WP\/wp-json\/wp\/v2\/media?parent=1988"}],"wp:term":[{"taxonomy":"category","embeddable":true,"href":"https:\/\/btm.sk\/WP\/wp-json\/wp\/v2\/categories?post=1988"},{"taxonomy":"post_tag","embeddable":true,"href":"https:\/\/btm.sk\/WP\/wp-json\/wp\/v2\/tags?post=1988"}],"curies":[{"name":"wp","href":"https:\/\/api.w.org\/{rel}","templated":true}]}}