{"id":1965,"date":"2017-11-01T11:46:10","date_gmt":"2017-11-01T10:46:10","guid":{"rendered":"http:\/\/btm.sk\/WP\/2017\/11\/01\/desime-sa-rychlosti-s-akou-sa-blizia-vianoce\/"},"modified":"2018-05-17T21:42:43","modified_gmt":"2018-05-17T19:42:43","slug":"desime-sa-rychlosti-s-akou-sa-blizia-vianoce","status":"publish","type":"post","link":"https:\/\/btm.sk\/WP\/2017\/11\/01\/desime-sa-rychlosti-s-akou-sa-blizia-vianoce\/","title":{"rendered":"DES\u00cdME SA R\u00ddCHLOSTI, S AKOU SA BL\u00cd\u017dIA VIANOCE&#8230;"},"content":{"rendered":"<p><span class=\"text\">Nechcel by som navodzova\u0165 sentiment\u00e1lnu adventn\u00fa atmosf\u00e9ru, ale predsa len n\u00e1m mus\u00edm pripomen\u00fa\u0165 detsk\u00e9 pre\u017e\u00edvanie predviano\u010dn\u00e9ho \u010dasu. Ako dospel\u00ed sa toti\u017e \u010dasto des\u00edme r\u00fdchlosti, s akou sa Vianoce bl\u00ed\u017eia, a \u010do v\u0161etko preto nestihneme&#8230;<\/span><br \/>\n<!--more--><br \/>\nNo ako deti sme sa neskuto\u010dne te\u0161ili. Te\u0161ili sa, \u010dakali a vedeli, \u017ee sa do\u010dk\u00e1me. A pr\u00e1ve o to mi ide &#8211; o to \u010dakanie a te\u0161enie sa.<\/p>\n<p>Modern\u00e1 spolo\u010dnos\u0165, ktor\u00e1 m\u00e1 ur\u010dite ve\u013ea kladn\u00fdch a kr\u00e1snych str\u00e1nok, niektor\u00e9 veci nespravodlivo obch\u00e1dza a in\u00e9 dokonca vymaz\u00e1va. Napr\u00edklad o\u010dak\u00e1vanie, trpezliv\u00e9 \u010dakanie a te\u0161enie sa u\u017e dnes nemaj\u00fa \u017eiadnu hodnotu. Zo v\u0161adia\u013e n\u00e1m toti\u017e hlavne reklama znova a znova vnucuje, \u017ee to, \u010do chceme, m\u00f4\u017eeme ma\u0165 celkom samozrejme a jednoducho hne\u010f! Bez \u010dakania, bez ot\u00e1\u013eania &#8211; a teda aj bez trpezlivosti a radostn\u00e9ho o\u010dak\u00e1vania. Je to v\u0161ak skuto\u010dne v\u00fdhoda? Nestr\u00e1ca tak \u010dlovek nejak\u00fa d\u00f4le\u017eit\u00fa dimenziu \u017eivota?<\/p>\n<p>Mus\u00edme uzna\u0165, \u017ee \u010di u\u017e chceme alebo nie, \u017eijeme v \u010dasoch, kedy je naozaj ve\u013ea vec\u00ed dostupn\u00fdch okam\u017eite. Napr\u00edklad, v\u00f4bec nemus\u00edme \u010daka\u0165 na prv\u00e9 letn\u00e9 jablk\u00e1 &#8211; jablk\u00e1 si m\u00f4\u017eeme k\u00fapi\u0165 po cel\u00fd rok. Podobne jahody, paradajky at\u010f. Nepova\u017eujem to, samozrejme, za nejak\u00fa zl\u00fa vec, len si uvedomujem, \u017ee ve\u013ea \u013eud\u00ed, vychovan\u00fdch len a len v &#8222;supermarketovej kult\u00fare&#8220; str\u00e1ca takto pr\u00edstup k podstate: nevn\u00edmaj\u00fa rast, dozrievanie a potrebn\u00e9 o\u010dak\u00e1vanie na \u00farodu ako samozrejm\u00fa s\u00fa\u010das\u0165 mnoh\u00fdch \u017eivotn\u00fdch procesov.<\/p>\n<p>V kult\u00fare, ktor\u00e1 je ur\u010dovan\u00e1 po\u013enohospod\u00e1rstvom &#8211; kde je teda \u010dlovek v dennom kontakte s pr\u00edrodou, je to in\u00e9. Tam sa mus\u00ed \u010daka\u0165 na pr\u00edslu\u0161n\u00e9 vegeta\u010dn\u00e9 obdobie, aby rast v\u00f4bec za\u010dal. \u010cak\u00e1 sa aj na dozrievanie plodu. Term\u00edn zberu neur\u010dujeme my, ale pr\u00edrodn\u00e9 podmienky. \u010clovek sa potom c\u00edti by\u0165 sk\u00f4r s\u00fa\u010das\u0165ou tohto diania, ako suver\u00e9nnym p\u00e1nom v\u0161etk\u00e9ho. Jeho poh\u013ead na \u017eivot a svet m\u00f4\u017ee by\u0165 pravdivej\u0161\u00ed.<\/p>\n<p>No, nejde mi len o n\u00e1\u0161 vz\u0165ah k po\u013enohospod\u00e1rskym produktom. Ide mi hlavne o n\u00e1\u0161 vz\u0165ah k svetu a \u017eivotu, s ktor\u00fdm je to podobn\u00e9. Bez schopnosti \u010daka\u0165, bez vn\u00edmania, \u017ee mnoh\u00e9 mus\u00ed, jednoducho, v svoj \u010das dozrie\u0165, sa \u010dlovek \u013eahko st\u00e1va koristn\u00edckym n\u00e1siln\u00edkom. A to nielen vo vz\u0165ahu k veciam, ale aj vo vz\u0165ahu k \u013eu\u010fom a k sebe sam\u00e9mu. T\u00e1 spom\u00ednan\u00e1 &#8222;supermarketov\u00e1 kult\u00fara&#8220; m\u00f4\u017ee vies\u0165 k nespr\u00e1vnym n\u00e1zorom, \u017ee m\u00f4\u017eem ma\u0165 v\u0161etko hne\u010f &#8211; kedy chcem a ako chcem. A \u017ee takisto m\u00f4\u017eem chcie\u0165 \u013eubovo\u013en\u00fd \u017eivotn\u00fd v\u00fdsledok od seba sam\u00e9ho, od svojich podriaden\u00fdch, \u0161tudentov, det\u00ed&#8230; skuto\u010dne v\u017edy ihne\u010f. Av\u0161ak ak\u00fa m\u00e1 v na\u0161ich o\u010diach cenu to, \u010do mo\u017eno v\u017edy \u013eahko a okam\u017eite dosta\u0165?<br \/>\nN\u00e1\u0161mu sp\u00f4sobu u\u017e\u00edvania sveta &#8211; rozumejme n\u00e1s, \u013eud\u00ed v rozvinut\u00fdch krajin\u00e1ch &#8211; sa niekedy hovor\u00ed v\u00fdsti\u017enou skratkou &#8222;U\u017ei a zaho\u010f!&#8220; A to je presne ono: to, \u010do dnes \u013eahko z\u00edskame, zajtra nebudeme \u0161etri\u0165 ani odklada\u0165. Pri veciach to nemus\u00ed a\u017e tak ve\u013emi vadi\u0165, aj ke\u010f ekologick\u00e9 d\u00f4sledky tohto pr\u00edstupu nie s\u00fa radostn\u00e9 a vid\u00edme ich v\u0161ade okolo seba. Av\u0161ak vo vz\u0165ahu k \u013eu\u010fom? Aj k \u013eu\u010fom toti\u017e mo\u017eno pristupova\u0165 pod\u013ea tohto hesla. \u010clovek je pre m\u0148a cenn\u00fd len dnes, len vtedy, ke\u010f od neho nie\u010do potrebujem. A je pre m\u0148a cenn\u00fd iba ten, kto moje prianie vypln\u00ed. A potom &#8211; m\u00f4\u017eem ho &#8222;zahodi\u0165&#8220;! Alebo, ak nedok\u00e1\u017ee moje prianie ihne\u010f splni\u0165, tak ma ani nezauj\u00edma. Nebudem predsa \u010daka\u0165, k\u00fdm dozreje!<\/p>\n<p>Pre\u010do sa tak m\u00e1lo investuje do vzdel\u00e1vania? Ve\u010f ekonomick\u00fd \u00fa\u017eitok z predaja, napr. b\u00e1nk, b\u00fdva okam\u017eit\u00fd, aj ke\u010f \u010dasto za cenu ve\u013ek\u00fdch finan\u010dn\u00fdch str\u00e1t. Ale investova\u0165 do vzdel\u00e1vania? To neprin\u00e1\u0161a okam\u017eit\u00fd efekt, lebo treba dlho \u010daka\u0165 a navy\u0161e &#8211; neexistuje \u017eiadna istota dobr\u00e9ho v\u00fdsledku. M\u00e1 zl\u00e1 finan\u010dn\u00e1 situ\u00e1cia n\u00e1\u0161ho \u0161kolstva skuto\u010dne pr\u00ed\u010diny len ekonomick\u00e9, pr\u00edpadne politicko-organiza\u010dn\u00e9? Nie je to taktie\u017e prejav na\u0161ej neochoty \u010daka\u0165, ktor\u00fd sa premieta do politick\u00fdch rozhodnut\u00ed? Rodi\u010d, pedag\u00f3g, ale aj hudobn\u00edk \u010di \u0161portovec vie, \u017ee aj ten najv\u00e4\u010d\u0161\u00ed talent potrebuje \u010das na rast a dozretie. \u017de \u013eudsk\u00e1 kvalita sa ned\u00e1 naordinova\u0165, nadiktova\u0165, k\u00fapi\u0165&#8230; teda z\u00edska\u0165 hne\u010f. Bez \u010dakania sa mnoh\u00e9ho nedo\u010dk\u00e1me. V\u0161etko sa toti\u017e skuto\u010dne ned\u00e1 k\u00fapi\u0165. Mo\u017eno v\u0161ak \u010dakanie propagova\u0165?<\/p>\n<p>Mnoh\u00ed z n\u00e1s maj\u00fa zl\u00e9 sk\u00fasenosti s minul\u00fdm re\u017eimom, ke\u010f n\u00e1m znova a znova s\u013eubovali \u0161\u0165astn\u00fa bud\u00facnos\u0165. Ve\u013ea s\u013eubov v\u0161ak len zakr\u00fdvalo neschopnos\u0165 zvl\u00e1dnu\u0165 to, \u010do sa v spolo\u010dnosti zvl\u00e1dnu\u0165 dalo aj malo. Tieto sk\u00fasenosti v n\u00e1s naozaj m\u00f4\u017eu vyvol\u00e1va\u0165 nedo\u010dkavos\u0165 a ned\u00f4veru, v ktor\u00fdch nie sme ochotn\u00ed \u010daka\u0165. Ods\u00favanie po\u017eiadaviek do \u010dias &#8222;a\u017e budeme raz bohat\u0161\u00ed&#8220; sa v\u0161ak deje aj dnes, napr\u00edklad pr\u00e1ve pri spom\u00ednanom financovan\u00ed vzdel\u00e1vania. No toto ods\u00favanie nie je dobr\u00e9, preto\u017ee nem\u00f4\u017eeme \u010daka\u0165, \u017ee budeme zbiera\u0165 \u00farodu tam, kde sme nezasiali, \u017ee v bud\u00facnosti prinesie \u00fa\u017eitok nie\u010do, \u010do sme v pr\u00edtomnosti zanedbali&#8230;<\/p>\n<p>Je tu v\u0161ak e\u0161te \u010fal\u0161ia vec, a ja si mysl\u00edm, \u017ee ove\u013ea v\u00e1\u017enej\u0161ia, ktor\u00e1 vedie \u010dloveka k netrpezlivosti, k neochote \u010daka\u0165, v krajnom pr\u00edpade aj k bezoh\u013eadn\u00e9mu &#8222;Urvi si, \u010do m\u00f4\u017ee\u0161, a to hne\u010f!&#8220; Je to v\u0161eobecn\u00e1 neistota, ktor\u00fa prin\u00e1\u0161a \u017eivot. \u017dijeme na jednej strane vo svete, kde pova\u017eujeme za samozrejm\u00e9 zaistenie nielen z\u00e1kladn\u00fdch podmienok pre \u017eivot &#8211; ako je jedlo, teplo, odev&#8230; -, ale aj \u010fal\u0161\u00edch be\u017en\u00fdch slu\u017eieb &#8211; ako je dod\u00e1vka elektriny a pod. Na druhej strane vieme, a ka\u017ed\u00e1 katastrofa n\u00e1m to v\u017edy silne pripomenie, \u017ee tento svet, zaisten\u00fd a prive\u013emi stojaci na modernej technike, je ve\u013emi zranite\u013en\u00fd. Dnes je u\u017e ka\u017ed\u00e9mu jasn\u00e9, \u017ee \u017eivot na cel\u00fdch kontinentoch by mohlo z\u00e1sadn\u00fdm sp\u00f4sobom ochromi\u0165 zosypanie sa po\u010d\u00edta\u010dov\u00fdch siet\u00ed, bez ktor\u00fdch by sme nemali ani vodu, ani elektrinu, ani ve\u013ea \u010fal\u0161\u00edch d\u00f4le\u017eit\u00fdch vec\u00ed. A k po\u0161kodeniu \u010di nab\u00faraniu po\u010d\u00edta\u010dov\u00fdch syst\u00e9mov netreba ani tanky, ani del\u00e1, ani tis\u00edcky pochoduj\u00facich vojakov&#8230; V kone\u010dnom d\u00f4sledku bol, je a bude v\u017edy zranite\u013en\u00fd \u013eudsk\u00fd \u017eivot. Dnes u\u017e s\u00edce v\u0161eobecne nezomierame tak skoro ako predch\u00e1dzaj\u00face gener\u00e1cie, no aj tak umierame n\u00e1hle a ne\u010dakane, \u010di u\u017e v d\u00f4sledku choroby, ne\u0161\u0165astia alebo in\u00fdm sp\u00f4sobom&#8230;<\/p>\n<p>Asi som to vykreslil v\u0161etko pr\u00edli\u0161 \u010dierno&#8230; Vr\u00e1\u0165me sa v\u0161ak op\u00e4\u0165 k o\u010dak\u00e1vaniu a radosti. Nech\u00e1me ich iba de\u0165om a sami sa vrhneme do \u017eivota tak, ako v\u00e4\u010d\u0161ina \u013eud\u00ed okolo n\u00e1s &#8211; teda v t\u00fa\u017ebe ma\u0165 v\u0161etko hne\u010f a teraz? To by bola \u0161koda &#8211; necha\u0165 si strachom a obavami znetvori\u0165 \u017eivot. <\/p>\n<p>Pozrime sa e\u0161te raz do vlastnej minulosti a aj na dne\u0161n\u00e9 deti. Ktor\u00e9 die\u0165a sa v minulosti te\u0161ilo, hlavne na Vianoce, bez ob\u00e1v, \u017ee bude sklaman\u00e9? Veru ani nie tak die\u0165a t\u00fdch najbohat\u0161\u00edch rodi\u010dov, ale die\u0165a, ktor\u00e9 si uvedomovalo a uvedomuje fakt, \u017ee je milovan\u00e9. Miluj\u00faci rodi\u010d svoje die\u0165a nikdy nesklame. Rozumie mu a dok\u00e1\u017ee ho ob\u0161\u0165astni\u0165. Nespln\u00ed s\u00edce v\u0161etky jeho priania, no bude sa sna\u017ei\u0165 urobi\u0165 ho \u0161\u0165astn\u00fdm. Ten, kto m\u00e1 t\u00fato \u017eivotn\u00fa sk\u00fasenos\u0165, m\u00e1 pre svoj vz\u0165ah k svetu jedine\u010dn\u00e9 obdarovanie &#8211; pevn\u00fd z\u00e1klad pre postoje d\u00f4very. A tak si dovol\u00edm tvrdi\u0165, \u017ee nie v\u00fdhry v lot\u00e9ri\u00e1ch a s\u00fa\u0165a\u017eiach, ani ve\u013emi v\u00fdhodn\u00fd leasing, na ktor\u00fd okam\u017eite z\u00edskame to, na \u010do nechceme \u010daka\u0165, s\u00fa z\u00e1kladom na\u0161ej radosti a podkladom k d\u00f4vere vo\u010di premen\u00e1m \u017eivota, v ktor\u00fdch m\u00f4\u017ee \u010dlovek aj \u010daka\u0165 a te\u0161i\u0165 sa. Ove\u013ea v\u00e4\u010d\u0161iu cenu m\u00e1 sk\u00fasenos\u0165 milovan\u00e9ho \u010dloveka. Sk\u00fasenos\u0165 s l\u00e1skou, ktorou si m\u00f4\u017eeme by\u0165 ist\u00ed a uistenie, \u017ee sme sami schopn\u00ed spo\u013eahlivo milova\u0165. K tejto nesmierne cennej sk\u00fasenosti si m\u00f4\u017eeme navz\u00e1jom pom\u00e1ha\u0165, m\u00f4\u017eeme si ju vo vz\u00e1jomn\u00fdch vz\u0165ahoch darova\u0165. Nielen my dospel\u00ed de\u0165om, ale aj my dospel\u00ed medzi sebou navz\u00e1jom. Je to \u00fa\u017easn\u00e1 mo\u017enos\u0165! A m\u00f4\u017eeme \u00eds\u0165 e\u0161te \u010falej. Ten, kto m\u00e1 otvoren\u00fa cestu k vn\u00edmaniu Boha, m\u00e1 taktie\u017e otvoren\u00fa cestu k pre\u017eitiu jeho vernej l\u00e1sky. Zvl\u00e1\u0161\u0165 ke\u010f ju nemeria len intenzitou pr\u00edjemn\u00fdch pocitov \u010di mierou splnen\u00fdch prian\u00ed. Ove\u013ea istej\u0161ie je, ke\u010f \u010dlovek napr\u00edklad zo slov Biblie pochop\u00ed, \u010do mu Boh zas\u013e\u00fabil, a potom vo svojom \u017eivote odhal\u00ed, ako sa tie zas\u013e\u00fabenia verne nap\u013a\u0148aj\u00fa. Z\u00edska tak sk\u00fasenos\u0165 ved\u00facu k \u017eivotnej istote a pred sebou ve\u013ea vec\u00ed, na ktor\u00e9 sa m\u00f4\u017ee te\u0161i\u0165 a z ktor\u00fdch naplnenia sa m\u00f4\u017ee radova\u0165.<\/p>\n<p>(A. Opatrn\u00fd)<\/p>\n","protected":false},"excerpt":{"rendered":"<p>Nechcel by som navodzova\u0165 sentiment\u00e1lnu adventn\u00fa atmosf\u00e9ru, ale predsa len n\u00e1m mus\u00edm pripomen\u00fa\u0165 detsk\u00e9 pre\u017e\u00edvanie predviano\u010dn\u00e9ho \u010dasu. Ako dospel\u00ed sa toti\u017e \u010dasto des\u00edme r\u00fdchlosti, s akou sa Vianoce bl\u00ed\u017eia, a \u010do v\u0161etko preto nestihneme&#8230;<\/p>\n","protected":false},"author":2,"featured_media":0,"comment_status":"closed","ping_status":"open","sticky":false,"template":"","format":"standard","meta":[],"categories":[11],"tags":[],"_links":{"self":[{"href":"https:\/\/btm.sk\/WP\/wp-json\/wp\/v2\/posts\/1965"}],"collection":[{"href":"https:\/\/btm.sk\/WP\/wp-json\/wp\/v2\/posts"}],"about":[{"href":"https:\/\/btm.sk\/WP\/wp-json\/wp\/v2\/types\/post"}],"author":[{"embeddable":true,"href":"https:\/\/btm.sk\/WP\/wp-json\/wp\/v2\/users\/2"}],"replies":[{"embeddable":true,"href":"https:\/\/btm.sk\/WP\/wp-json\/wp\/v2\/comments?post=1965"}],"version-history":[{"count":1,"href":"https:\/\/btm.sk\/WP\/wp-json\/wp\/v2\/posts\/1965\/revisions"}],"predecessor-version":[{"id":2002,"href":"https:\/\/btm.sk\/WP\/wp-json\/wp\/v2\/posts\/1965\/revisions\/2002"}],"wp:attachment":[{"href":"https:\/\/btm.sk\/WP\/wp-json\/wp\/v2\/media?parent=1965"}],"wp:term":[{"taxonomy":"category","embeddable":true,"href":"https:\/\/btm.sk\/WP\/wp-json\/wp\/v2\/categories?post=1965"},{"taxonomy":"post_tag","embeddable":true,"href":"https:\/\/btm.sk\/WP\/wp-json\/wp\/v2\/tags?post=1965"}],"curies":[{"name":"wp","href":"https:\/\/api.w.org\/{rel}","templated":true}]}}