{"id":1963,"date":"2017-10-02T12:32:34","date_gmt":"2017-10-02T10:32:34","guid":{"rendered":"http:\/\/btm.sk\/WP\/2017\/10\/02\/novinky-kalendare-2018\/"},"modified":"2018-05-17T21:43:15","modified_gmt":"2018-05-17T19:43:15","slug":"novinky-kalendare-2018","status":"publish","type":"post","link":"https:\/\/btm.sk\/WP\/2017\/10\/02\/novinky-kalendare-2018\/","title":{"rendered":"NOVINKY &#8211; KALEND\u00c1RE 2018"},"content":{"rendered":"<p><span class=\"text\">Na rok 2018 sme op\u00e4\u0165 pripravili tri r\u00f4zne kalend\u00e1re. Podrobnosti po rozkliknut\u00ed&#8230;<\/span><br \/>\n<!--more--><br \/>\n<b>PL43<\/b><\/p>\n<p><img src=img\/clanky\/PL43.jpg><\/p>\n<p>N\u00e1\u0161 tradi\u010dn\u00fd obr\u00e1zkov\u00fd\/poh\u013eadnicov\u00fd kalend\u00e1r na r. 2018 Odvaha n\u00e1s vy\u0161le na cestu, pokora n\u00e1m uk\u00e1\u017ee cie\u013e (Pavel Kosorin) s tituln\u00fdm biblick\u00fdm ver\u0161om z knihy Jozue 1,9: Ve\u010f som ti prik\u00e1zal: Bu\u010f siln\u00fd a odv\u00e1\u017eny, nestrachuj sa a nez\u00fafaj! Lebo Hospodin, tvoj Boh, bude s tebou, kamko\u013evek p\u00f4jde\u0161. Na ka\u017ed\u00fd mesiac nov\u00fd aforizmus P. Kosorina a biblick\u00fd ver\u0161\u00edk. Form\u00e1t A5.<\/p>\n<p><img src=img\/clanky\/PL4301.jpg> <img src=img\/clanky\/PL4302.jpg> <img src=img\/clanky\/PL4304.jpg><br \/>\n<img src=img\/clanky\/PL4306.jpg> <img src=img\/clanky\/PL4308.jpg> <img src=img\/clanky\/PL4312.jpg><\/p>\n<p><b>PL44<\/b><\/p>\n<p><img src=img\/clanky\/PL44.jpg><\/p>\n<p><b>PESTR\u00dd ROK<\/b> &#8211; kr\u00e1sny v\u00fdpravn\u00fd n\u00e1stenn\u00fd kalend\u00e1r na r. 2018. Tento raz sme sa zamysleli nad v\u00fdznamn\u00fdmi d\u0148ami vo svetovom kalend\u00e1ri. Je to poh\u013ead na zn\u00e1me i menej zn\u00e1me, dokonca a\u017e kuri\u00f3zne v\u00fdznamn\u00e9 dni, ktor\u00e9 s\u00fa zaraden\u00e9 nielen vo svetov\u00fdch, ale aj v na\u0161ich slovensk\u00fdch kalend\u00e1roch. Ur\u010dite zauj\u00edmav\u00fdm sp\u00f4sobom roz\u0161\u00edria va\u0161e v\u0161eobecn\u00e9 vedomosti. Ilustr\u00e1cie s\u00fa, u\u017e tradi\u010dne, pretkan\u00e9 pr\u00edhodn\u00fdm biblick\u00fdm ver\u0161om a kr\u00e1tkym zamyslen\u00edm. Kalend\u00e1r obsahuje jedine\u010dn\u00e9 kalend\u00e1rium!<br \/>\nVer\u00edme, \u017ee budete ma\u0165 \u00fa\u017eitok z ka\u017edodenn\u00e9ho poh\u013eadu na obr\u00e1zky i slov\u00e1, ktor\u00e9 pohladia \u013eudsk\u00fa du\u0161u, pobavia i pripomen\u00fa vz\u00e1cne i celkom oby\u010dajn\u00e9 veci n\u00e1\u0161ho ka\u017edodenn\u00e9ho \u017eivota. Form\u00e1t A3.<\/p>\n<p><img src=img\/clanky\/PL4402.jpg> <img src=img\/clanky\/PL4403.jpg> <img src=img\/clanky\/PL4406.jpg><br \/>\n<img src=img\/clanky\/PL4409.jpg> <img src=img\/clanky\/PL4411.jpg> <img src=img\/clanky\/PL4412.jpg><\/p>\n<p><b>PD76<\/b><\/p>\n<p><img src=img\/clanky\/PD76.jpg><\/p>\n<p><b>NEOBY\u010cAJN\u00c9 ZVIERATK\u00c1<\/b> &#8211; je n\u00e1zov v porad\u00ed druh\u00e9ho kalend\u00e1ra pre deti na r. 2018. Tituln\u00fd biblick\u00fd ver\u0161 je z Knihy \u017ealmov 145,9: Hospodin je dobrotiv\u00fd ku v\u0161etk\u00fdm, Jeho milosrdenstvo sa rozprestiera nad v\u0161etko Jeho stvorenie. BTM t\u00fdmto kalend\u00e1rom pokra\u010duje v novej ed\u00edcii detsk\u00fdch obr\u00e1zkov\u00fdch n\u00e1stenn\u00fdch kalend\u00e1rov. Aj tento ro\u010dn\u00edk sme venovali R\u00cd\u0160I ZVIERAT &#8211; svetu o\u010daruj\u00facej, dokonalej, pestrej, farebnej, rozmanitej a u\u017eito\u010dnej pozemskej fauny, ktor\u00fa n\u00e1m daroval STVORITE\u013d. Preto si ju v\u00e1\u017eme a chr\u00e1\u0148me. Kalend\u00e1r obsahuje jedine\u010dn\u00e9 kalend\u00e1rium s vyzna\u010den\u00edm \u0161kolsk\u00fdch pr\u00e1zdnin a v\u0161etk\u00fdch \u0161t\u00e1tnych i cirkevn\u00fdch sviatkov. Form\u00e1t A4.<\/p>\n<p><img src=img\/clanky\/PD7601.jpg> <img src=img\/clanky\/PD7603.jpg> <img src=img\/clanky\/PD7604.jpg><br \/>\n<img src=img\/clanky\/PD7606.jpg> <img src=img\/clanky\/PD7608.jpg> <img src=img\/clanky\/PD7611.jpg><\/p>\n","protected":false},"excerpt":{"rendered":"<p>Na rok 2018 sme op\u00e4\u0165 pripravili tri r\u00f4zne kalend\u00e1re. Podrobnosti po rozkliknut\u00ed&#8230;<\/p>\n","protected":false},"author":2,"featured_media":0,"comment_status":"closed","ping_status":"open","sticky":false,"template":"","format":"standard","meta":[],"categories":[5],"tags":[],"_links":{"self":[{"href":"https:\/\/btm.sk\/WP\/wp-json\/wp\/v2\/posts\/1963"}],"collection":[{"href":"https:\/\/btm.sk\/WP\/wp-json\/wp\/v2\/posts"}],"about":[{"href":"https:\/\/btm.sk\/WP\/wp-json\/wp\/v2\/types\/post"}],"author":[{"embeddable":true,"href":"https:\/\/btm.sk\/WP\/wp-json\/wp\/v2\/users\/2"}],"replies":[{"embeddable":true,"href":"https:\/\/btm.sk\/WP\/wp-json\/wp\/v2\/comments?post=1963"}],"version-history":[{"count":1,"href":"https:\/\/btm.sk\/WP\/wp-json\/wp\/v2\/posts\/1963\/revisions"}],"predecessor-version":[{"id":2004,"href":"https:\/\/btm.sk\/WP\/wp-json\/wp\/v2\/posts\/1963\/revisions\/2004"}],"wp:attachment":[{"href":"https:\/\/btm.sk\/WP\/wp-json\/wp\/v2\/media?parent=1963"}],"wp:term":[{"taxonomy":"category","embeddable":true,"href":"https:\/\/btm.sk\/WP\/wp-json\/wp\/v2\/categories?post=1963"},{"taxonomy":"post_tag","embeddable":true,"href":"https:\/\/btm.sk\/WP\/wp-json\/wp\/v2\/tags?post=1963"}],"curies":[{"name":"wp","href":"https:\/\/api.w.org\/{rel}","templated":true}]}}