{"id":1962,"date":"2017-10-02T12:29:59","date_gmt":"2017-10-02T10:29:59","guid":{"rendered":"http:\/\/btm.sk\/WP\/2017\/10\/02\/rozlucka\/"},"modified":"2018-05-17T21:43:28","modified_gmt":"2018-05-17T19:43:28","slug":"rozlucka","status":"publish","type":"post","link":"https:\/\/btm.sk\/WP\/2017\/10\/02\/rozlucka\/","title":{"rendered":"ROZL\u00da\u010cKA&#8230;"},"content":{"rendered":"<p><span class=\"text\">Pam\u00e4t\u00e1te sa e\u0161te na <b>Kristin Vindsetmo<\/b> z N\u00f3rska? V novembri vyjde na Slovensku jej kniha. Bude to zvl\u00e1\u0161tna kniha obsahuj\u00faca jej pohrebn\u00e9 k\u00e1zne \u010di pr\u00edhovory. Kristin m\u00e1 dar stru\u010dne, ale ve\u013emi jasne sa vyjadrova\u0165 a citlivo zasiahnu\u0165 \u013eudsk\u00fa du\u0161u aj v \u010dase z\u00e1rmutku a bolesti a povzbudi\u0165 aj pote\u0161i\u0165. Ve\u010f pos\u00fa\u010fte sami. Pon\u00fakame v\u00e1m uk\u00e1\u017eku z tejto pripravovanej kni\u017eky.<\/span><br \/>\n<!--more--><br \/>\n<i>Hospodin, Boh, vysadil z\u00e1hradu v Edene na v\u00fdchode a postavil do nej \u010dloveka, ktor\u00e9ho stv\u00e1rnil. Hospodin, Boh, dal vyr\u00e1s\u0165 zo zeme stromom v\u0161etk\u00fdch druhov, na poh\u013ead l\u00e1kav\u00fdm a na jedenie chutn\u00fdm. Uprostred z\u00e1hrady dal vyr\u00e1s\u0165 stromu \u017eivota a stromu poznania dobra a zla. (1. Moj\u017ei\u0161ova 2,8-9)<\/i><\/p>\n<p>Biblia n\u00e1m hovor\u00ed, \u017ee Boh si pre \u013eud\u00ed, ktor\u00fdch stvoril, \u017eelal len to najlep\u0161ie.<br \/>\nPreto vytvoril n\u00e1dhern\u00fa dokonal\u00fa z\u00e1hradu, v ktorej sme mohli \u017ei\u0165. Av\u0161ak nane\u0161\u0165astie pr\u00edli\u0161 r\u00fdchlo pri\u0161lo zlo a \u013eudia museli t\u00fato z\u00e1hradu opusti\u0165.<br \/>\nNie je \u0165a\u017ek\u00e9 domyslie\u0165 si, ak\u00e9 to bolo.<br \/>\nMy, \u013eudia, prirodzene c\u00edtime t\u00fa\u017ebu po domove a aj sami si prajeme vytvori\u0165 okolo n\u00e1s to najkraj\u0161ie prostredie, ak\u00e9 sa len d\u00e1.<br \/>\nAj Astrid mala v sebe t\u00fato t\u00fa\u017ebu. Aj ona t\u00fa\u017eila vytvori\u0165 okolo svojho domu n\u00e1dhern\u00e9 prostredie. Cel\u00fd svah od jej domu k ceste bol \u00fa\u017easn\u00fdm z\u00e1vanom leta&#8230;<br \/>\nAv\u0161ak v na\u0161om svete je toho tak ve\u013ea, \u010do ohrozuje na\u0161e kvety! Na jese\u0148 a v zime v\u00e4dn\u00fa a umieraj\u00fa, a to bez oh\u013eadu na to, ak\u00fd \u0161ikovn\u00fd a pracovit\u00fd je z\u00e1hradn\u00edk&#8230;<br \/>\nNo na\u0161ou n\u00e1dejou je, \u017ee Astrid je teraz u\u017e tam, kde ru\u017ee nikdy nev\u00e4dn\u00fa a neumieraj\u00fa &#8211; tak ako je to v n\u00e1zve jednej piesne.<\/p>\n<p>Na pohrebe v kostole chceme pre\u017ei\u0165 bl\u00edzkos\u0165 a l\u00e1sku, a taktie\u017e potrebujeme posilni\u0165 na\u0161u n\u00e1dej a vieru.<br \/>\nVer\u00edme, \u017ee ke\u010f umrieme, m\u00f4\u017ee n\u00e1s Boh (ktor\u00fd n\u00e1s stvoril) stvori\u0165 nanovo. Stvori\u0165 n\u00e1s znova pre ve\u010dn\u00fd \u017eivot u Neho. A v tomto \u017eivote u\u017e bude v\u0161etko iba dobr\u00e9.<br \/>\nM\u00f4\u017eeme d\u00fafa\u0165, \u017ee Astrid tam bude obklopen\u00e1 t\u00fdmi najkraj\u0161\u00edmi kvetmi u\u017e naveky. Je dobr\u00e9 pevne sa dr\u017ea\u0165 my\u0161lienky na ve\u010dn\u00fd \u017eivot v Bo\u017eom kr\u00e1\u013eovstve pr\u00e1ve teraz, ke\u010f n\u00e1s \u0165a\u017e\u00ed boles\u0165 a sm\u00fatok.<\/p>\n<p>A takto sa st\u00e1va de\u0148 pohrebu aj d\u0148om v\u010faky.<br \/>\nVy, deti Astrid, ste povedali, \u017ee ste s mamou pre\u017eili bezpe\u010dn\u00e9 detstvo. To znamen\u00e1, \u017ee m\u00e1te ve\u013emi ve\u013ea kr\u00e1snych spomienok, ktor\u00e9 s\u00fa va\u0161\u00edm bohatstvom, a ktor\u00e9 v\u00e1m aj na\u010falej bud\u00fa d\u00e1va\u0165 v \u017eivote pocit bezpe\u010dia. Je toho ve\u013ea, za \u010do m\u00f4\u017eete by\u0165 v\u010fa\u010dn\u00ed.<br \/>\nTieto spomienky si dobre uchovajte a pode\u013ete sa o ne aj s t\u00fdmi, ktor\u00ed pr\u00eddu po v\u00e1s. Tak aby pamiatka na Astrid \u017eila aj \u010falej.<\/p>\n<p>Chcem v\u00e1m tie\u017e pripomen\u00fa\u0165, \u017ee aj ke\u010f strat\u00edme na\u0161ich drah\u00fdch rodi\u010dov tu na zemi, st\u00e1le m\u00e1me Otca v nebi, ktor\u00fd n\u00e1s miluje a star\u00e1 sa o n\u00e1s.<br \/>\nJe\u017ei\u0161 povedal: Nezanech\u00e1m v\u00e1s ako siroty, ale budem s vami po v\u0161etky dni.<br \/>\nPreto vieme, \u017ee existuje Niekto, kto rozumie na\u0161ej bolesti a strate a s k\u00fdm m\u00f4\u017eeme o v\u0161etkom hovori\u0165.<br \/>\nNezab\u00fadajme, \u017ee \u010di \u017eijeme, alebo umierame, v\u017edy sme Bo\u017eie milovan\u00e9 deti, o ktor\u00e9 sa On v\u017edy star\u00e1 a pam\u00e4t\u00e1 na ne.<br \/>\nA taktie\u017e d\u00fafame, \u017ee sa v Jeho dobrom kr\u00e1\u013eovstve raz znova stretneme!<br \/>\nV\u0161etci, ktor\u00ed sme sa navz\u00e1jom milovali u\u017e tu na zemi. <\/p>\n<p><b>Hospodin je m\u00f4j pastier, nebudem ma\u0165 nedostatku.<br \/>\nNa pastv\u00e1ch zelen\u00fdch ma pasie a k vod\u00e1m osvie\u017euj\u00facim ma priv\u00e1dza.<br \/>\nDu\u0161u mi ob\u010derstvuje, po spravodliv\u00fdch cest\u00e1ch vod\u00ed ma pre svoje meno.<br \/>\nKeby som kr\u00e1\u010dal hoci temn\u00fdm \u00fadol\u00edm, neboj\u00edm sa zl\u00e9ho, lebo Ty si so mnou; Tvoj pr\u00fat a Tvoja palica ma pote\u0161uj\u00fa.<br \/>\nSt\u00f4l mi prestiera\u0161 pred mojimi protivn\u00edkmi, hlavu mi pomaz\u00e1va\u0161 olejom, je preplnen\u00fd kalich m\u00f4j.<br \/>\nLen dobrota a milos\u0165 bude ma sprev\u00e1dza\u0165 po v\u0161etky dni m\u00f4jho \u017eivota a b\u00fdva\u0165 budem v dome Hospodinovom dlh\u00e9 \u010dasy.<br \/>\n\u017dalm 23<\/b><\/p>\n","protected":false},"excerpt":{"rendered":"<p>Pam\u00e4t\u00e1te sa e\u0161te na Kristin Vindsetmo z N\u00f3rska? V novembri vyjde na Slovensku jej kniha. Bude to zvl\u00e1\u0161tna kniha obsahuj\u00faca jej pohrebn\u00e9 k\u00e1zne \u010di pr\u00edhovory. Kristin m\u00e1 dar stru\u010dne, ale ve\u013emi jasne sa vyjadrova\u0165 a citlivo zasiahnu\u0165 \u013eudsk\u00fa du\u0161u aj v \u010dase z\u00e1rmutku a bolesti a povzbudi\u0165 aj pote\u0161i\u0165. Ve\u010f pos\u00fa\u010fte sami. Pon\u00fakame v\u00e1m uk\u00e1\u017eku [&hellip;]<\/p>\n","protected":false},"author":2,"featured_media":0,"comment_status":"closed","ping_status":"open","sticky":false,"template":"","format":"standard","meta":[],"categories":[12],"tags":[],"_links":{"self":[{"href":"https:\/\/btm.sk\/WP\/wp-json\/wp\/v2\/posts\/1962"}],"collection":[{"href":"https:\/\/btm.sk\/WP\/wp-json\/wp\/v2\/posts"}],"about":[{"href":"https:\/\/btm.sk\/WP\/wp-json\/wp\/v2\/types\/post"}],"author":[{"embeddable":true,"href":"https:\/\/btm.sk\/WP\/wp-json\/wp\/v2\/users\/2"}],"replies":[{"embeddable":true,"href":"https:\/\/btm.sk\/WP\/wp-json\/wp\/v2\/comments?post=1962"}],"version-history":[{"count":1,"href":"https:\/\/btm.sk\/WP\/wp-json\/wp\/v2\/posts\/1962\/revisions"}],"predecessor-version":[{"id":2005,"href":"https:\/\/btm.sk\/WP\/wp-json\/wp\/v2\/posts\/1962\/revisions\/2005"}],"wp:attachment":[{"href":"https:\/\/btm.sk\/WP\/wp-json\/wp\/v2\/media?parent=1962"}],"wp:term":[{"taxonomy":"category","embeddable":true,"href":"https:\/\/btm.sk\/WP\/wp-json\/wp\/v2\/categories?post=1962"},{"taxonomy":"post_tag","embeddable":true,"href":"https:\/\/btm.sk\/WP\/wp-json\/wp\/v2\/tags?post=1962"}],"curies":[{"name":"wp","href":"https:\/\/api.w.org\/{rel}","templated":true}]}}