{"id":1961,"date":"2017-10-02T12:23:39","date_gmt":"2017-10-02T10:23:39","guid":{"rendered":"http:\/\/btm.sk\/WP\/2017\/10\/02\/jesen-zivota-2\/"},"modified":"2018-05-17T21:43:44","modified_gmt":"2018-05-17T19:43:44","slug":"jesen-zivota-2","status":"publish","type":"post","link":"https:\/\/btm.sk\/WP\/2017\/10\/02\/jesen-zivota-2\/","title":{"rendered":"JESE\u0147 \u017dIVOTA"},"content":{"rendered":"<p><span class=\"text\">Starne\u0161&#8230; U\u017e si vkro\u010dil do jesene svojho \u017eivota&#8230; Uvedomuje\u0161 si to? V tomto obdob\u00ed m\u00e1 \u010das svoj zvl\u00e1\u0161tny beh, na ktor\u00fd nemus\u00ed\u0161 by\u0165 pripraven\u00fd.<\/span><br \/>\n<!--more--><br \/>\nZd\u00e1 sa, akoby to bolo v\u010dera, ke\u010f si bol mlad\u00fd, \u010derstvo \u017eenat\u00fd a zakotven\u00fd v novom \u017eivote s svojou partnerkou. Zdalo sa, \u017ee m\u00e1\u0161 pred sebou kopu \u010dasu&#8230; A teraz sa p\u00fdtam: KAM SA PODELI TIE ROKY?<br \/>\nViem, \u017ee som ich pre\u017eil v\u0161etky &#8211; jeden za druh\u00fdm. M\u00e1m ulo\u017een\u00e9 v spomienkach, snoch a sk\u00fasenostiach, ak\u00e9 to vtedy bolo&#8230;<br \/>\nNo teraz sa u\u017e nach\u00e1dzam kdesi inde, v inom \u010dase a obdob\u00ed, ktor\u00e9 ma chytilo do svojej pasce, dr\u017e\u00ed a nepust\u00ed ma a vedie ma od prekvapenia k prekvapeniu&#8230;<br \/>\n<b>Ako to, \u017ee to pri\u0161lo tak r\u00fdchlo? Kam sa vytratili tie roky? Kam odi\u0161la moja mlados\u0165? A kam moje najlep\u0161ie roky \u017eivota?<\/b><br \/>\nSpom\u00ednam si, \u017ee ke\u010f som kedysi stret\u00e1val star\u00fdch \u013eud\u00ed, pripadali mi ako keby boli z in\u00e9-ho sveta &#8211; zo sveta, ktor\u00fd je pre m\u0148a e\u0161te tak\u00fd vzdialen\u00fd, \u017ee som v\u00f4bec nedok\u00e1zal ani len pomyslie\u0165 na to, \u017ee aj ja raz budem tak\u00fd star\u00fd&#8230;<br \/>\nA U\u017d JE TO TU! Z mojich spolu\u017eiakov a priate\u013eov s\u00fa penzisti &#8211; zo\u0161ediveli, scvrk\u00e1vaj\u00fa sa, pomal\u0161ie sa pohybuj\u00fa &#8211; a ja ich vn\u00edmam ako star\u00e9 osoby. Niektor\u00ed s\u00fa s\u00edce e\u0161te vo forme, in\u00ed s\u00fa na tom hor\u0161ie, na v\u0161etk\u00fdch v\u0161ak vid\u00edm ve\u013ek\u00fa zmenu&#8230; U\u017e nie s\u00fa tak\u00ed, ako si ich pam\u00e4t\u00e1m &#8211; mlad\u00ed, rezk\u00ed, bystr\u00ed a pln\u00ed energie&#8230; Vek sa na nich za\u010d\u00edna prejavova\u0165&#8230; <b>Vari takto vyzer\u00e1m aj ja?<\/b> Vn\u00edma ma u\u017e takto moje okolie?<br \/>\nV\u0161etci sa za\u010d\u00edname podoba\u0165 t\u00fdm star\u00fdm \u013eu\u010fom z mojej mladosti. A ja nem\u00f4\u017eem uveri\u0165, \u017ee to pri\u0161lo tak r\u00fdchlo!<br \/>\n<b>V\u0161etko sa men\u00ed!<\/b> Men\u00ed sa n\u00e1\u0161 \u017eivot, menia sa ka\u017edodenn\u00e9 ritu\u00e1ly, priority. Odrazu zis\u0165ujem, \u017ee aj oby\u010dajn\u00e9 sprchovanie sa m\u00f4\u017ee sta\u0165 najv\u00e4\u010d\u0161ou udalos\u0165ou d\u0148a! A mal\u00e1 siesta u\u017e nie je pr\u00edjemn\u00fdm spestren\u00edm, ale nevyhnutnos\u0165ou! Nezasp\u00edm preto, \u017ee chcem, ale zasp\u00edm len preto, \u017ee som si sadol&#8230; Ka\u017ed\u00fd de\u0148 prib\u00fadaj\u00fa podobn\u00e9 prekvapenia! A ja som vst\u00fapil do tejto etapy \u017eivota nepripraven\u00fd &#8211; nielen na spomalenie \u017eivotn\u00e9ho rytmu, ale aj na v\u0161etky tie bolesti a choroby. Ubudla mi energia a teraz vid\u00edm, \u017ee <b>u\u017e nikdy neuskuto\u010dn\u00edm to, po \u010dom som v\u017edy t\u00fa\u017eil a \u010do som chcel urobi\u0165 a na \u010do som nikdy nemal \u010das\u2026<\/b><br \/>\n\u00c1no, m\u00e1m v\u00fd\u010ditky&#8230; S\u00fa veci, ktor\u00e9 som neurobil, hoci som ich chcel alebo mo\u017eno aj mal urobi\u0165. Ale, na druhej strane, je zase v mojom \u017eivote plno vec\u00ed, ktor\u00e9 som urobil alebo sa pok\u00fa\u0161al urobi\u0165 a <b>s ktor\u00fdmi som spokojn\u00fd!<\/b><\/p>\n<p><b>A jedno viem naisto: hoci nadi\u0161la moja jese\u0148 a ja neviem, ako dlho bude trva\u0165, jedno viem ur\u010dite: k\u00fdm budem tu na tejto zemi, budem pre\u017e\u00edva\u0165 in\u00e9 dobrodru\u017estvo, e\u0161te kraj\u0161ie ako doteraz, a toto dobrodru\u017estvo sa pr\u00e1ve za\u010d\u00edna. To mi hovor\u00ed moja viera, ktor\u00e1 ma nap\u013a\u0148a n\u00e1dejou a harm\u00f3niou napriek v\u0161etk\u00fdm probl\u00e9mom a starostiam.<\/b><\/p>\n<p>A ak e\u0161te nie si v tejto etape \u017eivota, dovo\u013e, nech ti pripomeniem, \u017ee pr\u00edde sk\u00f4r, ako sa nazd\u00e1\u0161! A preto, ak m\u00f4\u017ee\u0161 vo svojom \u017eivote e\u0161te nie\u010do vykona\u0165, urob to \u010do najsk\u00f4r. Pus\u0165 sa do toho, urob to hne\u010f, neodkladaj to na nesk\u00f4r!<br \/>\n\u017divot be\u017e\u00ed ve\u013emi r\u00fdchlo&#8230;<br \/>\nV\u0161etko, \u010do m\u00f4\u017ee\u0161. urob e\u0161te dnes! \u017di dnes a pre dne\u0161ok! Ktovie, \u010di bud\u00fa e\u0161te nejak\u00e9 zast\u00e1vky&#8230; T\u00fdm, ktor\u00fdch miluje\u0161, v\u0161etk\u00fdm svojim bl\u00edzkym, povedz, \u017ee si ich v\u00e1\u017ei\u0161, \u017ee ich m\u00e1\u0161 r\u00e1d a pom\u00e1haj im zo v\u0161etk\u00fdch s\u00edl. Bud\u00fa si \u0165a pam\u00e4ta\u0165 a v\u00e1\u017ei\u0165 za v\u0161etko, \u010do pre nich urob\u00ed\u0161.<br \/>\n\u017dIVOT JE DAR, KTOR\u00dd TI BOL DAROVAN\u00dd.<br \/>\nA to, ako ho pre\u017eije\u0161, je tvoja vec.<br \/>\nM\u00f4\u017ee by\u0165 v\u0161ak darom aj pre t\u00fdch, ktor\u00ed pri\u0161li po tebe.<br \/>\n<b>Urob zo svojej \u017eivotnej cesty nie\u010do jedine\u010dn\u00e9 a n\u00e1dhern\u00e9.<\/b> \u017di dobre svoj \u017eivot! U\u017ei si ka\u017ed\u00fd de\u0148! Urob nie\u010do pekn\u00e9 pre seba aj pre t\u00fdch, ktor\u00ed \u0165a obklopuj\u00fa! A bude\u0161 \u0161\u0165astn\u00fd&#8230;<br \/>\nPam\u00e4taj si, \u017ee zdravie je d\u00f4le\u017eitej\u0161ie ako kus zlata \u010di drahokamy.<br \/>\nA e\u0161te jedna vec: dnes si u\u017e s\u00edce star\u00fd, av\u0161ak ak bude\u0161 chcie\u0165, <b>m\u00f4\u017ee\u0161 by\u0165 mlad\u00fd duchom<\/b>. U\u017e\u00edvaj si svoj \u010das, k\u00fdm trv\u00e1&#8230;<br \/>\nTvoje deti s\u00fa tvoj\u00edm obrazom, ale tvoje vn\u00fa\u010dat\u00e1 s\u00fa perfektn\u00e9!<br \/>\nZab\u00fada\u0161 men\u00e1? Nevad\u00ed, niektor\u00ed \u013eudia zab\u00fadaj\u00fa, \u017ee \u0165a v\u00f4bec poznali&#8230;<br \/>\nVeci, ktor\u00e9 boli kedysi pre teba d\u00f4le\u017eit\u00e9, dnes u\u017e nie s\u00fa d\u00f4le\u017eit\u00e9, av\u0161ak ak \u0165a mrz\u00ed, \u017ee si nie\u010do neurobil, tak u\u017e na to nemysli&#8230;<br \/>\nZasp\u00ed\u0161 cez de\u0148 v kresle? Hovor tomu predsp\u00e1nok!<br \/>\nCh\u00fdbaj\u00fa ti dni, ke\u010f v\u0161etko akoby fungovalo s vyp\u00edna\u010dom zapnut\u00e9\/vypnut\u00e9?<br \/>\nTeraz mus\u00ed\u0161 \u010dastej\u0161ie pou\u017e\u00edva\u0165 slovk\u00e1 \u201ekde\u201c a \u201e\u010do\u201c&#8230; No a \u010do?<br \/>\nTo, \u010do boli kedysi pehy, s\u00fa teraz pe\u010de\u0148ov\u00e9 \u0161kvrny&#8230;<br \/>\nV u\u0161iach ti \u0161um\u00ed\u2026<br \/>\nV skrini m\u00e1\u0161 tri poli\u010dky oble\u010denia, z ktor\u00fdch si u\u017e ur\u010dite nikdy ni\u010d neoble\u010die\u0161&#8230;<br \/>\nStaroba je v\u0161ak aj napriek tomu pekn\u00e1: Pozn\u00e1\u0161 star\u00e9 piesne, star\u00e9 filmy&#8230; a to najlep\u0161ie zo v\u0161etk\u00e9ho &#8211; M\u00c1\u0160 STAR\u00ddCH PRIATE\u013dOV!<br \/>\nAh! E\u0161te nie\u010do!<br \/>\n<b>Nezabudni sa radova\u0165 a smia\u0165<\/b> &#8211; a tro\u0161ku aj blbn\u00fa\u0165 &#8211; tak, ako ja&#8230;<br \/>\nO TVOJOM \u017dIVOTE NEHOVOR\u00cd TO, \u010cO SI NAHROMADIL, ALE TO, \u010cO SI ROZDAL!<\/p>\n<p><b>Pane, urob ma n\u00e1strojom tvojho pokoja. Tam, kde je nen\u00e1vis\u0165, daj nech prin\u00e1\u0161am l\u00e1sku; tam, kde je ur\u00e1\u017eka, nech prin\u00e1\u0161am odpustenie; tam, kde je pochybnos\u0165, vieru; tam, kde je z\u00fafalstvo, n\u00e1dej; tam, kde je tma, svetlo; tam, kde je sm\u00fatok, rados\u0165. \u00d3, Bo\u017esk\u00fd u\u010dite\u013e daj, nech sa nesna\u017e\u00edm by\u0165 povzbudzovan\u00fd, ale rad\u0161ej nech povzbudzujem; by\u0165 pochopen\u00fd, ale rad\u0161ej nech pochop\u00edm; by\u0165 milovan\u00fd, ale rad\u0161ej nech milujem. Preto\u017ee v d\u00e1van\u00ed prij\u00edmame; v odpusten\u00ed dost\u00e1vame odpustenie; v smrti sa rod\u00edme do ve\u010dn\u00e9ho \u017eivota. sv. Franti\u0161ek z Assisi<\/b><\/p>\n","protected":false},"excerpt":{"rendered":"<p>Starne\u0161&#8230; U\u017e si vkro\u010dil do jesene svojho \u017eivota&#8230; Uvedomuje\u0161 si to? V tomto obdob\u00ed m\u00e1 \u010das svoj zvl\u00e1\u0161tny beh, na ktor\u00fd nemus\u00ed\u0161 by\u0165 pripraven\u00fd.<\/p>\n","protected":false},"author":2,"featured_media":0,"comment_status":"closed","ping_status":"open","sticky":false,"template":"","format":"standard","meta":[],"categories":[11],"tags":[],"_links":{"self":[{"href":"https:\/\/btm.sk\/WP\/wp-json\/wp\/v2\/posts\/1961"}],"collection":[{"href":"https:\/\/btm.sk\/WP\/wp-json\/wp\/v2\/posts"}],"about":[{"href":"https:\/\/btm.sk\/WP\/wp-json\/wp\/v2\/types\/post"}],"author":[{"embeddable":true,"href":"https:\/\/btm.sk\/WP\/wp-json\/wp\/v2\/users\/2"}],"replies":[{"embeddable":true,"href":"https:\/\/btm.sk\/WP\/wp-json\/wp\/v2\/comments?post=1961"}],"version-history":[{"count":1,"href":"https:\/\/btm.sk\/WP\/wp-json\/wp\/v2\/posts\/1961\/revisions"}],"predecessor-version":[{"id":2006,"href":"https:\/\/btm.sk\/WP\/wp-json\/wp\/v2\/posts\/1961\/revisions\/2006"}],"wp:attachment":[{"href":"https:\/\/btm.sk\/WP\/wp-json\/wp\/v2\/media?parent=1961"}],"wp:term":[{"taxonomy":"category","embeddable":true,"href":"https:\/\/btm.sk\/WP\/wp-json\/wp\/v2\/categories?post=1961"},{"taxonomy":"post_tag","embeddable":true,"href":"https:\/\/btm.sk\/WP\/wp-json\/wp\/v2\/tags?post=1961"}],"curies":[{"name":"wp","href":"https:\/\/api.w.org\/{rel}","templated":true}]}}