{"id":1955,"date":"2017-08-24T22:14:02","date_gmt":"2017-08-24T20:14:02","guid":{"rendered":"http:\/\/btm.sk\/WP\/2017\/08\/24\/krasne-chvile\/"},"modified":"2018-05-17T21:45:11","modified_gmt":"2018-05-17T19:45:11","slug":"krasne-chvile","status":"publish","type":"post","link":"https:\/\/btm.sk\/WP\/2017\/08\/24\/krasne-chvile\/","title":{"rendered":"KR\u00c1SNE CHV\u00cdLE"},"content":{"rendered":"<p><span class=\"text\">&#8222;Chodi\u0165 po hor\u00e1ch je relax,&#8220; hovorievame. Zanecha\u0165 za sebou hluk ve\u013ekomiest, zl\u00fd vzduch, starosti&#8230;<\/span><br \/>\n<!--more--><br \/>\nVy\u0161plha\u0165 sa po k\u013eukat\u00fdch cesti\u010dk\u00e1ch a\u017e na vrchol hory a tam v tichu odpo\u010d\u00edva\u0165, pozera\u0165 sa na plyn\u00face oblaky, zapadaj\u00face slnko, alebo si len tak \u013eahn\u00fa\u0165 do m\u00e4kkej tr\u00e1vy a pozorova\u0165 stromy vo vetre&#8230; Mo\u017eno si v tak\u00fdch chv\u00ed\u013each povieme, \u017ee sa n\u00e1m ani nechce vr\u00e1ti\u0165 sp\u00e4\u0165 do reality. A potom si uvedom\u00edme, \u017ee to vlastne nejde, a tak si na pamiatku urob\u00edme aspo\u0148 p\u00e1r fotiek&#8230;<\/p>\n<p>Pri tak\u00fdchto z\u00e1\u017eitkoch, ke\u010f je n\u00e1m tak ve\u013emi dobre, \u017ee si prajeme, aby sa tieto chv\u00edle nikdy neskon\u010dili, je dobr\u00e9 si pripomen\u00fa\u0165, KTO stoj\u00ed za v\u0161etkou tou kr\u00e1sou, KTO je t\u00fdm darcom ticha a KTO je darcom \u010dasu, ktor\u00fd m\u00f4\u017eeme takto str\u00e1vi\u0165. \u017de je to DARCA s ve\u013ek\u00fdm &#8222;D&#8220;. U\u010den\u00edkom, ktor\u00ed pre\u017eili s Je\u017ei\u0161om siln\u00fd z\u00e1\u017eitok na hore, to pripomenul s\u00e1m Boh a dal im tak aj smer ich \u010fal\u0161ej cesty: &#8222;Toto je m\u00f4j milovan\u00fd Syn, toho posl\u00fachajte!&#8220;<\/p>\n<p>Z\u00e1\u017eitky z &#8222;preb\u00fdvania na hore&#8220;, ke\u010f celkom hmatate\u013ene poci\u0165ujeme Bo\u017eiu bl\u00edzkos\u0165, s\u00fa pre n\u00e1\u0161 \u017eivot nevyhnutn\u00e9. Nad\u00fdchame sa \u010derstv\u00e9ho vzduchu, a potom m\u00f4\u017eeme posilnen\u00ed zost\u00fapi\u0165 &#8222;dolu&#8220; do n\u00e1\u0161ho ka\u017edodenn\u00e9ho \u017eivota a aspo\u0148 trochu meni\u0165 svet okolo n\u00e1s.<\/p>\n<p>N\u00e1\u0161 dobr\u00fd Boh vie o ka\u017edom z n\u00e1s. Dopraje n\u00e1m pre\u017e\u00edva\u0165 kr\u00e1sne a siln\u00e9 chv\u00edle, na ktor\u00e9 sa nezab\u00fada, a je s nami aj vtedy, ke\u010f fotky z n\u00e1\u0161ho &#8222;preb\u00fdvania na hore&#8220; vybledn\u00fa. Lebo On je vern\u00fd a m\u00e1 n\u00e1s r\u00e1d.<\/p>\n<p><i>O \u0161es\u0165 dn\u00ed vzal Je\u017ei\u0161 so sebou Petra, Jakuba a jeho brata J\u00e1na a vyviedol ich na vysok\u00fd vrch do samoty&#8230; Peter prehovoril k Je\u017ei\u0161ovi: Pane, dobre je n\u00e1m tu&#8230; ajh\u013ea, jasn\u00fd oblak ich zastrel a z oblaku ozval sa hlas: Toto je m\u00f4j milovan\u00fd Syn, v ktorom sa mi za\u013e\u00fabilo; Jeho posl\u00fachajte. (Mat\u00fa\u0161 17,1-5)<\/i><\/p>\n","protected":false},"excerpt":{"rendered":"<p>&#8222;Chodi\u0165 po hor\u00e1ch je relax,&#8220; hovorievame. Zanecha\u0165 za sebou hluk ve\u013ekomiest, zl\u00fd vzduch, starosti&#8230;<\/p>\n","protected":false},"author":2,"featured_media":0,"comment_status":"closed","ping_status":"open","sticky":false,"template":"","format":"standard","meta":[],"categories":[4],"tags":[],"_links":{"self":[{"href":"https:\/\/btm.sk\/WP\/wp-json\/wp\/v2\/posts\/1955"}],"collection":[{"href":"https:\/\/btm.sk\/WP\/wp-json\/wp\/v2\/posts"}],"about":[{"href":"https:\/\/btm.sk\/WP\/wp-json\/wp\/v2\/types\/post"}],"author":[{"embeddable":true,"href":"https:\/\/btm.sk\/WP\/wp-json\/wp\/v2\/users\/2"}],"replies":[{"embeddable":true,"href":"https:\/\/btm.sk\/WP\/wp-json\/wp\/v2\/comments?post=1955"}],"version-history":[{"count":1,"href":"https:\/\/btm.sk\/WP\/wp-json\/wp\/v2\/posts\/1955\/revisions"}],"predecessor-version":[{"id":2012,"href":"https:\/\/btm.sk\/WP\/wp-json\/wp\/v2\/posts\/1955\/revisions\/2012"}],"wp:attachment":[{"href":"https:\/\/btm.sk\/WP\/wp-json\/wp\/v2\/media?parent=1955"}],"wp:term":[{"taxonomy":"category","embeddable":true,"href":"https:\/\/btm.sk\/WP\/wp-json\/wp\/v2\/categories?post=1955"},{"taxonomy":"post_tag","embeddable":true,"href":"https:\/\/btm.sk\/WP\/wp-json\/wp\/v2\/tags?post=1955"}],"curies":[{"name":"wp","href":"https:\/\/api.w.org\/{rel}","templated":true}]}}