{"id":1954,"date":"2017-05-27T22:51:41","date_gmt":"2017-05-27T20:51:41","guid":{"rendered":"http:\/\/btm.sk\/WP\/2017\/05\/27\/den-otcov\/"},"modified":"2018-05-17T21:45:24","modified_gmt":"2018-05-17T19:45:24","slug":"den-otcov","status":"publish","type":"post","link":"https:\/\/btm.sk\/WP\/2017\/05\/27\/den-otcov\/","title":{"rendered":"DE\u0147 OTCOV"},"content":{"rendered":"<p><span class=\"text\">V\u017edy v tretiu j\u00fanov\u00fa nede\u013eu si pripom\u00edname sviatok De\u0148 otcov. Aj t\u00ed na\u0161i si ur\u010dite zasl\u00fa\u017eia na\u0161u pozornos\u0165, po\u010fakovanie za starostlivos\u0165, zodpovednos\u0165 a l\u00e1sku.<\/span><br \/>\n<!--more--><br \/>\n<i>Otec, Ty si \u010dlovek, ktor\u00fd ma zasv\u00e4coval do tajomstiev pr\u00edrody po\u010das na\u0161ich prech\u00e1dzok poliami i lesom, ke\u010f si ma s takou \u013eahkos\u0165ou nosil na pleciach. Ty si \u010dlovek, ktor\u00fd mi uk\u00e1zal kr\u00e1su \u0161portu. Bol si moj\u00edm jedin\u00fdm vytrval\u00fdm fan\u00fa\u0161ikom, aj ke\u010f v\u0161etci ostatn\u00ed o mne pochybovali a neverili mi. Bol si mi u\u010dite\u013eom, priate\u013eom, vzorom. No ja som nebol v\u017edy tak\u00fd, ak\u00fdm si ma chcel ma\u0165. \u010casto si bol moj\u00edm z\u00e1chrancom i ochrancom. A ja ani neviem, \u010di som ti dostato\u010dne za v\u0161etko v\u017edy po\u010fakoval&#8230; A \u010di to bolo vtedy \u00faprimn\u00e9&#8230;<br \/>\nTeraz t\u00fa mo\u017enos\u0165 m\u00e1m, a tak ti vrav\u00edm \u00faprimne \u010eAKUJEM! \u010eakujem ti za v\u0161etko, \u010do si pre m\u0148a urobil, \u010di obetoval. A hlavne za modlitby, ktor\u00fdmi si ma v\u017edy sprev\u00e1dzal.<br \/>\nDnes tu stoj\u00edm pln\u00fd o\u010dak\u00e1vania, \u010do mi prinesie bud\u00facnos\u0165. Som form\u00e1lne dospel\u00fd, no d\u00fafam a aj viem, \u017ee s tebou m\u00f4\u017eem r\u00e1ta\u0165 aj na\u010falej. Som nesmierne v\u010fa\u010dn\u00fd Bohu za to, \u017ee \u0165a m\u00e1m a \u017ee si pr\u00e1ve tak\u00fd, ak\u00fd si!<\/i><\/p>\n","protected":false},"excerpt":{"rendered":"<p>V\u017edy v tretiu j\u00fanov\u00fa nede\u013eu si pripom\u00edname sviatok De\u0148 otcov. Aj t\u00ed na\u0161i si ur\u010dite zasl\u00fa\u017eia na\u0161u pozornos\u0165, po\u010fakovanie za starostlivos\u0165, zodpovednos\u0165 a l\u00e1sku.<\/p>\n","protected":false},"author":2,"featured_media":0,"comment_status":"closed","ping_status":"open","sticky":false,"template":"","format":"standard","meta":[],"categories":[11],"tags":[],"_links":{"self":[{"href":"https:\/\/btm.sk\/WP\/wp-json\/wp\/v2\/posts\/1954"}],"collection":[{"href":"https:\/\/btm.sk\/WP\/wp-json\/wp\/v2\/posts"}],"about":[{"href":"https:\/\/btm.sk\/WP\/wp-json\/wp\/v2\/types\/post"}],"author":[{"embeddable":true,"href":"https:\/\/btm.sk\/WP\/wp-json\/wp\/v2\/users\/2"}],"replies":[{"embeddable":true,"href":"https:\/\/btm.sk\/WP\/wp-json\/wp\/v2\/comments?post=1954"}],"version-history":[{"count":1,"href":"https:\/\/btm.sk\/WP\/wp-json\/wp\/v2\/posts\/1954\/revisions"}],"predecessor-version":[{"id":2013,"href":"https:\/\/btm.sk\/WP\/wp-json\/wp\/v2\/posts\/1954\/revisions\/2013"}],"wp:attachment":[{"href":"https:\/\/btm.sk\/WP\/wp-json\/wp\/v2\/media?parent=1954"}],"wp:term":[{"taxonomy":"category","embeddable":true,"href":"https:\/\/btm.sk\/WP\/wp-json\/wp\/v2\/categories?post=1954"},{"taxonomy":"post_tag","embeddable":true,"href":"https:\/\/btm.sk\/WP\/wp-json\/wp\/v2\/tags?post=1954"}],"curies":[{"name":"wp","href":"https:\/\/api.w.org\/{rel}","templated":true}]}}