{"id":1951,"date":"2017-04-18T14:15:05","date_gmt":"2017-04-18T12:15:05","guid":{"rendered":"http:\/\/btm.sk\/WP\/2017\/04\/18\/moc-v-slabosti\/"},"modified":"2018-05-17T21:46:14","modified_gmt":"2018-05-17T19:46:14","slug":"moc-v-slabosti","status":"publish","type":"post","link":"https:\/\/btm.sk\/WP\/2017\/04\/18\/moc-v-slabosti\/","title":{"rendered":"MOC V SLABOSTI"},"content":{"rendered":"<p><span class=\"text\">Mocn\u00fd a siln\u00fd Boh \u2013 Stvorite\u013e cel\u00e9ho vesm\u00edru \u2013 nepotreboval pre svoju misiu medzi \u013eu\u010fmi \u013eudsk\u00fa silu, svaly, chytr\u00e1ctvo ani pre\u0161ibanos\u0165. Za svojich spolupracovn\u00edkov a pokra\u010dovate\u013eov \u2013 apo\u0161tolov si Je\u017ei\u0161 nevyvolil gladi\u00e1torov ani filozofov. Povolal Nuly zo Zapad\u00e1kova (samozrejme, len pod\u013ea \u013eudsk\u00fdch meradiel, preto\u017ee pre Boha nie je nikto Nula)&#8230;<\/span><br \/>\n<!--more--><br \/>\nPre svoje p\u00f4sobenie nepotreboval rezidencie, slu\u017eobn\u00edctvo, drah\u00e9 oble\u010denie \u010di jemn\u00e9 sp\u00f4soby. Nie! Ve\u010f On s\u00e1m, P\u00e1n vesm\u00edru, sa narodil v chlieve. A chodil pe\u0161o. \u010casto nemal ani kde zlo\u017ei\u0165 hlavu. A jeho triumf\u00e1lny vjazd do Jeruzalema \u2013 to nebol vjazd na r\u00edmskom obrnenom voze, ale na osliatku! Neprich\u00e1dzal s mocou zbran\u00ed, ale s bezmocnos\u0165ou svojej l\u00e1sky.<br \/>\nNenav\u0161tevoval elitu a smot\u00e1nku spolo\u010dnosti, p\u00f4sobil hlavne medzi oby\u010dajn\u00fdmi \u013eu\u010fmi. Nerobil rozdiely. Nepotreboval ma\u0165 &#8222;kontakty\u201c, vplyv a silu mocn\u00fdch. Ich \u013eudsk\u00e1 moc toti\u017e bola \u00faplne smie\u0161na v porovnan\u00ed s Jeho bo\u017eskou mocou.<br \/>\nJe\u017ei\u0161 nebol malichern\u00fd perfekcionista. P\u00f4sobil v \u013eudskej slabosti a bezbrannosti. Bol v\u0161ak vybaven\u00fd Duchom Bo\u017e\u00edm a vedom\u00edm Bo\u017eej l\u00e1sky. A t\u00fa aj v\u0161etk\u00fdm zvestoval. Jeho hlavnou dobrou spr\u00e1vou bolo to, \u017ee Boh sa vo svojej l\u00e1ske uch\u00e1dza o ka\u017ed\u00e9ho \u010dloveka, nepozer\u00e1 sa na jeho zov\u0148aj\u0161ok, ale do srdca. A toto odk\u00e1zal svojim nasledovn\u00edkom. Len preto sa mohla dobr\u00e1 zves\u0165 roz\u0161\u00edri\u0165 do v\u0161etk\u00fdch kon\u010d\u00edn Modrej plan\u00e9ty.<br \/>\nJe\u017ei\u0161 teda do sveta nevyslal \u017eiadnych ostr\u00fdch chlapcov. Je to dobr\u00e1 spr\u00e1va pre ka\u017ed\u00e9ho z n\u00e1s dnes a tu. S ka\u017ed\u00fdm z n\u00e1s toti\u017e Boh po\u010d\u00edta. Ka\u017ed\u00fd z n\u00e1s m\u00f4\u017ee vo svojom ka\u017edodennom \u017eivote stava\u0165 na Jeho osobnej l\u00e1ske. Ka\u017ed\u00fd z n\u00e1s sa m\u00f4\u017ee necha\u0165 vies\u0165 Duchom Bo\u017e\u00edm. Ka\u017ed\u00fd z n\u00e1s m\u00f4\u017ee ka\u017ed\u00fd de\u0148 prispie\u0165 &#8222;svojou tro\u0161kou do mlyna\u201c. V\u0161etko sa po\u010d\u00edta. A nikto z n\u00e1s sa nemus\u00ed spolieha\u0165 len na seba a svoje \u201esily\u201c.<\/p>\n<p><b>Boh nepotrebuje (len) siln\u00fdch \u013eud\u00ed. Nie! On potrebuje aj m\u0148a!<\/b><\/p>\n<p><i>Ve\u010f Bo\u017eie bl\u00e1znovstvo je m\u00fadrej\u0161ie ako \u013eudia a Bo\u017eia slabos\u0165 silnej\u0161ia ako \u013eudia. Pozrite len svoje povolanie, bratia! Nie mnoh\u00ed ste m\u00fadri pod\u013ea tela, nie mnoh\u00ed mocn\u00ed, nie mnoh\u00ed urodzen\u00ed, ale \u010do je svetu bl\u00e1zniv\u00e9, vyvolil si Boh, aby m\u00fadrych zahanbil; \u010do je svetu slab\u00e9, vyvolil si Boh, aby mocn\u00fdch zahanbil; \u010do je svetu neurodzen\u00e9 a opovrhnut\u00e9, vyvolil si Boh&#8230; aby sa nikto nechv\u00e1lil pred Bohom. Z Neho aj vy ste v Kristovi Je\u017ei\u0161ovi, ktor\u00e9ho n\u00e1m Boh u\u010dinil m\u00fadros\u0165ou a spravodlivos\u0165ou a posv\u00e4ten\u00edm a vyk\u00fapen\u00edm, aby (platilo), \u010do je nap\u00edsan\u00e9: Kto sa chv\u00e1li, nech sa chv\u00e1li v P\u00e1novi. (1. Korintsk\u00fdm 1,25-31)<\/p>\n<p>Najrad\u0161ej sa teda budem chv\u00e1li\u0165 slabos\u0165ami, aby preb\u00fdvala vo mne moc Kristova. Preto m\u00e1m za\u013e\u00fabenie v slabostiach, pohaneniach, s\u00fa\u017eeniach, prenasledovaniach, v \u00fazkostiach pre Krista; lebo pr\u00e1ve ke\u010f som slab\u00fd, som mocn\u00fd. (2. list Korintsk\u00fdm 12,9-10)<\/p>\n<p>Tento poklad m\u00e1me, pravda, v hlinen\u00fdch n\u00e1dob\u00e1ch, aby sa uk\u00e1zalo, \u017ee t\u00e1 prenesmierna moc je z Boha, a nie z n\u00e1s. (2. Korintsk\u00fdm 4,7) <\/p>\n<p>P\u00e1n mi povedal: &#8230;moja moc sa v slabosti dokon\u00e1va. (2. Korintsk\u00fdm 12,9)<\/i><\/p>\n","protected":false},"excerpt":{"rendered":"<p>Mocn\u00fd a siln\u00fd Boh \u2013 Stvorite\u013e cel\u00e9ho vesm\u00edru \u2013 nepotreboval pre svoju misiu medzi \u013eu\u010fmi \u013eudsk\u00fa silu, svaly, chytr\u00e1ctvo ani pre\u0161ibanos\u0165. Za svojich spolupracovn\u00edkov a pokra\u010dovate\u013eov \u2013 apo\u0161tolov si Je\u017ei\u0161 nevyvolil gladi\u00e1torov ani filozofov. Povolal Nuly zo Zapad\u00e1kova (samozrejme, len pod\u013ea \u013eudsk\u00fdch meradiel, preto\u017ee pre Boha nie je nikto Nula)&#8230;<\/p>\n","protected":false},"author":2,"featured_media":0,"comment_status":"closed","ping_status":"open","sticky":false,"template":"","format":"standard","meta":[],"categories":[4],"tags":[],"_links":{"self":[{"href":"https:\/\/btm.sk\/WP\/wp-json\/wp\/v2\/posts\/1951"}],"collection":[{"href":"https:\/\/btm.sk\/WP\/wp-json\/wp\/v2\/posts"}],"about":[{"href":"https:\/\/btm.sk\/WP\/wp-json\/wp\/v2\/types\/post"}],"author":[{"embeddable":true,"href":"https:\/\/btm.sk\/WP\/wp-json\/wp\/v2\/users\/2"}],"replies":[{"embeddable":true,"href":"https:\/\/btm.sk\/WP\/wp-json\/wp\/v2\/comments?post=1951"}],"version-history":[{"count":1,"href":"https:\/\/btm.sk\/WP\/wp-json\/wp\/v2\/posts\/1951\/revisions"}],"predecessor-version":[{"id":2016,"href":"https:\/\/btm.sk\/WP\/wp-json\/wp\/v2\/posts\/1951\/revisions\/2016"}],"wp:attachment":[{"href":"https:\/\/btm.sk\/WP\/wp-json\/wp\/v2\/media?parent=1951"}],"wp:term":[{"taxonomy":"category","embeddable":true,"href":"https:\/\/btm.sk\/WP\/wp-json\/wp\/v2\/categories?post=1951"},{"taxonomy":"post_tag","embeddable":true,"href":"https:\/\/btm.sk\/WP\/wp-json\/wp\/v2\/tags?post=1951"}],"curies":[{"name":"wp","href":"https:\/\/api.w.org\/{rel}","templated":true}]}}