{"id":1945,"date":"2017-02-27T17:29:47","date_gmt":"2017-02-27T16:29:47","guid":{"rendered":"http:\/\/btm.sk\/WP\/2017\/02\/27\/pri-hrobe\/"},"modified":"2018-05-17T21:47:55","modified_gmt":"2018-05-17T19:47:55","slug":"pri-hrobe","status":"publish","type":"post","link":"https:\/\/btm.sk\/WP\/2017\/02\/27\/pri-hrobe\/","title":{"rendered":"Pri hrobe&#8230;"},"content":{"rendered":"<p><span class=\"text\">V Biblii sa do\u010d\u00edtame, \u017ee po ve\u013ekono\u010dn\u00fdch udalostiach to boli pr\u00e1ve \u017eeny, ktor\u00e9 sa ako prv\u00e9 stret\u00e1vaj\u00fa so vzkriesen\u00fdm Je\u017ei\u0161om.<\/span><br \/>\n<!--more--><br \/>\n<i>Po sobote, ke\u010f sa brie\u017edilo na prv\u00fd de\u0148 t\u00fd\u017ed\u0148a, pri\u0161la M\u00e1ria Magdal\u00e9na a in\u00e1 M\u00e1ria pozrie\u0165 hrob&#8230; anjel sa prihovoril \u017een\u00e1m: Vy sa nebojte! Viem toti\u017e, \u017ee h\u013ead\u00e1te Je\u017ei\u0161a, ktor\u00fd bol ukri\u017eovan\u00fd. Niet ho tu, lebo bol vzkriesen\u00fd, ako povedal. Po\u010fte, pozrite si miesto, kde le\u017eal&#8230; R\u00fdchlo odi\u0161li od hrobu a so strachom i s ve\u013ekou rados\u0165ou to be\u017eali ozn\u00e1mi\u0165 jeho u\u010den\u00edkom. Vtom sa Je\u017ei\u0161 stretol s nimi a povedal: Bu\u010fte pozdraven\u00e9! Ony prist\u00fapili, objali mu nohy a kla\u0148ali sa mu. Vtedy im Je\u017ei\u0161 povedal: Nebojte sa! Cho\u010fte, ozn\u00e1mte mojim bratom, aby i\u0161li do Galiley. Tam ma uvidia! (Mat\u00fa\u0161 28,1-10)<\/i><\/p>\n<p>Je to ve\u013emi zauj\u00edmav\u00e9 a iste to bola ur\u010dit\u00e1 v\u00fdzva pre &#8222;mu\u017esk\u00fa cirkev&#8220;. U Luk\u00e1\u0161a vid\u00edme skepsu mu\u017eov vo\u010di spr\u00e1vam \u017eien, ktor\u00e9 im pripadali ako bl\u00faznenie, neverili im. Mu\u017ei potrebuj\u00fa v\u0161etko vidie\u0165 a uchopi\u0165. \u017deny maj\u00fa cit, aj pre zrodenie a smr\u0165, preto zostali pri kr\u00ed\u017ei. Mu\u017ei sa rozp\u0155chli&#8230; <\/p>\n<p>\u017deny sa hne\u010f po zotmen\u00ed vydali k hrobu. Chceli by\u0165 bl\u00edzko toho, kto sa dotkol ich srdca, aj po jeho smrti. Mali odvahu vyjs\u0165 proti noci, aby mohli sm\u00fati\u0165. Pr\u00e1ve preto sm\u00fa pre\u017ei\u0165 vzkriesenie a stretn\u00fa\u0165 sa so Vzkriesen\u00fdm Je\u017ei\u0161om. \u017deny v\u00e4\u010d\u0161inou nemaj\u00fa strach z n\u00e1v\u0161tevy umieraj\u00facich \u010di cesty na cintor\u00edn. Pre ne patr\u00ed smr\u0165 k \u017eivotu pr\u00e1ve tak ako narodenie. Mu\u017ei sa, naopak, t\u00e9mam choroba a smr\u0165 rad\u0161ej vyhn\u00fa &#8211; maj\u00fa z nich strach. Nevedia, \u010do umieraj\u00facemu poveda\u0165. Je im \u0165a\u017eko v takej spolo\u010dnosti. \u017deny aj napriek smrti veria \u017eivotu. Ke\u010f stret\u00e1vaj\u00fa Vzkriesen\u00e9ho na ceste do mesta, spont\u00e1nne k nemu prich\u00e1dzaj\u00fa, obj\u00edmaj\u00fa jeho nohy a kla\u0148aj\u00fa sa. Skl\u00e1\u0148aj\u00fa sa pred tajomstvom \u017eivota, preto\u017ee je silnej\u0161\u00ed ako smr\u0165. Neb\u00e1li sa dotkn\u00fa\u0165 hrobu, neboja sa dotkn\u00fa\u0165 Vzkriesen\u00e9ho a v \u0148om \u017eivota, ktor\u00fd zv\u00ed\u0165azil nad smr\u0165ou. U Marka a Luk\u00e1\u0161a prich\u00e1dzaj\u00fa \u017eeny zase na svitan\u00ed. Chceli pomaza\u0165 Je\u017ei\u0161ove telo vonn\u00fdmi olejmi. Chc\u00fa mu preuk\u00e1za\u0165 posledn\u00fa slu\u017ebu l\u00e1sky. Ich l\u00e1ska k Je\u017ei\u0161ovi sa jeho smr\u0165ou nekon\u010d\u00ed &#8211; zah\u0155\u0148a e\u0161te aj Je\u017ei\u0161ovo m\u0155tve telo. L\u00e1ska je silnej\u0161ia ako smr\u0165! Nestretli sa v\u0161ak s Je\u017ei\u0161ovou m\u0155tvolou, ale s Je\u017ei\u0161om vzkriesen\u00fdm! Je\u017ei\u0161 \u017eije! Ich l\u00e1ska ne\u00fasti do pr\u00e1zdna.<\/p>\n<p>Tento pr\u00edbeh je v\u00fdzvou, aby si dnes viac d\u00e1val pozor na to, \u010do ti chc\u00fa poveda\u0165 \u017eeny v tvojom okol\u00ed &#8211; doma, v rodine, v pr\u00e1ci alebo pri osobnom stretnut\u00ed. Lebo \u017eeny maj\u00fa zdrav\u00fd cit pre to, \u010do by v n\u00e1s mohlo prebudi\u0165 \u017eivot. V tich\u00fdch impulzoch n\u00e1\u0161ho srdca pre\u017e\u00edvame svoje vzkriesenia &#8211; tam sa n\u00e1s Je\u017ei\u0161 \u010dasto dot\u00fdka, aby sme mali odvahu vsta\u0165, prich\u00e1dza\u0165 k \u013eu\u010fom, hovori\u0165 to, \u010do m\u00e1me na jazyku, uchopi\u0165 probl\u00e9m, ktor\u00fd n\u00e1s \u0165a\u017e\u00ed&#8230; Preto dnes vedome na\u010d\u00favaj tich\u00fdm hlasom svojho srdca. Ve\u010f \u017eivot v\u00ed\u0165az\u00ed nad smr\u0165ou a l\u00e1ska je silnej\u0161ia ako smr\u0165!<br \/>\n(Anselm Gr\u00fcn)<\/p>\n","protected":false},"excerpt":{"rendered":"<p>V Biblii sa do\u010d\u00edtame, \u017ee po ve\u013ekono\u010dn\u00fdch udalostiach to boli pr\u00e1ve \u017eeny, ktor\u00e9 sa ako prv\u00e9 stret\u00e1vaj\u00fa so vzkriesen\u00fdm Je\u017ei\u0161om.<\/p>\n","protected":false},"author":2,"featured_media":0,"comment_status":"closed","ping_status":"open","sticky":false,"template":"","format":"standard","meta":[],"categories":[9],"tags":[],"_links":{"self":[{"href":"https:\/\/btm.sk\/WP\/wp-json\/wp\/v2\/posts\/1945"}],"collection":[{"href":"https:\/\/btm.sk\/WP\/wp-json\/wp\/v2\/posts"}],"about":[{"href":"https:\/\/btm.sk\/WP\/wp-json\/wp\/v2\/types\/post"}],"author":[{"embeddable":true,"href":"https:\/\/btm.sk\/WP\/wp-json\/wp\/v2\/users\/2"}],"replies":[{"embeddable":true,"href":"https:\/\/btm.sk\/WP\/wp-json\/wp\/v2\/comments?post=1945"}],"version-history":[{"count":1,"href":"https:\/\/btm.sk\/WP\/wp-json\/wp\/v2\/posts\/1945\/revisions"}],"predecessor-version":[{"id":2022,"href":"https:\/\/btm.sk\/WP\/wp-json\/wp\/v2\/posts\/1945\/revisions\/2022"}],"wp:attachment":[{"href":"https:\/\/btm.sk\/WP\/wp-json\/wp\/v2\/media?parent=1945"}],"wp:term":[{"taxonomy":"category","embeddable":true,"href":"https:\/\/btm.sk\/WP\/wp-json\/wp\/v2\/categories?post=1945"},{"taxonomy":"post_tag","embeddable":true,"href":"https:\/\/btm.sk\/WP\/wp-json\/wp\/v2\/tags?post=1945"}],"curies":[{"name":"wp","href":"https:\/\/api.w.org\/{rel}","templated":true}]}}