{"id":1932,"date":"2016-10-03T18:11:39","date_gmt":"2016-10-03T16:11:39","guid":{"rendered":"http:\/\/btm.sk\/WP\/2016\/10\/03\/svet-nie-je-to-co-vidime-okolo-seba-ale-aj-to-co-tvorime-v-sebe\/"},"modified":"2018-05-17T21:52:12","modified_gmt":"2018-05-17T19:52:12","slug":"svet-nie-je-to-co-vidime-okolo-seba-ale-aj-to-co-tvorime-v-sebe","status":"publish","type":"post","link":"https:\/\/btm.sk\/WP\/2016\/10\/03\/svet-nie-je-to-co-vidime-okolo-seba-ale-aj-to-co-tvorime-v-sebe\/","title":{"rendered":"SVET NIE JE TO, \u010cO VID\u00cdME OKOLO SEBA, ALE AJ TO, \u010cO TVOR\u00cdME V SEBE."},"content":{"rendered":"<p><span class=\"text\">Prin\u00e1\u0161ame v\u00e1m n\u00e1\u0161 tradi\u010dn\u00fd obr\u00e1zkov\u00fd\/poh\u013eadnicov\u00fd kalend\u00e1r na r. 2017 <b>Svet nie je len to, \u010do vid\u00edme okolo seba, ale aj to, \u010do tvor\u00edme v sebe<\/b> (Pavel Kosorin) a tituln\u00fd biblick\u00fd ver\u0161 zo \u017ealmu 24,1: Hospodinova je zem, i to \u010do ju nap\u013a\u0148a, svet a t\u00ed, ktor\u00ed v \u0148om b\u00fdvaj\u00fa. Na ka\u017ed\u00fd mesiac nov\u00fd aforizmus P. Kosorina a biblick\u00fd ver\u0161\u00edk. Form\u00e1t A5.<\/p>\n<p><img src=img\/clanky\/PL40.jpg><\/span><br \/>\n<!--more--><br \/>\n<img src=img\/clanky\/PL401.jpg> <img src=img\/clanky\/PL402.jpg> <img src=img\/clanky\/PL403.jpg><br \/>\n<img src=img\/clanky\/PL404.jpg> <img src=img\/clanky\/PL405.jpg> <img src=img\/clanky\/PL406.jpg><br \/>\n<img src=img\/clanky\/PL407.jpg> <img src=img\/clanky\/PL408.jpg> <img src=img\/clanky\/PL409.jpg><br \/>\n<img src=img\/clanky\/PL4010.jpg> <img src=img\/clanky\/PL4011.jpg> <img src=img\/clanky\/PL4012.jpg><\/p>\n","protected":false},"excerpt":{"rendered":"<p>Prin\u00e1\u0161ame v\u00e1m n\u00e1\u0161 tradi\u010dn\u00fd obr\u00e1zkov\u00fd\/poh\u013eadnicov\u00fd kalend\u00e1r na r. 2017 Svet nie je len to, \u010do vid\u00edme okolo seba, ale aj to, \u010do tvor\u00edme v sebe (Pavel Kosorin) a tituln\u00fd biblick\u00fd ver\u0161 zo \u017ealmu 24,1: Hospodinova je zem, i to \u010do ju nap\u013a\u0148a, svet a t\u00ed, ktor\u00ed v \u0148om b\u00fdvaj\u00fa. Na ka\u017ed\u00fd mesiac nov\u00fd aforizmus P. [&hellip;]<\/p>\n","protected":false},"author":2,"featured_media":0,"comment_status":"closed","ping_status":"open","sticky":false,"template":"","format":"standard","meta":[],"categories":[5],"tags":[],"_links":{"self":[{"href":"https:\/\/btm.sk\/WP\/wp-json\/wp\/v2\/posts\/1932"}],"collection":[{"href":"https:\/\/btm.sk\/WP\/wp-json\/wp\/v2\/posts"}],"about":[{"href":"https:\/\/btm.sk\/WP\/wp-json\/wp\/v2\/types\/post"}],"author":[{"embeddable":true,"href":"https:\/\/btm.sk\/WP\/wp-json\/wp\/v2\/users\/2"}],"replies":[{"embeddable":true,"href":"https:\/\/btm.sk\/WP\/wp-json\/wp\/v2\/comments?post=1932"}],"version-history":[{"count":1,"href":"https:\/\/btm.sk\/WP\/wp-json\/wp\/v2\/posts\/1932\/revisions"}],"predecessor-version":[{"id":2035,"href":"https:\/\/btm.sk\/WP\/wp-json\/wp\/v2\/posts\/1932\/revisions\/2035"}],"wp:attachment":[{"href":"https:\/\/btm.sk\/WP\/wp-json\/wp\/v2\/media?parent=1932"}],"wp:term":[{"taxonomy":"category","embeddable":true,"href":"https:\/\/btm.sk\/WP\/wp-json\/wp\/v2\/categories?post=1932"},{"taxonomy":"post_tag","embeddable":true,"href":"https:\/\/btm.sk\/WP\/wp-json\/wp\/v2\/tags?post=1932"}],"curies":[{"name":"wp","href":"https:\/\/api.w.org\/{rel}","templated":true}]}}