{"id":1931,"date":"2016-10-03T18:10:42","date_gmt":"2016-10-03T16:10:42","guid":{"rendered":"http:\/\/btm.sk\/WP\/2016\/10\/03\/ja-som-s-vami\/"},"modified":"2018-05-17T21:52:26","modified_gmt":"2018-05-17T19:52:26","slug":"ja-som-s-vami","status":"publish","type":"post","link":"https:\/\/btm.sk\/WP\/2016\/10\/03\/ja-som-s-vami\/","title":{"rendered":"JA SOM S VAMI&#8230;"},"content":{"rendered":"<p><span class=\"text\">Je\u017ei\u0161 povedal: Ajh\u013ea, ja som s vami po v\u0161etky dni, a\u017e do konca sveta. (Mat\u00fa\u0161 28,20)<\/span><br \/>\n<!--more--><br \/>\nKe\u010f si v mysli premietneme 2000 rokov kres\u0165anstva, tak v nich n\u00e1jdeme v\u0161etky mo\u017en\u00e9 situ\u00e1cie, ak\u00fdmi pre\u0161li kres\u0165ania nes\u00fac dobr\u00fa spr\u00e1vu o l\u00e1ske Boha k \u010dloveku \u2013 boli to situ\u00e1cie spolo\u010densk\u00e9ho, kult\u00farneho aj soci\u00e1lneho rozkvetu, ale aj obdobia prenasledovania, vojen a katastrof. Kres\u0165ania pre\u0161li s touto zves\u0165ou najr\u00f4znej\u0161\u00edmi politick\u00fdmi, soci\u00e1lnymi i ekonomick\u00fdmi syst\u00e9mami. Av\u0161ak, \u017eia\u013e, pre\u0161li aj situ\u00e1ciami, v ktor\u00fdch sami negat\u00edvne p\u00f4sobili na svoje okolie&#8230;<br \/>\nKres\u0165ansk\u00e1 zves\u0165 v\u0161ak nezr\u00e1stla so \u017eiadnym konkr\u00e9tnym politick\u00fdm, \u010di kult\u00farnym syst\u00e9mom a dodnes ostala otvoren\u00e1 pre v\u0161etk\u00fdch. Preto s\u00fa aj dnes kres\u0165ania \u013eu\u010fmi orientovan\u00fdmi &#8222;pravicovo&#8220; i &#8222;\u013eavicovo&#8220;, s\u00fa \u013eu\u010fmi, ktor\u00ed sa anga\u017euj\u00fa v politike, ale aj politicky nevyhranen\u00fdmi. Kres\u0165ania s\u00fa zast\u00fapen\u00ed vo v\u0161etk\u00fdch vrstv\u00e1ch spolo\u010dnosti: u\u010dia na univerzit\u00e1ch, no \u017eij\u00fa tie\u017e ako domorodci v pralesoch, s\u00fa medzi nimi \u013eudia bohat\u00ed i chudobn\u00ed, s\u00fa kr\u00e1\u013emi a prezidentmi, av\u0161ak n\u00e1jdeme ich aj v slumoch&#8230;<br \/>\nVo v\u0161etk\u00fdch t\u00fdchto situ\u00e1ci\u00e1ch platil Je\u017ei\u0161ov pr\u00eds\u013eub, \u017ee &#8222;je s nami po v\u0161etky dni&#8220;. On bol v\u017edy s nimi a z\u00e1le\u017ealo len na nich, \u010di t\u00fato jeho ponuku prijm\u00fa alebo nie. \u010ci sa vydaj\u00fa po jeho cest\u00e1ch alebo po cest\u00e1ch svojej sebesta\u010dnosti a sebastrednosti. Pod\u013ea toho potom vyzeralo aj ich p\u00f4sobenie navonok.<br \/>\nRovnako je to aj v osobnej hist\u00f3rii ka\u017ed\u00e9ho jednotliv\u00e9ho \u010dloveka. Je\u017ei\u0161ov pr\u00eds\u013eub plat\u00ed pre ka\u017ed\u00e9ho z n\u00e1s. On je s nami v obdobiach, ke\u010f sa n\u00e1m dar\u00ed, ale aj vo chv\u00ed\u013each opa\u010dn\u00fdch. Je s nami v situ\u00e1ci\u00e1ch, ke\u010f kon\u00e1me dobro, no aj vo chv\u00ed\u013each, ke\u010f sebe a svojmu okoliu \u0161kod\u00edme. Je s nami v \u010dase radosti, ale aj v na\u0161om \u017eiali, zm\u00e4tku, bezmocnosti a slabosti. A bude s nami aj vo chv\u00ed\u013each na\u0161ej smrti.<br \/>\nJe len na ka\u017edom z n\u00e1s, \u010di prijmeme jeho ponuku a \u010di svoj \u017eivot zver\u00edme do r\u00fak tomu, ktor\u00fd m\u00e1 nad v\u0161etk\u00fdm nekone\u010dn\u00fd nadh\u013ead a preh\u013ead, alebo \u010di svoj \u017eivot pre\u017eijeme len pod\u013ea na\u0161ich (v\u017edy v\u0161ak obmedzen\u00fdch a nedokonal\u00fdch) predst\u00e1v a pl\u00e1nov.<\/p>\n<p>Lebo v\u0161etci, ktor\u00fdch Duch Bo\u017e\u00ed vedie, s\u00fa synovia Bo\u017e\u00ed. (R\u00edmskym 8,14)<\/p>\n","protected":false},"excerpt":{"rendered":"<p>Je\u017ei\u0161 povedal: Ajh\u013ea, ja som s vami po v\u0161etky dni, a\u017e do konca sveta. (Mat\u00fa\u0161 28,20)<\/p>\n","protected":false},"author":2,"featured_media":0,"comment_status":"closed","ping_status":"open","sticky":false,"template":"","format":"standard","meta":[],"categories":[9],"tags":[],"_links":{"self":[{"href":"https:\/\/btm.sk\/WP\/wp-json\/wp\/v2\/posts\/1931"}],"collection":[{"href":"https:\/\/btm.sk\/WP\/wp-json\/wp\/v2\/posts"}],"about":[{"href":"https:\/\/btm.sk\/WP\/wp-json\/wp\/v2\/types\/post"}],"author":[{"embeddable":true,"href":"https:\/\/btm.sk\/WP\/wp-json\/wp\/v2\/users\/2"}],"replies":[{"embeddable":true,"href":"https:\/\/btm.sk\/WP\/wp-json\/wp\/v2\/comments?post=1931"}],"version-history":[{"count":1,"href":"https:\/\/btm.sk\/WP\/wp-json\/wp\/v2\/posts\/1931\/revisions"}],"predecessor-version":[{"id":2036,"href":"https:\/\/btm.sk\/WP\/wp-json\/wp\/v2\/posts\/1931\/revisions\/2036"}],"wp:attachment":[{"href":"https:\/\/btm.sk\/WP\/wp-json\/wp\/v2\/media?parent=1931"}],"wp:term":[{"taxonomy":"category","embeddable":true,"href":"https:\/\/btm.sk\/WP\/wp-json\/wp\/v2\/categories?post=1931"},{"taxonomy":"post_tag","embeddable":true,"href":"https:\/\/btm.sk\/WP\/wp-json\/wp\/v2\/tags?post=1931"}],"curies":[{"name":"wp","href":"https:\/\/api.w.org\/{rel}","templated":true}]}}