{"id":1919,"date":"2016-04-11T14:16:59","date_gmt":"2016-04-11T12:16:59","guid":{"rendered":"http:\/\/btm.sk\/WP\/2016\/04\/11\/som-iba-matka\/"},"modified":"2018-05-17T22:02:30","modified_gmt":"2018-05-17T20:02:30","slug":"som-iba-matka","status":"publish","type":"post","link":"https:\/\/btm.sk\/WP\/2016\/04\/11\/som-iba-matka\/","title":{"rendered":"SOM &#8222;IBA&#8220; MATKA"},"content":{"rendered":"<p><span class=\"text\">Jednou z najz\u00e1va\u017enej\u0161\u00edch \u00faloh, ktor\u00e9 pred nami v s\u00fa\u010dasnej spolo\u010dnosti stoja, a ktorej by sa jednotlivci, m\u00e9di\u00e1 a hlavne \u0161t\u00e1t mali chopi\u0165, je vytv\u00e1ra\u0165 kl\u00edmu, v ktorej je v\u00fdchova det\u00ed vn\u00edman\u00e1 ako \u017eivotne d\u00f4le\u017eit\u00e9 a vysoko v\u00fdznamn\u00e9 povolanie.<\/span><br \/>\n<!--more--><br \/>\nV\u00fdchovu det\u00ed treba presta\u0165 degradova\u0165, aby sa tie matky, ktor\u00e9 sa rozhodn\u00fa pracova\u0165 len na \u010diasto\u010dn\u00fd \u00fav\u00e4zok alebo osta\u0165 s de\u0165mi doma, nemuseli c\u00edti\u0165 ako menejcenn\u00e9. V skuto\u010dnosti existuje ve\u013ea \u017eien, ktor\u00e9 sa  dobrovo\u013ene rozhodli preru\u0161i\u0165 kari\u00e9ru, aby sa mohli venova\u0165 svojim de\u0165om. Naj\u010dastej\u0161ou reakciou na tak\u00e9 rozhodnutie b\u00fdva: \u201eAko ste sa mohli toho v\u0161etk\u00e9ho vzda\u0165?\u201c Z \u010doho vypl\u00fdva, \u017ee vybra\u0165 si \u00falohu by\u0165 naplno matkou je nie\u010do, \u010do \u010dloveka \u2013 ak nie je \u00fapln\u00fd hlup\u00e1k \u2013 ani nenapadne.<br \/>\nSpom\u00ednam si na jednu matku, ktor\u00e1 ve\u013emi zauj\u00edmavo a vlastne aj pravdivo odpovedala na ot\u00e1zku, \u010di pracuje. Ospravedl\u0148ujem sa t\u00fdm, ktor\u00ed ste to u\u017e po\u010duli, no prid\u00e1m v\u00e1m k tomu cel\u00fd pr\u00edbeh jej nezabudnute\u013enej odpovede.<\/p>\n<p><i>Na ten ve\u010der sa pam\u00e4t\u00e1m ve\u013emi dobre. Man\u017eela pozvali na ve\u010deru. Pozvanie v\u0161ak platilo aj pre man\u017eelku, teda pre m\u0148a. Panik\u00e1rila som u\u017e t\u00fd\u017ede\u0148 vopred. N\u00e1\u0161 najstar\u0161\u00ed syn mal 13, dc\u00e9ra 3 a najmlad\u0161\u00ed syn bol \u010derstvo naroden\u00e9 b\u00e1b\u00e4tko \u2013 o \u010dom sved\u010dilo moje e\u0161te st\u00e1le dos\u0165 ve\u013ek\u00e9 brucho. V noci som nemohla spa\u0165, predstavovala som si ostatn\u00e9 \u017eeny, ktor\u00e9 tam bud\u00fa. Probl\u00e9m paniky je, \u017ee sa \u017eiv\u00ed sama sebou. Viem, \u017ee sa na ve\u010dierkoch v\u017edy objav\u00ed nejak\u00e1 \u017eena, ktor\u00e1 vyzer\u00e1, akoby vypadla z titulnej strany Vogue, ale v\u00e4\u010d\u0161ina ostatn\u00fdch \u017eien sa sna\u017e\u00ed vyzera\u0165 \u010do najlep\u0161ie v r\u00e1mci svojich mo\u017enost\u00ed. No ke\u010f som si po\u010das bezsenn\u00fdch noc\u00ed predstavovala onen ve\u010der, v\u0161etky \u017eeny, okrem m\u0148a, boli dlhonoh\u00e9 kr\u00e1sky. Raz v noci som sa nen\u00e1padne vytratila zo sp\u00e1lne a vytiahla spolo\u010densk\u00e9 \u0161aty, \u017ee si ich vysk\u00fa\u0161am. Praskol mi na nich zips&#8230;<br \/>\nA tak som sa vybrala na n\u00e1kup. Pri vstupe do obchodu som sa e\u0161te c\u00edtila sebaisto. Pred zrkadlom sa mi zdalo, \u017ee vyzer\u00e1m celkom dobre \u2013 tak sn\u00e1\u010f to nakoniec nebude a\u017e tak\u00e9 hrozn\u00e9&#8230; A potom pri\u0161li dve pohromy naraz! Prv\u00e1 sa zjavila v podobe milej d\u00e1my, ktor\u00fa som u\u017e roky nevidela. Nemala v \u00famysle sa ma ak\u00fdmko\u013evek sp\u00f4sobom dotkn\u00fa\u0165 \u2013 bola to l\u00e1skav\u00e1, starostliv\u00e1 a realistick\u00e1 \u017eena, jednoducho, len bola rada, \u017ee ma po dlhom \u010dase vid\u00ed: \u201eAk\u00e9 mil\u00e9 prekvapenie, kedy sa to narod\u00ed?\u201c \u201eSyn m\u00e1 5 t\u00fd\u017ed\u0148ov,\u201c povedala som potichu. Vyzeralo to, \u017ee budeme musie\u0165 zavola\u0165 z\u00e1chranku \u2013 pre obidve! To v\u0161ak nebol e\u0161te ten najhor\u0161\u00ed moment, ten pri\u0161iel a\u017e po\u010das samotnej ve\u010dere. Sedela som oproti mladej, ve\u013emi atrakt\u00edvnej mana\u017e\u00e9rke, ktor\u00e1 sa ku mne po p\u00e1r \u00favodn\u00fdch zdvorilostn\u00fdch fr\u00e1zach naklonila a sp\u00fdtala sa: \u201ePracujete?\u201c Je obdivuhodn\u00e9, ako r\u00fdchlo dok\u00e1\u017ee mozog fungova\u0165. \u201ePracujem?\u201c, prem\u00fd\u0161\u013eala som. Uvedomila som si, \u017ee v\u0161etky moje predch\u00e1dzaj\u00face zamestnania vyzerali \u013eahko v porovnan\u00ed s \u00falohou zast\u00e1va\u0165 matersk\u00e9 povinnosti na pln\u00fd \u00fav\u00e4zok \u2013 \u017ee vst\u00e1vam skoro a chod\u00edm spa\u0165 neskoro a \u017ee \u017eivoty mojich troch det\u00ed s\u00fa odo m\u0148a celom z\u00e1visl\u00e9. Ale bola to &#8222;pr\u00e1ca&#8220;? A tak som len zamrmlala: \u201eNie, som len mama \u2013 som doma s tromi mal\u00fdmi de\u0165mi&#8230;\u201c<br \/>\nO p\u00e1r rokov nesk\u00f4r som sa s touto sk\u00fasenos\u0165ou zverila jednej star\u0161ej matke a t\u00e1 mi poradila: \u201eNabud\u00face, ke\u010f sa \u0165a niekto sp\u00fdta, \u010di pracuje\u0161, tak povie\u0161 toto&#8230;&#8220; Nacvi\u010dovala som si to doma pred zrkadlom. Ke\u010f ma potom nesk\u00f4r op\u00e4\u0165 na ve\u013ekej spolo\u010denskej akcii ak\u00e1si d\u00e1ma oslovila: \u201eA \u010do vy, Karen, pracujete?\u201c, sebaisto som odpovedala: \u201e\u00c1no. Pracujem na projekte spolo\u010densk\u00e9ho rozvoja, moment\u00e1lne s tromi vekov\u00fdmi skupinami. Prvou s\u00fa b\u00e1b\u00e4tk\u00e1 a mal\u00e9 deti \u2013 na to s\u00fa potrebn\u00e9 z\u00e1kladn\u00e9 vedomosti z medic\u00edny a detskej psychol\u00f3gie. \u010eal\u0161ia je skupina dospievaj\u00facich \u2013 tam, mus\u00edm sa prizna\u0165, sa mi e\u0161te nedar\u00ed dosahova\u0165 tie najlep\u0161ie v\u00fdsledky. Poslednou vekovou skupinou, ktor\u00e1 ma zamestn\u00e1va po ve\u010deroch a cez v\u00edkendy, je 39-ro\u010dn\u00fd mu\u017e maj\u00faci v\u0161etky zn\u00e1mky kr\u00edzy stredn\u00e9ho veku \u2013 a to si vy\u017eaduje ist\u00e9 vedomosti z odboru psychiatrie. Celkovo sa pri svojej pr\u00e1ci neob\u00eddem bez dobr\u00e9ho pl\u00e1novania, ak\u010dn\u00e9ho pr\u00edstupu a umenia kr\u00edzov\u00e9ho mana\u017ementu. Kedysi som b\u00fdvala medzin\u00e1rodne uzn\u00e1vanou modelkou, ale u\u017e som sa dos\u0165 nudila&#8230;\u201c<\/i><br \/>\n(R. Person)<\/p>\n","protected":false},"excerpt":{"rendered":"<p>Jednou z najz\u00e1va\u017enej\u0161\u00edch \u00faloh, ktor\u00e9 pred nami v s\u00fa\u010dasnej spolo\u010dnosti stoja, a ktorej by sa jednotlivci, m\u00e9di\u00e1 a hlavne \u0161t\u00e1t mali chopi\u0165, je vytv\u00e1ra\u0165 kl\u00edmu, v ktorej je v\u00fdchova det\u00ed vn\u00edman\u00e1 ako \u017eivotne d\u00f4le\u017eit\u00e9 a vysoko v\u00fdznamn\u00e9 povolanie.<\/p>\n","protected":false},"author":2,"featured_media":0,"comment_status":"closed","ping_status":"open","sticky":false,"template":"","format":"standard","meta":[],"categories":[11],"tags":[],"_links":{"self":[{"href":"https:\/\/btm.sk\/WP\/wp-json\/wp\/v2\/posts\/1919"}],"collection":[{"href":"https:\/\/btm.sk\/WP\/wp-json\/wp\/v2\/posts"}],"about":[{"href":"https:\/\/btm.sk\/WP\/wp-json\/wp\/v2\/types\/post"}],"author":[{"embeddable":true,"href":"https:\/\/btm.sk\/WP\/wp-json\/wp\/v2\/users\/2"}],"replies":[{"embeddable":true,"href":"https:\/\/btm.sk\/WP\/wp-json\/wp\/v2\/comments?post=1919"}],"version-history":[{"count":1,"href":"https:\/\/btm.sk\/WP\/wp-json\/wp\/v2\/posts\/1919\/revisions"}],"predecessor-version":[{"id":2048,"href":"https:\/\/btm.sk\/WP\/wp-json\/wp\/v2\/posts\/1919\/revisions\/2048"}],"wp:attachment":[{"href":"https:\/\/btm.sk\/WP\/wp-json\/wp\/v2\/media?parent=1919"}],"wp:term":[{"taxonomy":"category","embeddable":true,"href":"https:\/\/btm.sk\/WP\/wp-json\/wp\/v2\/categories?post=1919"},{"taxonomy":"post_tag","embeddable":true,"href":"https:\/\/btm.sk\/WP\/wp-json\/wp\/v2\/tags?post=1919"}],"curies":[{"name":"wp","href":"https:\/\/api.w.org\/{rel}","templated":true}]}}