{"id":1911,"date":"2016-01-14T13:26:09","date_gmt":"2016-01-14T12:26:09","guid":{"rendered":"http:\/\/btm.sk\/WP\/2016\/01\/14\/darujte-svoje-2-btm-pomozete-tak-dobrej-veci\/"},"modified":"2018-05-17T22:04:48","modified_gmt":"2018-05-17T20:04:48","slug":"darujte-svoje-2-btm-pomozete-tak-dobrej-veci","status":"publish","type":"post","link":"https:\/\/btm.sk\/WP\/2016\/01\/14\/darujte-svoje-2-btm-pomozete-tak-dobrej-veci\/","title":{"rendered":"DARUJTE SVOJE 2% BTM &#8211; POM\u00d4\u017dETE TAK DOBREJ VECI!"},"content":{"rendered":"<p><span class=\"text\">BTM sa aj v tomto roku uch\u00e1dza o va\u0161e 2 % z odveden\u00fdch dan\u00ed. Pros\u00edme, podporte n\u00e1s. <\/span><br \/>\n<!--more--><br \/>\nDo vyhl\u00e1senia o pouk\u00e1zan\u00ed 2 % zo zaplatenej dane z pr\u00edjmov uve\u010fte nasledovn\u00e9 \u00fadaje o prij\u00edmate\u013eovi:<\/p>\n<p>Obchodn\u00e9 meno alebo n\u00e1zov: <b>Bratislavsk\u00e1 tla\u010dov\u00e1 misia<\/b><br \/>\nS\u00eddlo: <b>Bridlicov\u00e1 13, 841 07 Bratislava 49<\/b><br \/>\nPr\u00e1vna forma: <b>Ob\u010dianske zdru\u017eenie<\/b><br \/>\nIdentifika\u010dn\u00e9 \u010d\u00edslo prij\u00edmate\u013ea (I\u010cO): <b>30815231<\/b><\/p>\n<p>V\u0161etky potrebn\u00e9 tla\u010div\u00e1, aj da\u0148ov\u00e9 priznania, si m\u00f4\u017eete stiahnu\u0165 z internetov\u00fdch str\u00e1nok: www.rozhodni.sk<\/p>\n<p>Vyplnen\u00e9 tla\u010div\u00e1 mus\u00edte <b>odovzda\u0165 na Va\u0161om pr\u00edslu\u0161nom da\u0148ovom \u00farade<\/b>. V\u00a0\u017eiadnom pr\u00edpade ich neposielajte na na\u0161u adresu \u2013 my nevieme, ktor\u00e9mu da\u0148ov\u00e9mu \u00faradu patr\u00edte, a\u00a0preto tieto tla\u010div\u00e1 nem\u00e1me kam posla\u0165.<\/p>\n<p>\u010eakujeme v\u0161etk\u00fdm V\u00e1m, ktor\u00ed ste na\u0161u pr\u00e1cu v minulom roku finan\u010dne podporili, srde\u010dne a\u00a0\u00faprimne \u010fakujeme. M\u00f4\u017eeme vyzna\u0165, \u017ee sme nemali nedostatok, \u017ee v\u0161etky na\u0161e potreby boli pokryt\u00e9. V\u010faka P\u00e1nu Bohu za ochotn\u00fdch darcov a V\u00e1m za otvoren\u00e9 srdcia i dlane.<br \/>\nPros\u00edme V\u00e1s, aby ste n\u00e1s podporovali aj na\u010falej a modlili sa za n\u00e1s a na\u0161u pr\u00e1cu, aj za na\u0161ich spolupracovn\u00edkov, za dostatok n\u00e1padov, n\u00e1metov a\u00a0autorov. Za to, aby sme e\u0161te mohli slobodne \u0161\u00edri\u0165 evanjelium v\u00a0na\u0161ej krajine, aby sa postupne dostalo ku ka\u017ed\u00e9mu \u010dloveku. Aby sme na to mali dostatok s\u00edl, m\u00fadrosti i\u00a0odhodlania. Potom m\u00f4\u017ee P\u00e1n Boh t\u00fato pr\u00e1cu po\u017eehna\u0165.<\/p>\n","protected":false},"excerpt":{"rendered":"<p>BTM sa aj v tomto roku uch\u00e1dza o va\u0161e 2 % z odveden\u00fdch dan\u00ed. Pros\u00edme, podporte n\u00e1s.<\/p>\n","protected":false},"author":2,"featured_media":0,"comment_status":"closed","ping_status":"open","sticky":false,"template":"","format":"standard","meta":[],"categories":[4],"tags":[],"_links":{"self":[{"href":"https:\/\/btm.sk\/WP\/wp-json\/wp\/v2\/posts\/1911"}],"collection":[{"href":"https:\/\/btm.sk\/WP\/wp-json\/wp\/v2\/posts"}],"about":[{"href":"https:\/\/btm.sk\/WP\/wp-json\/wp\/v2\/types\/post"}],"author":[{"embeddable":true,"href":"https:\/\/btm.sk\/WP\/wp-json\/wp\/v2\/users\/2"}],"replies":[{"embeddable":true,"href":"https:\/\/btm.sk\/WP\/wp-json\/wp\/v2\/comments?post=1911"}],"version-history":[{"count":1,"href":"https:\/\/btm.sk\/WP\/wp-json\/wp\/v2\/posts\/1911\/revisions"}],"predecessor-version":[{"id":2056,"href":"https:\/\/btm.sk\/WP\/wp-json\/wp\/v2\/posts\/1911\/revisions\/2056"}],"wp:attachment":[{"href":"https:\/\/btm.sk\/WP\/wp-json\/wp\/v2\/media?parent=1911"}],"wp:term":[{"taxonomy":"category","embeddable":true,"href":"https:\/\/btm.sk\/WP\/wp-json\/wp\/v2\/categories?post=1911"},{"taxonomy":"post_tag","embeddable":true,"href":"https:\/\/btm.sk\/WP\/wp-json\/wp\/v2\/tags?post=1911"}],"curies":[{"name":"wp","href":"https:\/\/api.w.org\/{rel}","templated":true}]}}