{"id":1909,"date":"2016-01-14T13:19:08","date_gmt":"2016-01-14T12:19:08","guid":{"rendered":"http:\/\/btm.sk\/WP\/2016\/01\/14\/modlitby-do-noveho-roka\/"},"modified":"2018-05-17T22:05:16","modified_gmt":"2018-05-17T20:05:16","slug":"modlitby-do-noveho-roka","status":"publish","type":"post","link":"https:\/\/btm.sk\/WP\/2016\/01\/14\/modlitby-do-noveho-roka\/","title":{"rendered":"MODLITBY DO NOV\u00c9HO ROKA"},"content":{"rendered":"<p><span class=\"text\">O mnohom, \u010do n\u00e1s v tomto roku \u010dak\u00e1, vieme &#8211; vo\u013ebami po\u010dn\u00fac a niektor\u00fdmi osobn\u00fdmi pl\u00e1novan\u00fdmi udalos\u0165ami kon\u010diac. No o mnoh\u00fdch veciach nevieme, ani netu\u0161\u00edme. O to viac sa primknime k Bohu, zah\u013abme sa do Jeho slova a st\u00ed\u0161me sa v modlitb\u00e1ch &#8211; potom n\u00e1s ni\u010d neprekvap\u00ed.<\/span><br \/>\n<!--more--><br \/>\n\u25cf Predov\u0161etk\u00fdm teda napom\u00ednam, aby sa konali prosby, modlitby, pr\u00edhovory a \u010fakovania za v\u0161etk\u00fdch \u013eud\u00ed, za kr\u00e1\u013eov a za v\u0161etk\u00fdch vysoko postaven\u00fdch, aby sme tich\u00fdm a pokojn\u00fdm \u017eivotom \u017eili v \u00faplnej pobo\u017enosti a stato\u010dnosti. Toto je dobr\u00e9 a pr\u00edjemn\u00e9 pred na\u0161\u00edm Spasite\u013eom Bohom, ktor\u00fd chce, aby v\u0161etci \u013eudia boli spasen\u00ed a poznali pravdu. (1. Timoteovi 2,1-4)<\/p>\n<p>\u25cf H\u013eadajte blahobyt krajiny, kam som v\u00e1s dal odvies\u0165, a modlite sa za \u0148u k Hospodinovi, lebo v jej blahobyte bude aj v\u00e1\u0161 blahobyt. Ke\u010f budete vola\u0165 ku mne, ke\u010f pr\u00eddete a budete sa modli\u0165 ku mne, vypo\u010dujem v\u00e1s. Budete ma h\u013eada\u0165, a n\u00e1jdete ma; ke\u010f ma budete h\u013eada\u0165 cel\u00fdm srdcom, d\u00e1m sa v\u00e1m n\u00e1js\u0165 &#8211; znie v\u00fdrok Hospodinov &#8211; zmen\u00edm v\u00e1\u0161 \u00fadel&#8230; (Jeremi\u00e1\u0161 29,7 a 12-14)<\/p>\n<p>\u25cf A dostanete v\u0161etko, o \u010doko\u013evek budete prosi\u0165 v modlitbe s vierou. (Mat\u00fa\u0161 21,22)<\/p>\n<p>\u25cf A zase v\u00e1m hovor\u00edm: Ak sa dvaja z v\u00e1s dohodn\u00fa na nie\u010dom na zemi, \u017ee bud\u00fa prosi\u0165 o to, dostane sa im toho od m\u00f4jho Otca, ktor\u00fd je v nebesiach. (Mat\u00fa\u0161 18,19)<\/p>\n","protected":false},"excerpt":{"rendered":"<p>O mnohom, \u010do n\u00e1s v tomto roku \u010dak\u00e1, vieme &#8211; vo\u013ebami po\u010dn\u00fac a niektor\u00fdmi osobn\u00fdmi pl\u00e1novan\u00fdmi udalos\u0165ami kon\u010diac. No o mnoh\u00fdch veciach nevieme, ani netu\u0161\u00edme. O to viac sa primknime k Bohu, zah\u013abme sa do Jeho slova a st\u00ed\u0161me sa v modlitb\u00e1ch &#8211; potom n\u00e1s ni\u010d neprekvap\u00ed.<\/p>\n","protected":false},"author":2,"featured_media":0,"comment_status":"closed","ping_status":"open","sticky":false,"template":"","format":"standard","meta":[],"categories":[11],"tags":[],"_links":{"self":[{"href":"https:\/\/btm.sk\/WP\/wp-json\/wp\/v2\/posts\/1909"}],"collection":[{"href":"https:\/\/btm.sk\/WP\/wp-json\/wp\/v2\/posts"}],"about":[{"href":"https:\/\/btm.sk\/WP\/wp-json\/wp\/v2\/types\/post"}],"author":[{"embeddable":true,"href":"https:\/\/btm.sk\/WP\/wp-json\/wp\/v2\/users\/2"}],"replies":[{"embeddable":true,"href":"https:\/\/btm.sk\/WP\/wp-json\/wp\/v2\/comments?post=1909"}],"version-history":[{"count":1,"href":"https:\/\/btm.sk\/WP\/wp-json\/wp\/v2\/posts\/1909\/revisions"}],"predecessor-version":[{"id":2058,"href":"https:\/\/btm.sk\/WP\/wp-json\/wp\/v2\/posts\/1909\/revisions\/2058"}],"wp:attachment":[{"href":"https:\/\/btm.sk\/WP\/wp-json\/wp\/v2\/media?parent=1909"}],"wp:term":[{"taxonomy":"category","embeddable":true,"href":"https:\/\/btm.sk\/WP\/wp-json\/wp\/v2\/categories?post=1909"},{"taxonomy":"post_tag","embeddable":true,"href":"https:\/\/btm.sk\/WP\/wp-json\/wp\/v2\/tags?post=1909"}],"curies":[{"name":"wp","href":"https:\/\/api.w.org\/{rel}","templated":true}]}}