{"id":1906,"date":"2015-11-30T16:21:07","date_gmt":"2015-11-30T15:21:07","guid":{"rendered":"http:\/\/btm.sk\/WP\/2015\/11\/30\/advent-2\/"},"modified":"2018-05-17T22:06:02","modified_gmt":"2018-05-17T20:06:02","slug":"advent-2","status":"publish","type":"post","link":"https:\/\/btm.sk\/WP\/2015\/11\/30\/advent-2\/","title":{"rendered":"ADVENT"},"content":{"rendered":"<p><span class=\"text\">Len ned\u00e1vno sa skon\u010dilo leto, deti nast\u00fapili do \u0161koly a u\u017e n\u00e1m zo v\u0161etk\u00fdch str\u00e1n pripom\u00ednaj\u00fa, \u017ee sa bl\u00ed\u017eia Vianoce! Obchody s\u00fa preplnen\u00e9 viano\u010dn\u00fdm tovarom, v\u0161ade n\u00e1s prenasleduje reklama na tie najlep\u0161ie dar\u010deky, sviato\u010dn\u00e9 jedlo, dovolenky&#8230;<\/span><br \/>\n<!--more--><br \/>\nAdventn\u00fd \u010das v\u0161ak, na\u0161\u0165astie, nie je len obdob\u00edm hor\u00fa\u010dkovit\u00fdch n\u00e1kupov. M\u00e1 aj svoj duchovn\u00fd obsah. N\u00edm nie je iba pr\u00edprava na Vianoce! Advent n\u00e1s vyz\u00fdva na stret\u00e1vanie sa s Kristom v na\u0161om ka\u017edodennom \u017eivote a pripravuje n\u00e1s na jeho sl\u00e1vny druh\u00fd pr\u00edchod.<br \/>\nV biblickej knihe Zjavenie J\u00e1na hovor\u00ed P\u00e1n Je\u017ei\u0161: Ajh\u013ea, stoj\u00edm pri dver\u00e1ch a klopem. Ak niekto po\u010duje m\u00f4j hlas a otvor\u00ed dvere, vojdem k nemu a budem stolova\u0165 s n\u00edm a on so mnou (3,20). Tieto dvere n\u00e1\u0161ho srdca maj\u00fa len jednu k\u013eu\u010dku \u2013 zvn\u00fatra. Kristus ich ani nevylom\u00ed, ani nevyp\u00e1\u010di. Zvn\u00fatra ich m\u00f4\u017eeme otvori\u0165 len my&#8230;<br \/>\nPre\u017ei\u0165 plodne adventn\u00fd \u010das znamen\u00e1 znova a znova stret\u00e1va\u0165 sa s Bohom, ktor\u00fd n\u00e1m pon\u00faka naplnen\u00fd \u017eivot a cestu \u010falej. Prija\u0165 v\u00fdzvu adventu znamen\u00e1 vych\u00e1dza\u0165 mu v \u00fastrety, obraca\u0165 sa k nemu, pozvihova\u0165 k nemu svoje o\u010di, zmieri\u0165 sa s n\u00edm aj s t\u00fdmi, ktor\u00ed s\u00fa okolo n\u00e1s a odhadzova\u0165 v\u0161elijak\u00fa zbyto\u010dn\u00fa pr\u00ed\u0165a\u017e, ktor\u00e1 n\u00e1m znemo\u017e\u0148uje \u00eds\u0165 po jeho cest\u00e1ch.<\/p>\n<p>A to je zas\u013e\u00fabenie, ktor\u00e9 n\u00e1m On s\u00e1m zas\u013e\u00fabil: ve\u010dn\u00fd \u017eivot. (1. J\u00e1na 2,25)<\/p>\n","protected":false},"excerpt":{"rendered":"<p>Len ned\u00e1vno sa skon\u010dilo leto, deti nast\u00fapili do \u0161koly a u\u017e n\u00e1m zo v\u0161etk\u00fdch str\u00e1n pripom\u00ednaj\u00fa, \u017ee sa bl\u00ed\u017eia Vianoce! Obchody s\u00fa preplnen\u00e9 viano\u010dn\u00fdm tovarom, v\u0161ade n\u00e1s prenasleduje reklama na tie najlep\u0161ie dar\u010deky, sviato\u010dn\u00e9 jedlo, dovolenky&#8230;<\/p>\n","protected":false},"author":2,"featured_media":0,"comment_status":"closed","ping_status":"open","sticky":false,"template":"","format":"standard","meta":[],"categories":[11],"tags":[],"_links":{"self":[{"href":"https:\/\/btm.sk\/WP\/wp-json\/wp\/v2\/posts\/1906"}],"collection":[{"href":"https:\/\/btm.sk\/WP\/wp-json\/wp\/v2\/posts"}],"about":[{"href":"https:\/\/btm.sk\/WP\/wp-json\/wp\/v2\/types\/post"}],"author":[{"embeddable":true,"href":"https:\/\/btm.sk\/WP\/wp-json\/wp\/v2\/users\/2"}],"replies":[{"embeddable":true,"href":"https:\/\/btm.sk\/WP\/wp-json\/wp\/v2\/comments?post=1906"}],"version-history":[{"count":1,"href":"https:\/\/btm.sk\/WP\/wp-json\/wp\/v2\/posts\/1906\/revisions"}],"predecessor-version":[{"id":2061,"href":"https:\/\/btm.sk\/WP\/wp-json\/wp\/v2\/posts\/1906\/revisions\/2061"}],"wp:attachment":[{"href":"https:\/\/btm.sk\/WP\/wp-json\/wp\/v2\/media?parent=1906"}],"wp:term":[{"taxonomy":"category","embeddable":true,"href":"https:\/\/btm.sk\/WP\/wp-json\/wp\/v2\/categories?post=1906"},{"taxonomy":"post_tag","embeddable":true,"href":"https:\/\/btm.sk\/WP\/wp-json\/wp\/v2\/tags?post=1906"}],"curies":[{"name":"wp","href":"https:\/\/api.w.org\/{rel}","templated":true}]}}