{"id":1899,"date":"2015-08-19T17:04:54","date_gmt":"2015-08-19T15:04:54","guid":{"rendered":"http:\/\/btm.sk\/WP\/2015\/08\/19\/uz-coskoro-v-ponuke-kalendare-2016\/"},"modified":"2018-05-17T22:08:48","modified_gmt":"2018-05-17T20:08:48","slug":"uz-coskoro-v-ponuke-kalendare-2016","status":"publish","type":"post","link":"https:\/\/btm.sk\/WP\/2015\/08\/19\/uz-coskoro-v-ponuke-kalendare-2016\/","title":{"rendered":"U\u017d \u010cOSKORO V PONUKE \u2013 KALEND\u00c1RE 2016"},"content":{"rendered":"<p><span class=\"text\">U\u017e v nasleduj\u00facej ponuke 6-2015, t. j. v septembri, v\u00e1m prinesieme:<\/p>\n<p><b>obr\u00e1zkovo-poh\u013eadnicov\u00fd kalend\u00e1r na r. 2016, form\u00e1t A5<br \/>\na n\u00e1stenn\u00fd kalend\u00e1r form\u00e1tu A3<\/b><\/span><br \/>\n<!--more--><br \/>\n\u25cf KALEND\u00c1R A5 &#8211; je n\u00e1\u0161<b> u\u017e tradi\u010dn\u00fd obr\u00e1zkovo-poh\u013eadnicov\u00fd kalend\u00e1r s vtipn\u00fdmi a v\u00fdsti\u017en\u00fdmi aforizmami Pavla Kosorina a bilbick\u00fdmi ver\u0161\u00edkmi<\/b>. <\/p>\n<p><img src=\"img\/clanky\/PL35.jpg\" alt=\"\">><\/p>\n<p>\u25cf N\u00c1STENN\u00dd KALEND\u00c1R A3 &#8211; t\u00fdmto ve\u013ek\u00fdm obr\u00e1zkov\u00fdm n\u00e1stenn\u00fdm kalend\u00e1rom pokra\u010dujeme v na\u0161ej novej \u00faspe\u0161nej ed\u00edcii. T\u00e9my ako L\u00c1SKA, RODINA, VZ\u00c1JOMNOS\u0164, S\u00daCIT, M\u00daDROS\u0164&#8230; v\u017edy tvorili d\u00f4le\u017eit\u00e9 hodnoty \u013eudsk\u00e9ho \u017eivota. T\u00e9mou r. 2016 je <b>SVET<\/b>. 12 r\u00f4znych poh\u013eadov na z\u00e1zrak cel\u00e9ho <b>KOZMU<\/b> (kozmos, gr\u00e9cky = svet). Dne\u0161n\u00fd hektick\u00fd sp\u00f4sob \u017eivota n\u00e1m neumo\u017e\u0148uje zastavi\u0165 sa a spo\u010din\u00fa\u0165 aspo\u0148 na chv\u00ed\u013eu svojimi o\u010dami na detailoch tohto <b>Z\u00c1ZRAKU<\/b>. Aj preto sme sa rozhodli vizualizova\u0165 ich pr\u00e1ve takouto formou. Ver\u00edme, \u017ee v\u00e1m bude na \u00fa\u017eitok ka\u017edodenne sa o\u010dami i srdcom &#8222;dotkn\u00fa\u0165&#8220; obrazov i slov, ktor\u00e9 pohladia \u013eudsk\u00fa du\u0161u. <b>Obr\u00e1zkov\u00e1 cesta z mikrosveta do vesm\u00edru je doplnen\u00e1 cit\u00e1tmi v\u00fdznamn\u00fdch \u013eud\u00ed a Biblie<\/b>. Nech v\u00e1s tento kalend\u00e1r sprev\u00e1dza cel\u00fdm bud\u00facim rokom 2016!<\/p>\n<p><img src=\"img\/clanky\/PL36.jpg\" alt=\"\"><\/p>\n<p>Nezabudnite si kalend\u00e1re objedna\u0165 v dostato\u010dnom predstihu!<\/p>\n","protected":false},"excerpt":{"rendered":"<p>U\u017e v nasleduj\u00facej ponuke 6-2015, t. j. v septembri, v\u00e1m prinesieme: obr\u00e1zkovo-poh\u013eadnicov\u00fd kalend\u00e1r na r. 2016, form\u00e1t A5 a n\u00e1stenn\u00fd kalend\u00e1r form\u00e1tu A3<\/p>\n","protected":false},"author":2,"featured_media":0,"comment_status":"closed","ping_status":"open","sticky":false,"template":"","format":"standard","meta":[],"categories":[5],"tags":[],"_links":{"self":[{"href":"https:\/\/btm.sk\/WP\/wp-json\/wp\/v2\/posts\/1899"}],"collection":[{"href":"https:\/\/btm.sk\/WP\/wp-json\/wp\/v2\/posts"}],"about":[{"href":"https:\/\/btm.sk\/WP\/wp-json\/wp\/v2\/types\/post"}],"author":[{"embeddable":true,"href":"https:\/\/btm.sk\/WP\/wp-json\/wp\/v2\/users\/2"}],"replies":[{"embeddable":true,"href":"https:\/\/btm.sk\/WP\/wp-json\/wp\/v2\/comments?post=1899"}],"version-history":[{"count":1,"href":"https:\/\/btm.sk\/WP\/wp-json\/wp\/v2\/posts\/1899\/revisions"}],"predecessor-version":[{"id":2069,"href":"https:\/\/btm.sk\/WP\/wp-json\/wp\/v2\/posts\/1899\/revisions\/2069"}],"wp:attachment":[{"href":"https:\/\/btm.sk\/WP\/wp-json\/wp\/v2\/media?parent=1899"}],"wp:term":[{"taxonomy":"category","embeddable":true,"href":"https:\/\/btm.sk\/WP\/wp-json\/wp\/v2\/categories?post=1899"},{"taxonomy":"post_tag","embeddable":true,"href":"https:\/\/btm.sk\/WP\/wp-json\/wp\/v2\/tags?post=1899"}],"curies":[{"name":"wp","href":"https:\/\/api.w.org\/{rel}","templated":true}]}}