{"id":1898,"date":"2015-08-19T17:30:21","date_gmt":"2015-08-19T15:30:21","guid":{"rendered":"http:\/\/btm.sk\/WP\/2015\/08\/19\/pozvanka-do-rackovej-doliny-4\/"},"modified":"2018-05-17T22:08:34","modified_gmt":"2018-05-17T20:08:34","slug":"pozvanka-do-rackovej-doliny-4","status":"publish","type":"post","link":"https:\/\/btm.sk\/WP\/2015\/08\/19\/pozvanka-do-rackovej-doliny-4\/","title":{"rendered":"POZV\u00c1NKA DO RA\u010cKOVEJ DOLINY"},"content":{"rendered":"<p><span class=\"text\">Drah\u00e9 sestry, srde\u010dne v\u00e1s poz\u00fdvame na \u010fal\u0161ie, v porad\u00ed u\u017e <b>20. a teda jubilejn\u00e9 duchovno-rekrea\u010dn\u00e9 stretnutie sestier Evanjelickej aliancie<\/b>, ktor\u00e9 aj tento rok bude z Bo\u017eej milosti v Domove J. A. Komensk\u00e9ho v Ra\u010dkovej doline. Term\u00edn stretnutia je <b>od stredy 30. septembra do nedele 4. okt\u00f3bra 2015<\/b>. <\/span><br \/>\n<!--more--><br \/>\nTohtoro\u010dn\u00e1 t\u00e9ma: <b>V\u010eA\u010cNOS\u0164 je pam\u00e4\u0165ou srdca<\/b><br \/>\n\u00fastredn\u00fd ver\u0161: <b>1. list Tesalonick\u00fdm 5,18<\/b><\/p>\n<p>Popoludnia bude mo\u017en\u00e9 vyu\u017ei\u0165 na rozhovory, prech\u00e1dzky v kr\u00e1snej tatranskej pr\u00edrode, rehabilita\u010dn\u00e9 cvi\u010denie \u010di mas\u00e1\u017ee a kreat\u00edvnu tvorbu.<\/p>\n<p>Na stretnutie sa m\u00f4\u017eete prihl\u00e1si\u0165 <b>najnesk\u00f4r do 15. septembra 2015<\/b> na adrese (tu z\u00edskate aj podrobnej\u0161ie inform\u00e1cie o stretnut\u00ed, cen\u00e1ch a mo\u017enostiach ubytovania): <\/p>\n<p><b>BTM, P.  O. Box 11, 840 09 Bratislava 49<\/b><\/p>\n<p>tel. 02\/64 53 81 14, mobil: 0911\/192 955, mail: btm@btm.sk<\/p>\n<p>Te\u0161\u00edme sa na v\u00e1s a na chv\u00edle, ktor\u00e9 spolu str\u00e1vime! <\/p>\n<p><img src=\"img\/clanky\/rackova.jpg\" alt=\"\"><\/p>\n","protected":false},"excerpt":{"rendered":"<p>Drah\u00e9 sestry, srde\u010dne v\u00e1s poz\u00fdvame na \u010fal\u0161ie, v porad\u00ed u\u017e 20. a teda jubilejn\u00e9 duchovno-rekrea\u010dn\u00e9 stretnutie sestier Evanjelickej aliancie, ktor\u00e9 aj tento rok bude z Bo\u017eej milosti v Domove J. A. Komensk\u00e9ho v Ra\u010dkovej doline. Term\u00edn stretnutia je od stredy 30. septembra do nedele 4. okt\u00f3bra 2015.<\/p>\n","protected":false},"author":2,"featured_media":0,"comment_status":"closed","ping_status":"open","sticky":false,"template":"","format":"standard","meta":[],"categories":[6],"tags":[],"_links":{"self":[{"href":"https:\/\/btm.sk\/WP\/wp-json\/wp\/v2\/posts\/1898"}],"collection":[{"href":"https:\/\/btm.sk\/WP\/wp-json\/wp\/v2\/posts"}],"about":[{"href":"https:\/\/btm.sk\/WP\/wp-json\/wp\/v2\/types\/post"}],"author":[{"embeddable":true,"href":"https:\/\/btm.sk\/WP\/wp-json\/wp\/v2\/users\/2"}],"replies":[{"embeddable":true,"href":"https:\/\/btm.sk\/WP\/wp-json\/wp\/v2\/comments?post=1898"}],"version-history":[{"count":1,"href":"https:\/\/btm.sk\/WP\/wp-json\/wp\/v2\/posts\/1898\/revisions"}],"predecessor-version":[{"id":2068,"href":"https:\/\/btm.sk\/WP\/wp-json\/wp\/v2\/posts\/1898\/revisions\/2068"}],"wp:attachment":[{"href":"https:\/\/btm.sk\/WP\/wp-json\/wp\/v2\/media?parent=1898"}],"wp:term":[{"taxonomy":"category","embeddable":true,"href":"https:\/\/btm.sk\/WP\/wp-json\/wp\/v2\/categories?post=1898"},{"taxonomy":"post_tag","embeddable":true,"href":"https:\/\/btm.sk\/WP\/wp-json\/wp\/v2\/tags?post=1898"}],"curies":[{"name":"wp","href":"https:\/\/api.w.org\/{rel}","templated":true}]}}