{"id":1893,"date":"2015-06-01T14:05:50","date_gmt":"2015-06-01T12:05:50","guid":{"rendered":"http:\/\/btm.sk\/WP\/2015\/06\/01\/som-posol-nadeje\/"},"modified":"2018-05-17T22:10:23","modified_gmt":"2018-05-17T20:10:23","slug":"som-posol-nadeje","status":"publish","type":"post","link":"https:\/\/btm.sk\/WP\/2015\/06\/01\/som-posol-nadeje\/","title":{"rendered":"SOM POSOL N\u00c1DEJE?"},"content":{"rendered":"<p><span class=\"text\">Je\u017ei\u0161 sa modlil: Dal som im Tvoje slovo a svet ich nen\u00e1videl, preto\u017ee nie s\u00fa zo sveta, tak ako ja nie som zo sveta. Nepros\u00edm, aby si ich vzal zo sveta, ale aby si ich zachoval od zl\u00e9ho&#8230; Ako si m\u0148a poslal do sveta, aj ja som ich poslal do sveta. (J\u00e1n 17,14-18)<\/span><br \/>\n<!--more--><br \/>\nSvet je pln\u00fd nevyrovnan\u00fdch bojov \u2013 v ktor\u00fdch pr\u00e1vo nem\u00e1 \u0161ancu proti nespravodlivosti, l\u00e1ska proti z\u00e1\u0161ti a nen\u00e1visti, neodp\u00fa\u0161\u0165aniu a klebet\u00e1m; v ktor\u00fdch utrpenie a boles\u0165 rast\u00fa v priamej \u00famere so sebectvom a \u013eahostajnos\u0165ou; v ktor\u00fdch tichos\u0165 a sebaovl\u00e1danie prin\u00e1\u0161aj\u00fa len posmech, preto\u017ee \u201ein\u201c je h\u00fdrenie a u\u017e\u00edvanie si \u017eivota \u201enaplno\u201c. Mo\u017eno sa n\u00e1m pri takomto vn\u00edman\u00ed sveta chce zo v\u0161etk\u00e9ho nav\u00f4kol vyc\u00fava\u0165 a, jednoducho, sa zavrie\u0165 do svojho vlastn\u00e9ho mikrosveta viery a bl\u00edzkych nie ve\u013emi n\u00e1ro\u010dn\u00fdch a konfliktn\u00fdch vz\u0165ahov.<br \/>\nLebo t\u00fa\u017eime unikn\u00fa\u0165 zo sveta, kde sa \u017eije pod\u013ea sily a v\u00fdkonu, ide sa priamo a hore a neobzer\u00e1 sa ani napravo, ani na\u013eavo. A niektor\u00ed mo\u017eno pr\u00e1ve naopak \u2013 svoj boj o \u017eivot pod\u013ea evanjelia nen\u00e1padne vzd\u00e1vaj\u00fa, preto\u017ee proti pr\u00fadu nevl\u00e1dzu \u00eds\u0165, a tak sa postupne  nechaj\u00fa strhn\u00fa\u0165 svoj\u00edm bezbo\u017en\u00fdm okol\u00edm a pomaly a nen\u00e1padne sa prisp\u00f4sobuj\u00fa tomuto svetu&#8230;<br \/>\nZ Je\u017ei\u0161ov\u00fdch slov v\u0161ak jasne vypl\u00fdva, \u017ee ani jedno toto rie\u0161enie nepredstavuje \u017eivot pod\u013ea evanjelia. A pripom\u00edna n\u00e1m, \u017ee s\u00edce nem\u00e1me by\u0165 zo sveta \u2013 prijali sme toti\u017e Je\u017ei\u0161ovho Ducha, ktor\u00fd v n\u00e1s \u017eije \u2013, av\u0161ak tento Duch chce prostredn\u00edctvom n\u00e1s vo svete p\u00f4sobi\u0165 a prin\u00e1\u0161a\u0165 ovocie, lebo svet je \u201echor\u00fd, hladn\u00fd a bez n\u00e1deje\u201c.<br \/>\nBoh n\u00e1s teda posiela do sveta a kr\u00e1\u010da po boku t\u00fdch, ktor\u00ed mu povedia svoje \u00e1no. Teraz vol\u00e1 aj teba, aby si otvoril dvere toho svojho sveta, vykro\u010dil von a rozhliadol sa, kam by si mohol prinies\u0165 trochu svetla, n\u00e1deje a radosti, kde vyprosi\u0165 pokoj a mier. A nezabudni ho po\u017eiada\u0165, aby roz\u0161\u00edril tvoje srdce pre t\u00fdch, ku ktor\u00fdm \u0165a posiela.<\/p>\n","protected":false},"excerpt":{"rendered":"<p>Je\u017ei\u0161 sa modlil: Dal som im Tvoje slovo a svet ich nen\u00e1videl, preto\u017ee nie s\u00fa zo sveta, tak ako ja nie som zo sveta. Nepros\u00edm, aby si ich vzal zo sveta, ale aby si ich zachoval od zl\u00e9ho&#8230; Ako si m\u0148a poslal do sveta, aj ja som ich poslal do sveta. (J\u00e1n 17,14-18)<\/p>\n","protected":false},"author":2,"featured_media":0,"comment_status":"closed","ping_status":"open","sticky":false,"template":"","format":"standard","meta":[],"categories":[11],"tags":[],"_links":{"self":[{"href":"https:\/\/btm.sk\/WP\/wp-json\/wp\/v2\/posts\/1893"}],"collection":[{"href":"https:\/\/btm.sk\/WP\/wp-json\/wp\/v2\/posts"}],"about":[{"href":"https:\/\/btm.sk\/WP\/wp-json\/wp\/v2\/types\/post"}],"author":[{"embeddable":true,"href":"https:\/\/btm.sk\/WP\/wp-json\/wp\/v2\/users\/2"}],"replies":[{"embeddable":true,"href":"https:\/\/btm.sk\/WP\/wp-json\/wp\/v2\/comments?post=1893"}],"version-history":[{"count":1,"href":"https:\/\/btm.sk\/WP\/wp-json\/wp\/v2\/posts\/1893\/revisions"}],"predecessor-version":[{"id":2074,"href":"https:\/\/btm.sk\/WP\/wp-json\/wp\/v2\/posts\/1893\/revisions\/2074"}],"wp:attachment":[{"href":"https:\/\/btm.sk\/WP\/wp-json\/wp\/v2\/media?parent=1893"}],"wp:term":[{"taxonomy":"category","embeddable":true,"href":"https:\/\/btm.sk\/WP\/wp-json\/wp\/v2\/categories?post=1893"},{"taxonomy":"post_tag","embeddable":true,"href":"https:\/\/btm.sk\/WP\/wp-json\/wp\/v2\/tags?post=1893"}],"curies":[{"name":"wp","href":"https:\/\/api.w.org\/{rel}","templated":true}]}}