{"id":1891,"date":"2015-06-01T13:58:57","date_gmt":"2015-06-01T11:58:57","guid":{"rendered":"http:\/\/btm.sk\/WP\/2015\/06\/01\/sme-bozie-deti\/"},"modified":"2018-05-17T22:11:07","modified_gmt":"2018-05-17T20:11:07","slug":"sme-bozie-deti","status":"publish","type":"post","link":"https:\/\/btm.sk\/WP\/2015\/06\/01\/sme-bozie-deti\/","title":{"rendered":"SME BO\u017dIE DETI"},"content":{"rendered":"<p><span class=\"text\">Niekedy sa dostaneme do situ\u00e1cie, ke\u010f n\u00e1m nie je najlep\u0161ie \u2013 nedar\u00ed sa n\u00e1m, pripad\u00e1me si menejcenn\u00ed, sme sklaman\u00ed okol\u00edm alebo aj sami sebou. V tak\u00fdch chv\u00ed\u013each n\u00e1s m\u00f4\u017eu napadn\u00fa\u0165 vtierav\u00e9 ot\u00e1zky: Kto vlastne som? Ak\u00fd maj\u00fa moje snahy v\u00f4bec zmysel? Je to v\u0161etko na nie\u010do? Z\u00e1le\u017e\u00ed na mne niekomu?<\/span><br \/>\n<!--more--><br \/>\nVtedy by sme si mali polo\u017ei\u0165 aj tak\u00e9to ot\u00e1zky: V \u010dom nach\u00e1dzam ja s\u00e1m svoju osobn\u00fa identitu? V tom, \u017ee som otec alebo matka, man\u017eel, man\u017eelka? \u00daspe\u0161n\u00fd podnikate\u013e, mana\u017e\u00e9r&#8230;? A \u010do ke\u010f sa na\u0161e vn\u00edmanie sam\u00e9ho seba odrazu zr\u00fati ako dom\u010dek z kar\u00e1t? Napr\u00edklad rozvodom, ukon\u010den\u00edm pracovn\u00e9ho pomeru, chorobou, stratou bl\u00edzkeho \u010dloveka\u2026<br \/>\nA tak si uvedomujem, \u017ee sk\u00f4r, ako som sa stal man\u017eelom \u010di rodi\u010dom, dokonca sk\u00f4r, ako som bol \u010d\u00edmko\u013evek, v \u010dom vid\u00edm svoje ja, bol som die\u0165a\u0165om Bo\u017e\u00edm. \u010co to pre m\u0148a znamen\u00e1? To, \u017ee nikdy nebudem absol\u00fatne s\u00e1m, zabudnut\u00fd a z\u00fafal\u00fd zo straty zmyslu svojho \u017eivota. Nad v\u0161etk\u00fdmi mojimi pozemsk\u00fdmi cie\u013emi je toti\u017e jeden ove\u013ea d\u00f4le\u017eitej\u0161\u00ed \u2013 cesta do domu m\u00f4jho nebesk\u00e9ho Otca!<br \/>\nBoh povedal, \u017ee sme jeho deti. A my sa m\u00f4\u017eeme neust\u00e1le, prostredn\u00edctvom modlitby, nach\u00e1dza\u0165 v jeho pr\u00edtomnosti a \u010derpa\u0165 od neho a z jeho l\u00e1sky dostatok sily a energie aj pre chv\u00edle, ke\u010f n\u00e1\u0161 \u017eivot zap\u013a\u0148aj\u00fa ne\u00faspechy a sklamania.<br \/>\nA ak teda vid\u00edm nad v\u0161etk\u00fdm t\u00fdm, \u010do je pre m\u0148a v mojom \u017eivote d\u00f4le\u017eit\u00e9 a v \u010dom nach\u00e1dzam sam\u00e9ho seba, to, \u017ee som Bo\u017e\u00edm die\u0165a\u0165om, nemus\u00edm u\u017e ma\u0165 ochromuj\u00faci pocit strachu a z\u00fafalstva. Lebo Otec je a aj bude v\u017edy so mnou \u2013 vo v\u0161etk\u00fdch radostiach, ale i p\u00e1doch. A bude so mnou nakoniec aj pri tom definit\u00edvnom p\u00e1de, ktor\u00fd \u010dak\u00e1 ka\u017ed\u00e9ho z n\u00e1s \u2013 pri p\u00e1de do smrti, ktor\u00fd je v\u0161ak s\u00fa\u010dasne aj p\u00e1dom do Otcovej n\u00e1ru\u010de\u2026<\/p>\n<p>Ako v\u0161ak vn\u00edmame svoje jedine\u010dn\u00e9 postavenie \u2013 fakt, \u017ee sme boli Bohom prijat\u00ed \u201eza vlastn\u00fdch&#8220;? Je to pre n\u00e1s v\u00fdzva k sebaistote, nez\u00e1vislosti, suverenite? Alebo to v n\u00e1s vyvol\u00e1va obavy? Obavy, \u017ee nebudeme schopn\u00ed naplni\u0165 vysok\u00e9 Bo\u017eie o\u010dak\u00e1vania? Alebo azda patr\u00edme medzi tak\u00fdch kres\u0165anov, ktor\u00fdm s\u00fa tieto slov\u00e1 \u013eahostajn\u00e9, ka\u017edodenn\u00e9mu \u017eivotu vzdialen\u00e9?<br \/>\nJe d\u00f4le\u017eit\u00e9 a zmyslupln\u00e9 polo\u017ei\u0165 si, mo\u017eno pre niekoho zdanlivo nepraktick\u00e9 ot\u00e1zky: Viem, \u017ee som Bo\u017e\u00edm MILOVAN\u00ddM die\u0165a\u0165om? Viem, \u017ee som obdarovan\u00fd Duchom Bo\u017e\u00edm? D\u00f4vernou Bo\u017eou bl\u00edzkos\u0165ou? Obdarovan\u00fd vedom\u00edm, \u017ee som Bohu naozaj drah\u00fd ako die\u0165a dobr\u00e9mu rodi\u010dovi? Ak toto v\u0161etko viem, tak m\u00f4\u017eem by\u0165:<br \/>\n&#8211; ist\u00fd, ale nie suver\u00e9nne sebaist\u00fd,<br \/>\n&#8211; svoj, ale s\u00fa\u010dasne aj Bo\u017e\u00ed,<br \/>\n&#8211; pozorn\u00fd k tomu, kam ma m\u00f4j Otec v \u017eivote smeruje,<br \/>\n&#8211; odhodlan\u00fd sa k nemu v\u017edy vr\u00e1ti\u0165, ke\u010f zbl\u00fadim,<br \/>\n&#8211; s\u00e1m \u010dasto slab\u00fd, ale s N\u00edm siln\u00fd,<br \/>\n&#8211; stojaci na vlastn\u00fdch noh\u00e1ch, ale nie s\u00e1m a opusten\u00fd, preto\u017ee On je mi st\u00e1le nabl\u00edzku.<br \/>\nA v\u010faka tomu v\u0161etk\u00e9mu potom m\u00f4\u017eem plnohodnotne kres\u0165ansky \u017ei\u0165.<\/p>\n<p>Pozrite, ak\u00fa l\u00e1sku dal n\u00e1m Otec, aby sme sa volali Bo\u017e\u00edmi de\u0165mi; a nimi aj sme. (1. List J\u00e1na 3,1)<\/p>\n<p>(A. Opatrn\u00fd, www.vira.cz)<\/p>\n","protected":false},"excerpt":{"rendered":"<p>Niekedy sa dostaneme do situ\u00e1cie, ke\u010f n\u00e1m nie je najlep\u0161ie \u2013 nedar\u00ed sa n\u00e1m, pripad\u00e1me si menejcenn\u00ed, sme sklaman\u00ed okol\u00edm alebo aj sami sebou. V tak\u00fdch chv\u00ed\u013each n\u00e1s m\u00f4\u017eu napadn\u00fa\u0165 vtierav\u00e9 ot\u00e1zky: Kto vlastne som? Ak\u00fd maj\u00fa moje snahy v\u00f4bec zmysel? Je to v\u0161etko na nie\u010do? Z\u00e1le\u017e\u00ed na mne niekomu?<\/p>\n","protected":false},"author":2,"featured_media":0,"comment_status":"closed","ping_status":"open","sticky":false,"template":"","format":"standard","meta":[],"categories":[11],"tags":[],"_links":{"self":[{"href":"https:\/\/btm.sk\/WP\/wp-json\/wp\/v2\/posts\/1891"}],"collection":[{"href":"https:\/\/btm.sk\/WP\/wp-json\/wp\/v2\/posts"}],"about":[{"href":"https:\/\/btm.sk\/WP\/wp-json\/wp\/v2\/types\/post"}],"author":[{"embeddable":true,"href":"https:\/\/btm.sk\/WP\/wp-json\/wp\/v2\/users\/2"}],"replies":[{"embeddable":true,"href":"https:\/\/btm.sk\/WP\/wp-json\/wp\/v2\/comments?post=1891"}],"version-history":[{"count":1,"href":"https:\/\/btm.sk\/WP\/wp-json\/wp\/v2\/posts\/1891\/revisions"}],"predecessor-version":[{"id":2076,"href":"https:\/\/btm.sk\/WP\/wp-json\/wp\/v2\/posts\/1891\/revisions\/2076"}],"wp:attachment":[{"href":"https:\/\/btm.sk\/WP\/wp-json\/wp\/v2\/media?parent=1891"}],"wp:term":[{"taxonomy":"category","embeddable":true,"href":"https:\/\/btm.sk\/WP\/wp-json\/wp\/v2\/categories?post=1891"},{"taxonomy":"post_tag","embeddable":true,"href":"https:\/\/btm.sk\/WP\/wp-json\/wp\/v2\/tags?post=1891"}],"curies":[{"name":"wp","href":"https:\/\/api.w.org\/{rel}","templated":true}]}}