{"id":1889,"date":"2015-06-01T13:52:50","date_gmt":"2015-06-01T11:52:50","guid":{"rendered":"http:\/\/btm.sk\/WP\/2015\/06\/01\/pramen-lasky\/"},"modified":"2018-05-17T22:11:57","modified_gmt":"2018-05-17T20:11:57","slug":"pramen-lasky","status":"publish","type":"post","link":"https:\/\/btm.sk\/WP\/2015\/06\/01\/pramen-lasky\/","title":{"rendered":"PRAME\u0147 L\u00c1SKY"},"content":{"rendered":"<p><span class=\"text\">Na svete je ve\u013ea \u013eud\u00ed, ktor\u00ed sa o Boha pr\u00edli\u0161 nezauj\u00edmaj\u00fa. Neexistuje v\u0161ak \u010dlovek, ktor\u00fd by sa nezauj\u00edmal o l\u00e1sku. Tento z\u00e1ujem b\u00fdva ob\u010das obr\u00e1ten\u00fd naruby: h\u013ead\u00e1me ju tam, kde ju nemo\u017eno n\u00e1js\u0165. A predsa sa t\u00fdmto citom zaober\u00e1me vo v\u0161etkom, \u010do rob\u00edme. Aj literat\u00fara, umenie, divadlo, film, v\u0161etko sa to\u010d\u00ed okolo nej a inak to ani nem\u00f4\u017ee by\u0165. T\u00fa\u017eba po nej je n\u00e1m vroden\u00e1, preto po nej prahneme.<\/span><br \/>\n<!--more--><br \/>\nBOH JE L\u00c1SKA. Tam, kde je l\u00e1ska, je aj Boh. Pr\u00e1ve On preb\u00fadza hlad po nej a On jedin\u00fd ho dok\u00e1\u017ee aj ut\u00ed\u0161i\u0165.<br \/>\nAj tam, kde Boh zost\u00e1va nezn\u00e1my, m\u00f4\u017ee by\u0165 l\u00e1ska medzi \u013eu\u010fmi hlbok\u00e1, pravdiv\u00e1 a vern\u00e1. Vtedy je skuto\u010dne bo\u017esk\u00e1 a m\u00e1 svoj p\u00f4vod v Bohu. \u013dudsk\u00e9 srdce ned\u00f4jde dokonal\u00e9ho pokoja, k\u00fdm nespozn\u00e1 skuto\u010dn\u00fd prame\u0148 l\u00e1sky. Tak\u00fd prame\u0148 je nevy\u010derpate\u013en\u00fd. Pr\u00e1ve jeho nekone\u010dnos\u0165 dok\u00e1\u017ee ut\u00ed\u0161i\u0165 n\u00e1\u0161 hlad. Najv\u00e4\u010d\u0161ia a najkraj\u0161ia \u013eudsk\u00e1 l\u00e1ska z\u00edska svoju prav\u00fa hodnotu iba vtedy, ak n\u00e1jde jej zdroj.<br \/>\nBoh nem\u00e1 v \u00famysle uzavrie\u0165 na\u0161e srdce pred l\u00e1skou, priate\u013estvom, nehou a bl\u00edzkos\u0165ou druh\u00fdch \u013eud\u00ed. T\u00fa\u017ei v\u0161ak otvori\u0165 na\u0161e srdce l\u00e1ske, ktor\u00e1 nehasne a neumiera, a t\u00fa n\u00e1jdeme iba v \u0148om.<br \/>\n(E. Bianchi, www.vira.cz)<\/p>\n","protected":false},"excerpt":{"rendered":"<p>Na svete je ve\u013ea \u013eud\u00ed, ktor\u00ed sa o Boha pr\u00edli\u0161 nezauj\u00edmaj\u00fa. Neexistuje v\u0161ak \u010dlovek, ktor\u00fd by sa nezauj\u00edmal o l\u00e1sku. Tento z\u00e1ujem b\u00fdva ob\u010das obr\u00e1ten\u00fd naruby: h\u013ead\u00e1me ju tam, kde ju nemo\u017eno n\u00e1js\u0165. A predsa sa t\u00fdmto citom zaober\u00e1me vo v\u0161etkom, \u010do rob\u00edme. Aj literat\u00fara, umenie, divadlo, film, v\u0161etko sa to\u010d\u00ed okolo nej a inak [&hellip;]<\/p>\n","protected":false},"author":2,"featured_media":0,"comment_status":"closed","ping_status":"open","sticky":false,"template":"","format":"standard","meta":[],"categories":[9],"tags":[],"_links":{"self":[{"href":"https:\/\/btm.sk\/WP\/wp-json\/wp\/v2\/posts\/1889"}],"collection":[{"href":"https:\/\/btm.sk\/WP\/wp-json\/wp\/v2\/posts"}],"about":[{"href":"https:\/\/btm.sk\/WP\/wp-json\/wp\/v2\/types\/post"}],"author":[{"embeddable":true,"href":"https:\/\/btm.sk\/WP\/wp-json\/wp\/v2\/users\/2"}],"replies":[{"embeddable":true,"href":"https:\/\/btm.sk\/WP\/wp-json\/wp\/v2\/comments?post=1889"}],"version-history":[{"count":1,"href":"https:\/\/btm.sk\/WP\/wp-json\/wp\/v2\/posts\/1889\/revisions"}],"predecessor-version":[{"id":2078,"href":"https:\/\/btm.sk\/WP\/wp-json\/wp\/v2\/posts\/1889\/revisions\/2078"}],"wp:attachment":[{"href":"https:\/\/btm.sk\/WP\/wp-json\/wp\/v2\/media?parent=1889"}],"wp:term":[{"taxonomy":"category","embeddable":true,"href":"https:\/\/btm.sk\/WP\/wp-json\/wp\/v2\/categories?post=1889"},{"taxonomy":"post_tag","embeddable":true,"href":"https:\/\/btm.sk\/WP\/wp-json\/wp\/v2\/tags?post=1889"}],"curies":[{"name":"wp","href":"https:\/\/api.w.org\/{rel}","templated":true}]}}