{"id":1882,"date":"2015-02-20T09:54:00","date_gmt":"2015-02-20T08:54:00","guid":{"rendered":"http:\/\/btm.sk\/WP\/2015\/02\/20\/pan-jezis-je-kral\/"},"modified":"2018-05-17T22:13:53","modified_gmt":"2018-05-17T20:13:53","slug":"pan-jezis-je-kral","status":"publish","type":"post","link":"https:\/\/btm.sk\/WP\/2015\/02\/20\/pan-jezis-je-kral\/","title":{"rendered":"P\u00c1N JE\u017dI\u0160 JE KR\u00c1\u013d"},"content":{"rendered":"<p><span class=\"text\">Preto Je\u017ei\u0161, ke\u010f poznal, \u017ee chc\u00fa pr\u00eds\u0165 a zmocni\u0165 sa Ho, aby Ho urobili kr\u00e1\u013eom, utiahol sa zase na vrch do samoty. (J\u00e1n 6,15)<\/span><br \/>\n<!--more--><br \/>\nKe\u010f chodil e\u0161te P\u00e1n Je\u017ei\u0161 ako \u010dlovek po zemi, \u013eudia ho \u010dasto obdivovali. A chceli ho aj urobi\u0165 kr\u00e1\u013eom. Ale vari nebol obdiv \u013eud\u00ed na mieste? \u010ci azda bol v tom \u010dase niekto vhodnej\u0161\u00ed na \u00falohu kr\u00e1\u013ea \u2013 vysvobodite\u013ea, po ktorom tak ve\u013emi t\u00fa\u017eili Je\u017ei\u0161ovi s\u00fa\u010dasn\u00edci? Nebolo v moci Bo\u017eej, aby sa Je\u017ei\u0161 stal kr\u00e1\u013eom a ujal sa vl\u00e1dy? Ve\u010f \u017eili v podru\u010d\u00ed R\u00edma! A v\u0161etci t\u00fa\u017eili po slobode&#8230;<br \/>\nMo\u017eno by sme boli aj my dnes radi, keby sa Je\u017ei\u0161 ujal kra\u013eovania nad cel\u00fdm svetom. Teraz a hne\u010f \u2013 namiesto v\u0161etk\u00fdch parlamentov, politikov a pochybn\u00fdch celebr\u00edt!<br \/>\nNa\u0161\u0165astie sa s Trojjedin\u00fdm Bohom ned\u00e1 manipulova\u0165. Je\u017ei\u0161 zostal vtedy a ost\u00e1va aj na\u010falej vern\u00fd Otcovej v\u00f4li a skuto\u010dnej m\u00fadrosti. Nestal sa kr\u00e1\u013eom ani starod\u00e1vnej Palest\u00edny ani sveta, no stal sa kr\u00e1\u013eom mnoh\u00fdch \u013eudsk\u00fdch s\u0155dc, ktor\u00e9 sa mu otvorili \u2013 od apo\u0161tolov a mnoh\u00fdch nezn\u00e1mych \u013eud\u00ed v minulosti a\u017e po na\u0161ich s\u00fa\u010dasn\u00edkov. Skuto\u010dne vl\u00e1dol, obohacoval ich \u017eivot a pokoroval zlo v ich srdciach. M\u00e1 teda \u0161ancu kra\u013eova\u0165 aj dnes. Nie vo svete a nad v\u0161etk\u00fdmi ako pozemsk\u00fd supervl\u00e1dca, ale v tebe, vo mne, v n\u00e1s. Tomuto kra\u013eovaniu sa nevzoprel v minulosti, ani nikdy nesk\u00f4r, ani dnes. M\u00e1 teda \u0161ancu. A \u0161ancu m\u00e1me aj my. A to je skvel\u00e1 n\u00e1dej pre n\u00e1s aj pre cel\u00fd svet.<br \/>\n(urp. pod\u013ea A. Opatrn\u00e9ho)<\/p>\n","protected":false},"excerpt":{"rendered":"<p>Preto Je\u017ei\u0161, ke\u010f poznal, \u017ee chc\u00fa pr\u00eds\u0165 a zmocni\u0165 sa Ho, aby Ho urobili kr\u00e1\u013eom, utiahol sa zase na vrch do samoty. (J\u00e1n 6,15)<\/p>\n","protected":false},"author":2,"featured_media":0,"comment_status":"closed","ping_status":"open","sticky":false,"template":"","format":"standard","meta":[],"categories":[4],"tags":[],"_links":{"self":[{"href":"https:\/\/btm.sk\/WP\/wp-json\/wp\/v2\/posts\/1882"}],"collection":[{"href":"https:\/\/btm.sk\/WP\/wp-json\/wp\/v2\/posts"}],"about":[{"href":"https:\/\/btm.sk\/WP\/wp-json\/wp\/v2\/types\/post"}],"author":[{"embeddable":true,"href":"https:\/\/btm.sk\/WP\/wp-json\/wp\/v2\/users\/2"}],"replies":[{"embeddable":true,"href":"https:\/\/btm.sk\/WP\/wp-json\/wp\/v2\/comments?post=1882"}],"version-history":[{"count":1,"href":"https:\/\/btm.sk\/WP\/wp-json\/wp\/v2\/posts\/1882\/revisions"}],"predecessor-version":[{"id":2085,"href":"https:\/\/btm.sk\/WP\/wp-json\/wp\/v2\/posts\/1882\/revisions\/2085"}],"wp:attachment":[{"href":"https:\/\/btm.sk\/WP\/wp-json\/wp\/v2\/media?parent=1882"}],"wp:term":[{"taxonomy":"category","embeddable":true,"href":"https:\/\/btm.sk\/WP\/wp-json\/wp\/v2\/categories?post=1882"},{"taxonomy":"post_tag","embeddable":true,"href":"https:\/\/btm.sk\/WP\/wp-json\/wp\/v2\/tags?post=1882"}],"curies":[{"name":"wp","href":"https:\/\/api.w.org\/{rel}","templated":true}]}}