{"id":1875,"date":"2014-11-05T00:25:14","date_gmt":"2014-11-04T23:25:14","guid":{"rendered":"http:\/\/btm.sk\/WP\/2014\/11\/05\/zivot-velky-nastenny-kalendar-2015\/"},"modified":"2018-05-17T22:15:53","modified_gmt":"2018-05-17T20:15:53","slug":"zivot-velky-nastenny-kalendar-2015","status":"publish","type":"post","link":"https:\/\/btm.sk\/WP\/2014\/11\/05\/zivot-velky-nastenny-kalendar-2015\/","title":{"rendered":"\u017dIVOT &#8211; VE\u013dK\u00dd N\u00c1STENN\u00dd KALEND\u00c1R 2015"},"content":{"rendered":"<p><span class=\"text\"><img src=\"img\/clanky\/PL34 titulka.jpg\" alt=\"\"> T\u00fdmto ve\u013ek\u00fdm obrazov\u00fdm n\u00e1stenn\u00fdm kalend\u00e1rom zahajujeme nov\u00fa ed\u00edciu, venovan\u00fa d\u00f4le\u017eit\u00fdm t\u00e9mam \u013eudsk\u00e9ho \u017eivota.<\/span><br \/>\n<!--more--><br \/>\nT\u00e9my ako <b>L\u00e1ska &#8211; Rodina &#8211; Vz\u00e1jomnos\u0165 &#8211; S\u00facit &#8211; Pokoj<\/b> sa vin\u00fa ako vodn\u00e9 rie\u010diste cel\u00fdm na\u0161\u00edm \u017eivotom. S\u00fa dni, ke\u010f je bohat\u00e9, pln\u00e9 vody, ale s\u00fa aj dni sucha. T\u00e9ma <b>\u017dIVOT<\/b> ich v\u0161etky sp\u00e1ja v jedno. Dne\u0161n\u00e1 hyperkonzumn\u00e1 doba ich vytl\u00e1\u010da na perif\u00e9riu z\u00e1ujmu. Aj preto sme sa rozhodli pripom\u00edna\u0165 si ich takouto formou.<br \/>\nVer\u00edme, \u017ee v\u00e1m bude na \u00fa\u017eitok &#8211; <b>ka\u017edodenne sa o\u010dami i srdcom \u201cdotkn\u00fa\u0165\u201d obrazov i slov, ktor\u00e9  pohladia \u013eudsk\u00fa du\u0161u<\/b>. Nech v\u00e1s tento kalend\u00e1r sprev\u00e1dza cel\u00fdm bud\u00facim rokom 2015.<br \/>\nVe\u013ekos\u0165 kalend\u00e1ra je A3 (zlo\u017een\u00fd A4). <b>Objedn\u00e1vac\u00ed k\u00f3d: PL34.<\/b><\/p>\n<p><img src=\"img\/clanky\/PL34 1.jpg\" alt=\"\"> <img src=\"img\/clanky\/PL34 2.jpg\" alt=\"\"> <\/p>\n<p><img src=\"img\/clanky\/PL34 3.jpg\" alt=\"\"> <img src=\"img\/clanky\/PL34 4.jpg\" alt=\"\"><\/p>\n<p><img src=\"img\/clanky\/PL34 5.jpg\" alt=\"\"> <img src=\"img\/clanky\/PL34 6.jpg\" alt=\"\"><\/p>\n<p><img src=\"img\/clanky\/PL34 7.jpg\" alt=\"\"> <img src=\"img\/clanky\/PL34 8.jpg\" alt=\"\"><\/p>\n<p><img src=\"img\/clanky\/PL34 9.jpg\" alt=\"\"> <img src=\"img\/clanky\/PL34 10.jpg\" alt=\"\"><\/p>\n<p><img src=\"img\/clanky\/PL34 11.jpg\" alt=\"\"> <img src=\"img\/clanky\/PL34 12.jpg\" alt=\"\"><\/p>\n<p>Okrem tohto kalend\u00e1ra v\u00e1m pon\u00fakame u\u017e n\u00e1\u0161 tradi\u010dn\u00fd poh\u013eadnicov\u00fd kalend\u00e1r 2015 ve\u013ekosti A5 <b>Viera n\u00e1s u\u010d\u00ed \u017ei\u0165 a \u017eivot n\u00e1s u\u010d\u00ed veri\u0165<\/b> s biblick\u00fdmi ver\u0161ami z Pr\u00edslov\u00ed a aforizmami Pavla Kosorina. <b>Objedn\u00e1vac\u00ed k\u00f3d: PL32<\/b><\/p>\n<p><img src=\"img\/clanky\/PL32a.jpg\" alt=\"\"> <img src=\"img\/clanky\/02.jpg\" alt=\"\"> <img src=\"img\/clanky\/04.jpg\" alt=\"\"><\/p>\n<p><img src=\"img\/clanky\/07.jpg\" alt=\"\"> <img src=\"img\/clanky\/11.jpg\" alt=\"\"> <img src=\"img\/clanky\/12.jpg\" alt=\"\"><\/p>\n","protected":false},"excerpt":{"rendered":"<p>T\u00fdmto ve\u013ek\u00fdm obrazov\u00fdm n\u00e1stenn\u00fdm kalend\u00e1rom zahajujeme nov\u00fa ed\u00edciu, venovan\u00fa d\u00f4le\u017eit\u00fdm t\u00e9mam \u013eudsk\u00e9ho \u017eivota.<\/p>\n","protected":false},"author":2,"featured_media":0,"comment_status":"closed","ping_status":"open","sticky":false,"template":"","format":"standard","meta":[],"categories":[5],"tags":[],"_links":{"self":[{"href":"https:\/\/btm.sk\/WP\/wp-json\/wp\/v2\/posts\/1875"}],"collection":[{"href":"https:\/\/btm.sk\/WP\/wp-json\/wp\/v2\/posts"}],"about":[{"href":"https:\/\/btm.sk\/WP\/wp-json\/wp\/v2\/types\/post"}],"author":[{"embeddable":true,"href":"https:\/\/btm.sk\/WP\/wp-json\/wp\/v2\/users\/2"}],"replies":[{"embeddable":true,"href":"https:\/\/btm.sk\/WP\/wp-json\/wp\/v2\/comments?post=1875"}],"version-history":[{"count":1,"href":"https:\/\/btm.sk\/WP\/wp-json\/wp\/v2\/posts\/1875\/revisions"}],"predecessor-version":[{"id":2092,"href":"https:\/\/btm.sk\/WP\/wp-json\/wp\/v2\/posts\/1875\/revisions\/2092"}],"wp:attachment":[{"href":"https:\/\/btm.sk\/WP\/wp-json\/wp\/v2\/media?parent=1875"}],"wp:term":[{"taxonomy":"category","embeddable":true,"href":"https:\/\/btm.sk\/WP\/wp-json\/wp\/v2\/categories?post=1875"},{"taxonomy":"post_tag","embeddable":true,"href":"https:\/\/btm.sk\/WP\/wp-json\/wp\/v2\/tags?post=1875"}],"curies":[{"name":"wp","href":"https:\/\/api.w.org\/{rel}","templated":true}]}}