{"id":1873,"date":"2014-11-04T13:08:52","date_gmt":"2014-11-04T12:08:52","guid":{"rendered":"http:\/\/btm.sk\/WP\/2014\/11\/04\/prosba-o-pozehnanie\/"},"modified":"2018-05-17T22:16:42","modified_gmt":"2018-05-17T20:16:42","slug":"prosba-o-pozehnanie","status":"publish","type":"post","link":"https:\/\/btm.sk\/WP\/2014\/11\/04\/prosba-o-pozehnanie\/","title":{"rendered":"PROSBA O PO\u017dEHNANIE"},"content":{"rendered":"<p><span class=\"text\">Bl\u00ed\u017ei sa advent, Vianoce a koniec roka, budeme sa zam\u00fd\u0161\u013ea\u0165 nad t\u00fdm, \u010do sme pre\u017eili, urobili, ale aj nestihli. A my v\u00e1m v tejto modlitbe chceme pripomen\u00fa\u0165, aby ste na ni\u010d nezabudli a hlavne, aby ste nemysleli len sami na seba. <\/span><br \/>\n<!--more--><br \/>\nMilosrdn\u00fd a dobr\u00fd Bo\u017ee,<br \/>\nty si prame\u0148om v\u0161etk\u00e9ho po\u017eehnania.<br \/>\nPros\u00edm \u0165a,<br \/>\npo\u017eehnaj n\u00e1m cel\u00fa t\u00fato adventn\u00fa dobu,<br \/>\nnech sa znova zacel\u00ed a zahoj\u00ed v\u0161etko,<br \/>\n\u010do sa po\u010das uplynul\u00e9ho roku pokazilo.<br \/>\nPros\u00edm \u0165a,<br \/>\npo\u017eehnaj ma aj v\u0161etk\u00fdch \u013eud\u00ed, ktor\u00ed mi le\u017eia na srdci.<br \/>\nRozprestri svoju \u017eehnaj\u00facu pravicu nad v\u0161etk\u00fdch \u013eud\u00ed.<br \/>\nPo\u017eehnaj dielo mojich r\u00fak,<br \/>\naby sa moja pr\u00e1ca stala po\u017eehnan\u00edm pre druh\u00fdch.<br \/>\nAle po\u017eehnaj aj pr\u00e1cu t\u00fdch,<br \/>\nktor\u00ed sa s l\u00e1skou a obetavos\u0165ou venuj\u00fa potrebn\u00fdm,<br \/>\nchor\u00fdm a utr\u00e1pen\u00fdm.<br \/>\nPo\u017eehnaj v\u0161etk\u00fdch,<br \/>\nktor\u00ed sa nec\u00edtia milovan\u00ed.<br \/>\nPo\u0161li im svoje po\u017eehnanie v podobe l\u00e1sky.<br \/>\nZo\u0161li svoje po\u017eehnanie v podobe n\u00e1deje<br \/>\nv\u0161etk\u00fdm z\u00fafaj\u00facim a z\u00fafal\u00fdm,<br \/>\nzo\u0161li svoje po\u017eehnanie ako nov\u00fd \u017eivot merav\u00fdm,<br \/>\nako svetlo t\u00fdm,<br \/>\nktor\u00fdm sa v srdciach zotmelo.<br \/>\nPo\u017eehnaj t\u00fdch,<br \/>\nktor\u00ed s\u00fa chor\u00ed a trpia samotou,<br \/>\naby dok\u00e1zali na\u010derpa\u0165 nov\u00fa n\u00e1dej.<br \/>\nPo\u017eehnaj umieraj\u00facich,<br \/>\naby svoj\u00edm umieran\u00edm \u017eehnali tomu,<br \/>\n\u010do mizne,<br \/>\na tak sa stali sami po\u017eehnan\u00edm pre v\u0161etk\u00fdch,<br \/>\nktor\u00ed e\u0161te \u017eij\u00fa v \u010dasnosti.<\/p>\n<p><img src=\"img\/clanky\/1.jpg\" alt=\"\"><\/p>\n<p>Po\u017eehnaj n\u00e1s v\u0161etk\u00fdch,<br \/>\naby sme sa stali po\u017eehnan\u00edm jedni druh\u00fdm.<br \/>\nNapl\u0148 svoj\u00edm po\u017eehnan\u00edm cel\u00fd svet,<br \/>\naby sme aj my dok\u00e1zali vn\u00edma\u0165 tvoj svet<br \/>\nako jedno ve\u013ek\u00e9 po\u017eehnanie.<br \/>\nDaj,<br \/>\nnech dnes v\u0161ade vn\u00edmame tvoje \u017eehnanie:<br \/>\nv tichu, v modlitbe, v stretnutiach,<br \/>\nv rozhovoroch, pri pr\u00e1ci<br \/>\na v\u00f4bec vo v\u0161etkom, \u010do pre\u017e\u00edvame.<br \/>\nPo\u017eehnaj n\u00e1m a v\u0161etk\u00fdm na\u0161im bl\u00edzkym,<br \/>\nn\u00e1\u0161 dobrotiv\u00fd a milosrdn\u00fd Bo\u017ee a Ot\u010de.<br \/>\nAmen.<\/p>\n<p>(pod\u013ea A. Gr\u00fcna)<\/p>\n","protected":false},"excerpt":{"rendered":"<p>Bl\u00ed\u017ei sa advent, Vianoce a koniec roka, budeme sa zam\u00fd\u0161\u013ea\u0165 nad t\u00fdm, \u010do sme pre\u017eili, urobili, ale aj nestihli. A my v\u00e1m v tejto modlitbe chceme pripomen\u00fa\u0165, aby ste na ni\u010d nezabudli a hlavne, aby ste nemysleli len sami na seba.<\/p>\n","protected":false},"author":2,"featured_media":0,"comment_status":"closed","ping_status":"open","sticky":false,"template":"","format":"standard","meta":[],"categories":[11],"tags":[],"_links":{"self":[{"href":"https:\/\/btm.sk\/WP\/wp-json\/wp\/v2\/posts\/1873"}],"collection":[{"href":"https:\/\/btm.sk\/WP\/wp-json\/wp\/v2\/posts"}],"about":[{"href":"https:\/\/btm.sk\/WP\/wp-json\/wp\/v2\/types\/post"}],"author":[{"embeddable":true,"href":"https:\/\/btm.sk\/WP\/wp-json\/wp\/v2\/users\/2"}],"replies":[{"embeddable":true,"href":"https:\/\/btm.sk\/WP\/wp-json\/wp\/v2\/comments?post=1873"}],"version-history":[{"count":1,"href":"https:\/\/btm.sk\/WP\/wp-json\/wp\/v2\/posts\/1873\/revisions"}],"predecessor-version":[{"id":2094,"href":"https:\/\/btm.sk\/WP\/wp-json\/wp\/v2\/posts\/1873\/revisions\/2094"}],"wp:attachment":[{"href":"https:\/\/btm.sk\/WP\/wp-json\/wp\/v2\/media?parent=1873"}],"wp:term":[{"taxonomy":"category","embeddable":true,"href":"https:\/\/btm.sk\/WP\/wp-json\/wp\/v2\/categories?post=1873"},{"taxonomy":"post_tag","embeddable":true,"href":"https:\/\/btm.sk\/WP\/wp-json\/wp\/v2\/tags?post=1873"}],"curies":[{"name":"wp","href":"https:\/\/api.w.org\/{rel}","templated":true}]}}