{"id":1870,"date":"2014-11-04T12:43:38","date_gmt":"2014-11-04T11:43:38","guid":{"rendered":"http:\/\/btm.sk\/WP\/2014\/11\/04\/cakanie-patri-k-zivotu-cloveka\/"},"modified":"2018-05-17T22:17:30","modified_gmt":"2018-05-17T20:17:30","slug":"cakanie-patri-k-zivotu-cloveka","status":"publish","type":"post","link":"https:\/\/btm.sk\/WP\/2014\/11\/04\/cakanie-patri-k-zivotu-cloveka\/","title":{"rendered":"\u010cAKANIE PATR\u00cd K \u017dIVOTU \u010cLOVEKA"},"content":{"rendered":"<p><span class=\"text\">O\u010dak\u00e1vanie je nevyhnutnou s\u00fa\u010das\u0165ou \u013eudsk\u00e9ho \u017eivota \u2013 ten, kto ni\u010d ne\u010dak\u00e1, nem\u00e1 motiv\u00e1ciu k \u017eivotu.<\/span><br \/>\n<!--more--><br \/>\n\u010cakanie v\u0161ak nie je d\u00f4vod na ne\u010dinnos\u0165, pasivitu. \u010cakanie, ku ktor\u00e9mu n\u00e1s vedie advent, je \u010dakan\u00edm na P\u00e1na. Na P\u00e1na, ktor\u00fd aj teraz prich\u00e1dza do n\u00e1\u0161ho \u017eivota rovnako, ako hocikedy v minulosti. Na P\u00e1na, ktor\u00fd je uprostred n\u00e1s ako ten, ktor\u00fd n\u00e1s svoj\u00edm slovom u\u010d\u00ed a posil\u0148uje, ktor\u00fd n\u00e1s zhroma\u017e\u010fuje, odp\u00fa\u0161\u0165a n\u00e1m, s\u00fdti n\u00e1s. Ide s nami a ide pred nami. Je uprostred n\u00e1s. Je t\u00fdm, bez koho, ak sme v neho uverili, nikdy nechceme by\u0165. A on nechce by\u0165 bez n\u00e1s \u2013 chce, aby sme boli tam, kde je aj on. Teda u Otca.<br \/>\nPreto\u017ee zdroj \u017eivota nie je v n\u00e1s, ale je v Bohu. A tento zdroj sa n\u00e1m v Je\u017ei\u0161ovi pribl\u00ed\u017eil na dosah. Ten, kto chce \u017eivot v plnosti, nem\u00f4\u017ee Je\u017ei\u0161a min\u00fa\u0165.<br \/>\nPoctiv\u00fd veriaci \u010dlovek m\u00e1va \u010dasto strach, aby z viery neurobil iba ak\u00fdsi pl\u00e1\u0161tik, zakr\u00fdvaj\u00faci jeho slabosti, lacn\u00fa \u00fatechu pre veci, ktor\u00e9 poci\u0165uje ako pr\u00edli\u0161 bo\u013eav\u00e9. P\u00fdta sa, \u010di mu viera nie je nie\u010d\u00edm, \u010do ho odv\u00e1dza z re\u00e1lneho sveta. Preto sa ost\u00fdcha \u010daka\u0165 od Boha ve\u013ea, ba v\u0161etko. A pr\u00e1ve v t\u00fato chv\u00ed\u013eu by bola jeho viera len lacnou \u00fatechou. Advent n\u00e1s vedie k o\u010dak\u00e1vaniam re\u00e1lnym, nie zdanliv\u00fdm.<\/p>\n<p>\u010caka\u0165 sa d\u00e1 najr\u00f4znej\u0161\u00edmi sp\u00f4sobmi. Netrpezlivo, ned\u00f4ver\u010divo, ustr\u00e1chane, alebo s l\u00e1skou, rados\u0165ou, n\u00e1dejou a vernos\u0165ou. Po \u010dakan\u00ed prich\u00e1dza stretnutie. D\u00f4le\u017eit\u00e9 je, ako sa \u010dlovek na tak\u00e9 stretnutie priprav\u00ed, \u010di nie\u010do o\u010dak\u00e1va, \u010di m\u00e1 \u010do poskytn\u00fa\u0165 a \u010d\u00edm posl\u00fa\u017ei\u0165.<br \/>\nAdvent n\u00e1m taktie\u017e pripom\u00edna o\u010dak\u00e1vanie &#8222;Hos\u0165a&#8220; najv\u00e1\u017eenej\u0161ieho, najcennej\u0161ieho a najvzne\u0161enej\u0161ieho. O\u010dak\u00e1vame pr\u00edchod n\u00e1\u0161ho Z\u00e1chrancu, ktor\u00fd prich\u00e1dza, aby n\u00e1m uk\u00e1zal ako \u017ei\u0165 \u017eivot l\u00e1sky, radosti a pokoja, a aby n\u00e1s k tomuto \u017eivotu vystrojil. Ako spr\u00e1vne pre\u017ei\u0165 toto obdobie n\u00e1m rad\u00ed J\u00e1n Krstite\u013e: Pok\u00e1nie \u010di\u0148te, lebo sa pribl\u00ed\u017eilo kr\u00e1\u013eovstvo nebesk\u00e9&#8230; Pripravujte P\u00e1novi cestu, vyrovn\u00e1vajte Mu chodn\u00edky.  (Mat\u00fa\u0161 3,2-3)<br \/>\n\u010c\u00edm hlb\u0161ie a pravdivej\u0161ie pre\u017eijeme adventn\u00fd \u010das, t\u00fdm radostnej\u0161ie a pln\u0161ie budeme m\u00f4c\u0165 pre\u017ei\u0165 Vianoce. Vianoce znamenaj\u00fa pr\u00edchod Svetla a L\u00e1sky na tento svet, do n\u00e1\u0161ho \u017eivota.<br \/>\nV advente si zvl\u00e1\u0161\u0165 pripom\u00edname nevyhnutnos\u0165 st\u00e1lej otvorenosti a pripravenosti pre na\u0161e stret\u00e1vanie sa s Bohom, ale aj na na\u0161e definit\u00edvne stretnutie s N\u00edm.<\/p>\n<p>Je\u017ei\u0161 k n\u00e1m prich\u00e1dza ka\u017ed\u00fd de\u0148 v r\u00f4znych podob\u00e1ch: v bl\u00ed\u017enych, v \u017eivotn\u00fdch situ\u00e1ci\u00e1ch, vo svojom Slove&#8230; Bu\u010fme preto st\u00e1le pripraven\u00ed na stretnutie s T\u00fdm, ktor\u00e9mu patr\u00ed v\u0161etka moc na nebi aj na zemi, s T\u00fdm, ktor\u00fd pozn\u00e1 radosti aj tr\u00e1penia ka\u017ed\u00e9ho z n\u00e1s, s T\u00fdm, ktor\u00e9mu na ka\u017edom z\u00e1le\u017e\u00ed, a s T\u00fdm, ktor\u00fd si ka\u017ed\u00e9ho z n\u00e1s zamiloval.<\/p>\n<p>Je\u017ei\u0161 s\u00e1m hovor\u00ed: Ajh\u013ea, stoj\u00edm pri dver\u00e1ch a klopem. Ak niekto po\u010duje m\u00f4j hlas a otvor\u00ed dvere, vojdem k nemu a budem stolova\u0165 s n\u00edm a on so mnou. (Zjavenie 3,20) Tak nezabudnime tohto hos\u0165a pozva\u0165 k na\u0161ej \u0161tedrove\u010dernej ve\u010deri&#8230;<\/p>\n","protected":false},"excerpt":{"rendered":"<p>O\u010dak\u00e1vanie je nevyhnutnou s\u00fa\u010das\u0165ou \u013eudsk\u00e9ho \u017eivota \u2013 ten, kto ni\u010d ne\u010dak\u00e1, nem\u00e1 motiv\u00e1ciu k \u017eivotu.<\/p>\n","protected":false},"author":2,"featured_media":0,"comment_status":"closed","ping_status":"open","sticky":false,"template":"","format":"standard","meta":[],"categories":[4],"tags":[],"_links":{"self":[{"href":"https:\/\/btm.sk\/WP\/wp-json\/wp\/v2\/posts\/1870"}],"collection":[{"href":"https:\/\/btm.sk\/WP\/wp-json\/wp\/v2\/posts"}],"about":[{"href":"https:\/\/btm.sk\/WP\/wp-json\/wp\/v2\/types\/post"}],"author":[{"embeddable":true,"href":"https:\/\/btm.sk\/WP\/wp-json\/wp\/v2\/users\/2"}],"replies":[{"embeddable":true,"href":"https:\/\/btm.sk\/WP\/wp-json\/wp\/v2\/comments?post=1870"}],"version-history":[{"count":1,"href":"https:\/\/btm.sk\/WP\/wp-json\/wp\/v2\/posts\/1870\/revisions"}],"predecessor-version":[{"id":2097,"href":"https:\/\/btm.sk\/WP\/wp-json\/wp\/v2\/posts\/1870\/revisions\/2097"}],"wp:attachment":[{"href":"https:\/\/btm.sk\/WP\/wp-json\/wp\/v2\/media?parent=1870"}],"wp:term":[{"taxonomy":"category","embeddable":true,"href":"https:\/\/btm.sk\/WP\/wp-json\/wp\/v2\/categories?post=1870"},{"taxonomy":"post_tag","embeddable":true,"href":"https:\/\/btm.sk\/WP\/wp-json\/wp\/v2\/tags?post=1870"}],"curies":[{"name":"wp","href":"https:\/\/api.w.org\/{rel}","templated":true}]}}