{"id":1869,"date":"2014-09-28T21:13:27","date_gmt":"2014-09-28T19:13:27","guid":{"rendered":"http:\/\/btm.sk\/WP\/2014\/09\/28\/nenechajte-sa-znechutit-politikou\/"},"modified":"2018-05-17T22:17:44","modified_gmt":"2018-05-17T20:17:44","slug":"nenechajte-sa-znechutit-politikou","status":"publish","type":"post","link":"https:\/\/btm.sk\/WP\/2014\/09\/28\/nenechajte-sa-znechutit-politikou\/","title":{"rendered":"NENECHAJTE SA ZNECHUTI\u0164 POLITIKOU!"},"content":{"rendered":"<p><span class=\"text\">Predov\u0161etk\u00fdm teda napom\u00ednam, aby sa konali prosby, modlitby, pr\u00edhovory a \u010fakovania za v\u0161etk\u00fdch \u013eud\u00ed&#8230; za v\u0161etk\u00fdch vysoko postaven\u00fdch, aby sme tich\u00fdm a pokojn\u00fdm \u017eivotom \u017eili v \u00faplnej pobo\u017enosti a stato\u010dnosti. Toto je dobr\u00e9 a pr\u00edjemn\u00e9 pred na\u0161\u00edm Spasite\u013eom Bohom, ktor\u00fd chce, aby v\u0161etci \u013eudia boli spasen\u00ed a poznali pravdu. (1. Timoteovi 2,1-4)<\/span><br \/>\n<!--more--><br \/>\n<b>Kres\u0165anov politick\u00fd postoj<\/b><\/p>\n<p>Z\u00e1kladn\u00fdm poslan\u00edm kres\u0165anov je prin\u00e1\u0161a\u0165 dobr\u00fa spr\u00e1vu o Bo\u017eej l\u00e1ske v\u0161etk\u00fdm \u013eu\u010fom v\u0161etk\u00fdch \u010dias a do ka\u017ed\u00e9ho k\u00fata sveta. Kres\u0165ania s touto zves\u0165ou pre\u0161li po\u010das dvetis\u00edc rokov r\u00f4znymi politick\u00fdmi, soci\u00e1lnymi a ekonomick\u00fdmi syst\u00e9mami. D\u00f4le\u017eit\u00e9 pre nich v\u017edy bolo, je aj bude, aby sa nezab\u00fdvali v \u017eiadnej epoche, aby nezr\u00e1stli s nejak\u00fdm konkr\u00e9tnym politick\u00fdm \u010di kult\u00farnym syst\u00e9mom, ale aby boli otvoren\u00ed st\u00e1le a pre v\u0161etk\u00fdch. Preto s\u00fa aj dnes kres\u0165ania \u013eu\u010fmi orientovan\u00fdmi \u201epravicovo\u201c aj \u201e\u013eavicovo\u201c, \u013eu\u010fmi v politike anga\u017eovan\u00fdmi i politicky nevyhranen\u00fdmi. Kres\u0165ania s\u00fa zast\u00fapen\u00ed vo v\u0161etk\u00fdch vrstv\u00e1ch spolo\u010dnosti: u\u010dia na univerzit\u00e1ch, ale \u017eij\u00fa aj ako domorodci v pralese, s\u00fa to \u013eudia bohat\u00ed aj chudobn\u00ed, kr\u00e1li, prezidenti, ale aj oby\u010dajn\u00ed \u013eudia v slumoch&#8230;<br \/>\nPo\u010das dvetis\u00edc rokov pre\u017eili r\u00f4zne re\u017eimy. V mnoh\u00fdch boli prenasledovan\u00ed, vytl\u00e1\u010dan\u00ed, mu\u010den\u00ed aj usmrten\u00ed. V\u017edy v\u0161ak boli spolutvorcovia spolo\u010dnosti. Boli aj tak\u00ed, ktor\u00ed pod\u013eahli poku\u0161eniu moci a sna\u017eili sa druh\u00fdm diktova\u0165 svoje poznanie. Av\u0161ak v\u017edy, ke\u010f sa kres\u0165ania za\u010dali spolieha\u0165 len na svoju moc a silu, alebo sa pr\u00edli\u0161 prepojili s nejak\u00fdm aktu\u00e1lnym mocensk\u00fdm syst\u00e9mom, za\u010dalo kres\u0165anstvo upada\u0165. Naopak, prekvitalo a prin\u00e1\u0161alo \u00fa\u017eitok v\u017edy, ke\u010f sa kres\u0165ania nespoliehali sami na seba, na \u013eudsk\u00fa moc, ale obracali sa k Bohu. Kres\u0165ania teda maj\u00fa s politick\u00fdmi postojmi svoje kontinu\u00e1lne dvojtis\u00edcro\u010dn\u00e9 sk\u00fasenosti&#8230;<\/p>\n<p>Dne\u0161n\u00e1 konkr\u00e9tna ot\u00e1zka znie: \u201eAko sa maj\u00fa kres\u0165ania v politike orientova\u0165 a ako sa k nej postavi\u0165?\u201c \u010ciasto\u010dnou odpove\u010fou by mohol by\u0165 \u017eivotn\u00fd osud jedn\u00e9ho z prv\u00fdch kres\u0165anov \u2013 apo\u0161tola Pavla. Pavol, p\u00f4vodn\u00fdm menom Saul bol \u010dlovek, ktor\u00fd kruto prenasledoval nov\u00fa cirkev. Dokonca bol pr\u00edtomn\u00fd na prvej verejnej poprave \u2013 ukame\u0148ovan\u00ed \u0160tefana (Skutky 7,54-60). A mo\u017eno pr\u00e1ve t\u00e1to udalos\u0165, ktor\u00e1 mnoh\u00fdch kres\u0165anov naplnila sm\u00fatkom, bola pre Pavlovu bud\u00facnos\u0165 rozhoduj\u00faca. \u0160tefan toti\u017e tesne pred svojou krutou smr\u0165ou v\u0161etk\u00fdm akt\u00e9rom popravy odpustil a modlil sa za nich. Neprekl\u00ednal, nenad\u00e1val, neur\u00e1\u017eal ich a nez\u00fafal si. Robil prav\u00fd opak. Odpustenie je prostriedok, ktor\u00fd vyslobodzuje z p\u00fat nen\u00e1visti a z\u00e1\u0161ti. A tak sa mo\u017eno Pavol, aj v\u010faka ods\u00fadencovmu postoju, mohol sta\u0165 jedn\u00fdm najv\u00e4\u010d\u0161\u00edch \u0161\u00edrite\u013eov kres\u0165anstva v dejin\u00e1ch.<br \/>\nMo\u017eno pr\u00e1ve v tejto udalosti je v\u00fdzva aj pre n\u00e1s \u2013 tv\u00e1ri v tv\u00e1r bezmocnosti vo\u010di politickej situ\u00e1cii v na\u0161ej krajine \u2013 nenad\u00e1va\u0165, neur\u00e1\u017ea\u0165, neodsudzova\u0165 a nezlore\u010di\u0165. A vytrvalo vo svojom srdci odp\u00fa\u0161\u0165a\u0165, \u017eehna\u0165, prihov\u00e1ra\u0165 sa a by\u0165 citliv\u00fdmi na Bo\u017eie volanie, aby sme videli, kam Boh vol\u00e1 alebo posiela pr\u00e1ve n\u00e1s, kde n\u00e1m ur\u010dil miesto. Neznamen\u00e1 to, \u017ee sa z na\u0161ich politikov hne\u010f stan\u00fa apo\u0161tolovia, ale budeme veri\u0165, \u017ee sa celkom ur\u010dite nie\u010do pohne a zmen\u00ed. Minim\u00e1lne v n\u00e1s sam\u00fdch. A to nie je m\u00e1lo. Preto\u017ee neexistuj\u00fa \u201emal\u00e9 role\u201c v na\u0161om \u017eivote. Liekom na stav spolo\u010dnosti toti\u017e nie s\u00fa \u201eve\u013ek\u00ed \u013eudia\u201c, ale ve\u013ek\u00fd z\u00e1stup \u201emal\u00fdch\u201c \u013eud\u00ed, ktor\u00ed prij\u00edmaj\u00fa svoje vlastn\u00e9 povolanie a poslanie a s\u00fa na svom mieste.<br \/>\nLebo celkov\u00fd \u017eivot krajiny, jej bud\u00facnos\u0165 a jej rozvoj nie je v ruk\u00e1ch vl\u00e1dy, ani parlamentu, ale v ruk\u00e1ch ob\u010danov. To nie je metafora, to nie je fikcia, preto\u017ee osud tejto krajiny v skuto\u010dnosti z\u00e1vis\u00ed od mor\u00e1lneho postoja a poctivej pr\u00e1ce oby\u010dajn\u00fdch \u013eud\u00ed. Vl\u00e1da je iba ur\u010dit\u00fd sp\u00f4sob koordin\u00e1cie a prerozde\u013eovania, ale nie je to in\u0161trument, ktor\u00fd vyjadruje a vytv\u00e1ra hodnoty&#8230;<\/p>\n<p>Kres\u0165anov politick\u00fd postoj by sa dal zhrn\u00fa\u0165 do t\u00fdchto bodov:<br \/>\n&#8211; <b>odp\u00fa\u0161\u0165a\u0165<\/b> (aj t\u00fdm, ktor\u00ed \u0161kodia spolo\u010dnosti) a ne\u017eivi\u0165 v srdci nen\u00e1vis\u0165, ale <b>zast\u00e1va\u0165 sa pravdy, pr\u00e1va a spravodlivosti<\/b><br \/>\n&#8211; <b>\u017eehna\u0165<\/b> a vytrvalo sa prihov\u00e1ra\u0165 aj za nepriate\u013eov (nenad\u00e1va\u0165 a neprekl\u00edna\u0165)<br \/>\n&#8211; <b>by\u0165 v spojen\u00ed s Kristom<\/b>, ktor\u00fd d\u00e1va silu<br \/>\n&#8211; <b>h\u013eada\u0165 a prija\u0165 svoje vlastn\u00e9 poslanie<\/b> a svoju vlastn\u00fa (hoci zdanlivo mal\u00fa) rolu v rodine, spolo\u010dnosti, cirkvi, politike\u2026 <\/p>\n<p>Na\u0161e modlitby m\u00f4\u017eu ma\u0165 r\u00f4zne formy. Ak m\u00f4\u017eete, zapojte sa pr\u00e1ve teraz do pr\u00fadu \u013eud\u00ed, ktor\u00ed jednu tak\u00fa modlitbu prin\u00e1\u0161aj\u00fa pred Bo\u017eiu tv\u00e1r:<\/p>\n<p>V\u0161emoh\u00faci, ve\u010dn\u00fd Bo\u017ee,<br \/>\n\u013eudsk\u00e9 srdcia aj \u017eivoty n\u00e1s v\u0161etk\u00fdch s\u00fa v tvojich ruk\u00e1ch;<br \/>\nve\u010f v\u0161etk\u00fdch, ktor\u00ed s\u00fa zodpovedn\u00ed za na\u0161u spolo\u010dnos\u0165 a \u0161t\u00e1t,<br \/>\naby h\u00e1jili slobodu svedomia a v\u0161etky \u013eudsk\u00e9 pr\u00e1va,<br \/>\naby prosadzovali spravodlivos\u0165 a mier<br \/>\na usilovali sa o rozvoj na\u0161ej vlasti.<br \/>\nPros\u00edme o to prostredn\u00edctom P\u00e1na Je\u017ei\u0161a Krista. Amen!<\/p>\n<p><b>Adoptujte si politika!<\/b><\/p>\n<p>Ako sme u\u017e spom\u00ednali, okrem nad\u00e1vania na politiku existuj\u00fa aj in\u00e9 mo\u017enosti, ako sa zapoji\u0165 do rie\u0161enia verejn\u00fdch vec\u00ed. Jednou z nich, ktor\u00e1 je dostupn\u00e1 \u00faplne ka\u017ed\u00e9mu (kres\u0165anovi), je mo\u017enos\u0165 vytrvalo a spolo\u010dne sa modli\u0165 za politick\u00fa situ\u00e1ciu u n\u00e1s. Vytvori\u0165 ak\u00fasi modlitebn\u00fa str\u00e1\u017e nad na\u0161imi politikmi. M\u00f4\u017eete si vybra\u0165 \u2013 adoptova\u0165 jedn\u00e9ho politika, za ktor\u00e9ho sa budete pravidelne modli\u0165. Adoptova\u0165 politika si m\u00f4\u017ee jednotlivec, rodina, spolo\u010denstvo, komunita, farnos\u0165, zbor\u2026 Motivujte \u013eud\u00ed vo svojom okol\u00ed k spolo\u010dnej a vytrvalej modlitbe za konkr\u00e9tnych politikov, ktor\u00ed ako poslanci, \u010dlenovia vl\u00e1dy a prezident rozhoduj\u00fa o z\u00e1konoch a o celkovom smerovan\u00ed na\u0161ej krajiny. Nejde o propag\u00e1ciu nejakej politickej strany, ani o presadenie politick\u00e9ho n\u00e1zoru. Ako kres\u0165ania ver\u00edme, \u017ee zjednoten\u00edm sa v modlitbe m\u00f4\u017eeme zasiahnu\u0165 do diania na Slovensku.<br \/>\nMysl\u00edme si, \u017ee t\u00fa\u017ebou Boha je, aby hodnoty kres\u0165anstva, ako je spravodlivos\u0165, \u010destnos\u0165 \u010di \u00facta k \u017eivotu, boli re\u0161pektovan\u00e9 aj v politike. A my m\u00e1me by\u0165 t\u00fdmi, ktor\u00ed uplat\u0148ovanie t\u00fdchto hodn\u00f4t od politikov o\u010dak\u00e1vaj\u00fa. Namiesto nekone\u010dn\u00e9ho kritizovania \u010di di\u0161tancovania sa od politiky chceme zauja\u0165 postoj, v ktorom sa bude odr\u00e1\u017ea\u0165 zodpovednos\u0165 za t\u00fato krajinu a za jej bud\u00facnos\u0165.<br \/>\nKampa\u0148 bola spusten\u00e1 d\u0148a 1.1.2013, v de\u0148 20. v\u00fdro\u010dia vzniku Slovenskej republiky. Viac inform\u00e1ci\u00ed n\u00e1jdete na www.adoptujsipolitika.sk<\/p>\n<p>Modli\u0165 sa m\u00f4\u017eete, napr\u00edklad, aj takto:<br \/>\nNebesk\u00fd Ot\u010de,<br \/>\nTy si P\u00e1n P\u00e1nov, Kr\u00e1\u013e kr\u00e1\u013eov a Autorita autor\u00edt,<br \/>\nPreto \u0164a chcem prosi\u0165 za \u2026&#8230;..<br \/>\nDaj mu spozna\u0165 seba ako Pravdu, ktor\u00e1 mu pom\u00f4\u017ee kr\u00e1\u010da\u0165 \u017eivotom vo Svetle.<br \/>\nDaruj mu vieru \u017eiv\u00fa a pevn\u00fa, odol\u00e1vaj\u00facu nespr\u00e1vnym n\u00e1zorom sveta.<br \/>\nObdaruj ho odvahou prin\u00e1\u0161a\u0165 spravodlivos\u0165, \u010destnos\u0165, pokoj a \u010fal\u0161ie Tvoje princ\u00edpy a hodnoty v\u0161ade tam, kde pracuje a \u017eije, h\u013eada\u0165 pravdu a pos\u00fava\u0165 ju \u010falej.<br \/>\nPom\u00f4\u017e mu by\u0165 citliv\u00fdm a vn\u00edmav\u00fdm vo\u010di potreb\u00e1m in\u00fdch \u013eud\u00ed.<br \/>\nPo\u017eehnaj aj jeho rodinu a bl\u00edzkych l\u00e1skou, pokojom a rados\u0165ou.<br \/>\nPreuk\u00e1\u017e mu, Pane, svoje ve\u013ek\u00e9 milosrdenstvo. Amen!<\/p>\n","protected":false},"excerpt":{"rendered":"<p>Predov\u0161etk\u00fdm teda napom\u00ednam, aby sa konali prosby, modlitby, pr\u00edhovory a \u010fakovania za v\u0161etk\u00fdch \u013eud\u00ed&#8230; za v\u0161etk\u00fdch vysoko postaven\u00fdch, aby sme tich\u00fdm a pokojn\u00fdm \u017eivotom \u017eili v \u00faplnej pobo\u017enosti a stato\u010dnosti. Toto je dobr\u00e9 a pr\u00edjemn\u00e9 pred na\u0161\u00edm Spasite\u013eom Bohom, ktor\u00fd chce, aby v\u0161etci \u013eudia boli spasen\u00ed a poznali pravdu. (1. Timoteovi 2,1-4)<\/p>\n","protected":false},"author":2,"featured_media":0,"comment_status":"closed","ping_status":"open","sticky":false,"template":"","format":"standard","meta":[],"categories":[11],"tags":[],"_links":{"self":[{"href":"https:\/\/btm.sk\/WP\/wp-json\/wp\/v2\/posts\/1869"}],"collection":[{"href":"https:\/\/btm.sk\/WP\/wp-json\/wp\/v2\/posts"}],"about":[{"href":"https:\/\/btm.sk\/WP\/wp-json\/wp\/v2\/types\/post"}],"author":[{"embeddable":true,"href":"https:\/\/btm.sk\/WP\/wp-json\/wp\/v2\/users\/2"}],"replies":[{"embeddable":true,"href":"https:\/\/btm.sk\/WP\/wp-json\/wp\/v2\/comments?post=1869"}],"version-history":[{"count":1,"href":"https:\/\/btm.sk\/WP\/wp-json\/wp\/v2\/posts\/1869\/revisions"}],"predecessor-version":[{"id":2098,"href":"https:\/\/btm.sk\/WP\/wp-json\/wp\/v2\/posts\/1869\/revisions\/2098"}],"wp:attachment":[{"href":"https:\/\/btm.sk\/WP\/wp-json\/wp\/v2\/media?parent=1869"}],"wp:term":[{"taxonomy":"category","embeddable":true,"href":"https:\/\/btm.sk\/WP\/wp-json\/wp\/v2\/categories?post=1869"},{"taxonomy":"post_tag","embeddable":true,"href":"https:\/\/btm.sk\/WP\/wp-json\/wp\/v2\/tags?post=1869"}],"curies":[{"name":"wp","href":"https:\/\/api.w.org\/{rel}","templated":true}]}}